{"id":16052,"date":"2015-08-02T08:30:15","date_gmt":"2015-08-02T06:30:15","guid":{"rendered":"http:\/\/thegoldenbun.com\/?p=16052"},"modified":"2017-05-22T18:58:34","modified_gmt":"2017-05-22T16:58:34","slug":"three-days-in-paris-part-iii-last-hours-at-palais-royal","status":"publish","type":"post","link":"https:\/\/thegoldenbun.com\/de\/2015\/08\/three-days-in-paris-part-iii-last-hours-at-palais-royal\/","title":{"rendered":"Drei Tage in Paris | Teil III \u2013\u00a0die letzten Stunden im Palais Royal"},"content":{"rendered":"<p><\/p>\n<div class=\"post_images\">\n  <img class=\"post_image_landscape\" src=\"http:\/\/thegoldenbun.com\/wp-content\/uploads\/2015\/07\/thegoldenbun_paris-part-three1.jpg\" style=\"height: auto; width: 1080px;\" alt=\"The Golden Bun | M\u00fcnchen Modeblog, German Fashion Blog, Fashionblogger, new trends\" \/><\/p>\n<img class=\"post_image_landscape\" src=\"http:\/\/thegoldenbun.com\/wp-content\/uploads\/2015\/07\/thegoldenbun_paris-part-three2.jpg\" style=\"height: auto; width: 1080px;\" alt=\"The Golden Bun | M\u00fcnchen Modeblog, German Fashion Blog, Fashionblogger, new trends\" \/>\n<img class=\"post_image_landscape\" src=\"http:\/\/thegoldenbun.com\/wp-content\/uploads\/2015\/07\/thegoldenbun_paris-part-three3.jpg\" style=\"height: auto; width: 1080px;\" alt=\"The Golden Bun | M\u00fcnchen Modeblog, German Fashion Blog, Fashionblogger, new trends\" \/>\n<img class=\"post_image_landscape\" src=\"http:\/\/thegoldenbun.com\/wp-content\/uploads\/2015\/07\/thegoldenbun_paris-part-three4.jpg\" style=\"height: auto; width: 1080px;\" alt=\"The Golden Bun | M\u00fcnchen Modeblog, German Fashion Blog, Fashionblogger, new trends\" \/>\n<img class=\"post_image_landscape\" src=\"http:\/\/thegoldenbun.com\/wp-content\/uploads\/2015\/07\/thegoldenbun_paris-part-three5.jpg\" style=\"height: auto; width: 1080px;\" alt=\"The Golden Bun | M\u00fcnchen Modeblog, German Fashion Blog, Fashionblogger, new trends\" \/>\n<img class=\"post_image_landscape\" src=\"http:\/\/thegoldenbun.com\/wp-content\/uploads\/2015\/07\/thegoldenbun_paris-part-three6.jpg\" style=\"height: auto; width: 1080px;\" alt=\"The Golden Bun | M\u00fcnchen Modeblog, German Fashion Blog, Fashionblogger, new trends\" \/>\n<img class=\"post_image_landscape\" src=\"http:\/\/thegoldenbun.com\/wp-content\/uploads\/2015\/07\/thegoldenbun_paris-part-three7.jpg\" style=\"height: auto; width: 1080px;\" alt=\"The Golden Bun | M\u00fcnchen Modeblog, German Fashion Blog, Fashionblogger, new trends\" \/>\n<img class=\"post_image_landscape\" src=\"http:\/\/thegoldenbun.com\/wp-content\/uploads\/2015\/07\/thegoldenbun_paris-part-three8.jpg\" style=\"height: auto; width: 1080px;\" alt=\"The Golden Bun | M\u00fcnchen Modeblog, German Fashion Blog, Fashionblogger, new trends\" \/>\n<img class=\"post_image_landscape\" src=\"http:\/\/thegoldenbun.com\/wp-content\/uploads\/2015\/07\/thegoldenbun_paris-part-three9.jpg\" style=\"height: auto; width: 1080px;\" alt=\"The Golden Bun | M\u00fcnchen Modeblog, German Fashion Blog, Fashionblogger, new trends\" \/>\n<img class=\"post_image_landscape\" src=\"http:\/\/thegoldenbun.com\/wp-content\/uploads\/2015\/07\/thegoldenbun_paris-part-three10.jpg\" style=\"height: auto; width: 1080px;\" alt=\"The Golden Bun | M\u00fcnchen Modeblog, German Fashion Blog, Fashionblogger, new trends\" \/>\n<img class=\"post_image_landscape\" src=\"http:\/\/thegoldenbun.com\/wp-content\/uploads\/2015\/07\/thegoldenbun_paris-part-three11.jpg\" style=\"height: auto; width: 1080px;\" alt=\"The Golden Bun | M\u00fcnchen Modeblog, German Fashion Blog, Fashionblogger, new trends\" \/>\n<\/div>\n<div class=\"post_text\">\n<div class=\"post_text_header\">\n<div class=\"post_text_header_headline\"><strong>Paris Juli 2015<\/strong>\n<\/div>\n<div class=\"post_text_header_credits\">Fotos \u2013 <b>moi &#038; mon Ch\u00e9ri<\/b><\/div>\n<\/p><\/div>\n<div class=\"post_text_content\">\n<div class=\"post_text_de_headline\">DE<\/div>\n<div class=\"post_text_de_content\"><strong>Paris Teil 3.<\/strong> Paris kommt mir schon so eine Weile her vor. An unserem letzten Tag hatten wir unseren Zug um 16 Uhr, sodass wir noch ein bisschen Zeit hatten. Wie ihr auf Instagram schon bemerkt habt, ist der <strong>Palais Royal<\/strong> einer meiner Lieblingsorte. W\u00e4hrend der Mittagspause war super viel los und ich stelle mir nichts sch\u00f6neres vor das jeden Tag machen zu k\u00f6nnen. Wir haben uns dann noch spontan japanisches Essen zum Mitnehmen geholt und es in der Sonne im Palais Royal genossen. Bei einem Besuch im Palais Royal darf ein <em>Erdbeersorbet<\/em> im<strong> Caf\u00e9 Kitsun\u00e9<\/strong> nat\u00fcrlich nicht fehlen \u2013 so lecker! Falls ihr bald Mal in Paris seid, besucht den Parc unbedingt, denn ein Teil davon wurde neu restauriert.<\/p>\n<p>      <i>W\u00fcnsche euch ein sch\u00f6nen Tag!<\/i>\n    <\/div>\n<\/p><\/div>\n<\/div>\n<p><\/p>","protected":false},"excerpt":{"rendered":"<p>Paris Juli 2015 Fotos \u2013 moi &#038; mon Ch\u00e9ri DE Paris Teil 3. Paris kommt mir schon so eine Weile her vor. An unserem letzten Tag hatten wir unseren Zug um 16 Uhr, sodass wir noch ein bisschen Zeit hatten. Wie ihr auf Instagram schon bemerkt habt, ist der Palais Royal einer meiner Lieblingsorte. W\u00e4hrend der Mittagspause war super viel los und ich stelle mir nichts sch\u00f6neres vor das jeden [&hellip;]<\/p>\n","protected":false},"author":1,"featured_media":16063,"comment_status":"open","ping_status":"open","sticky":false,"template":"","format":"standard","meta":{"_exactmetrics_skip_tracking":false,"_exactmetrics_sitenote_active":false,"_exactmetrics_sitenote_note":"","_exactmetrics_sitenote_category":0,"spay_email":"","jetpack_publicize_message":"","jetpack_is_tweetstorm":false,"jetpack_publicize_feature_enabled":true},"categories":[34],"tags":[444,241,915,239,445],"acf":[],"yoast_head":"<!-- This site is optimized with the Yoast SEO plugin v18.9 - https:\/\/yoast.com\/wordpress\/plugins\/seo\/ -->\n<title>Three days in Paris | Part III \u2013 last hours at Palais Royal<\/title>\n<meta name=\"description\" content=\"Our three days in Paris went by so fast. Here comes the third part with a visit to my favorite Palais Royal.\" \/>\n<meta name=\"robots\" content=\"index, follow, max-snippet:-1, max-image-preview:large, max-video-preview:-1\" \/>\n<link rel=\"canonical\" href=\"https:\/\/thegoldenbun.com\/de\/2015\/08\/three-days-in-paris-part-iii-last-hours-at-palais-royal\/\" \/>\n<meta property=\"og:locale\" content=\"de_DE\" \/>\n<meta property=\"og:type\" content=\"article\" \/>\n<meta property=\"og:title\" content=\"Three days in Paris | Part III \u2013 last hours at Palais Royal\" \/>\n<meta property=\"og:description\" content=\"Our three days in Paris went by so fast. Here comes the third part with a visit to my favorite Palais Royal.\" \/>\n<meta property=\"og:url\" content=\"https:\/\/thegoldenbun.com\/de\/2015\/08\/three-days-in-paris-part-iii-last-hours-at-palais-royal\/\" \/>\n<meta property=\"og:site_name\" content=\"The Golden Bun\" \/>\n<meta property=\"article:publisher\" content=\"http:\/\/www.facebook.com\/thegoldenbun\" \/>\n<meta property=\"article:published_time\" content=\"2015-08-02T06:30:15+00:00\" \/>\n<meta property=\"article:modified_time\" content=\"2017-05-22T16:58:34+00:00\" \/>\n<meta property=\"og:image\" content=\"https:\/\/thegoldenbun.com\/wp-content\/uploads\/2015\/07\/thegoldenbun_paris-part-three11.jpg\" \/>\n\t<meta property=\"og:image:width\" content=\"1400\" \/>\n\t<meta property=\"og:image:height\" content=\"933\" \/>\n\t<meta property=\"og:image:type\" content=\"image\/jpeg\" \/>\n<meta name=\"twitter:card\" content=\"summary\" \/>\n<meta name=\"twitter:creator\" content=\"@thegoldenbun\" \/>\n<meta name=\"twitter:site\" content=\"@thegoldenbun\" \/>\n<meta name=\"twitter:label1\" content=\"Verfasst von\" \/>\n\t<meta name=\"twitter:data1\" content=\"Vicky\" \/>\n\t<meta name=\"twitter:label2\" content=\"Gesch\u00e4tzte Lesezeit\" \/>\n\t<meta name=\"twitter:data2\" content=\"1\u00a0Minute\" \/>\n<script type=\"application\/ld+json\" class=\"yoast-schema-graph\">{\"@context\":\"https:\/\/schema.org\",\"@graph\":[{\"@type\":\"WebSite\",\"@id\":\"https:\/\/thegoldenbun.com\/#website\",\"url\":\"https:\/\/thegoldenbun.com\/\",\"name\":\"The Golden Bun\",\"description\":\"Deutscher Reiseblog \/ Modeblog \/ Lifestyleblog \/ Berlin &amp; M\u00fcnchen \/ Reise &amp; Restaurant Tipps\",\"potentialAction\":[{\"@type\":\"SearchAction\",\"target\":{\"@type\":\"EntryPoint\",\"urlTemplate\":\"https:\/\/thegoldenbun.com\/?s={search_term_string}\"},\"query-input\":\"required name=search_term_string\"}],\"inLanguage\":\"de\"},{\"@type\":\"ImageObject\",\"inLanguage\":\"de\",\"@id\":\"https:\/\/thegoldenbun.com\/de\/2015\/08\/three-days-in-paris-part-iii-last-hours-at-palais-royal\/#primaryimage\",\"url\":\"https:\/\/thegoldenbun.com\/wp-content\/uploads\/2015\/07\/thegoldenbun_paris-part-three11.jpg\",\"contentUrl\":\"https:\/\/thegoldenbun.com\/wp-content\/uploads\/2015\/07\/thegoldenbun_paris-part-three11.jpg\",\"width\":1400,\"height\":933},{\"@type\":\"WebPage\",\"@id\":\"https:\/\/thegoldenbun.com\/de\/2015\/08\/three-days-in-paris-part-iii-last-hours-at-palais-royal\/#webpage\",\"url\":\"https:\/\/thegoldenbun.com\/de\/2015\/08\/three-days-in-paris-part-iii-last-hours-at-palais-royal\/\",\"name\":\"Three days in Paris | Part III \u2013 last hours at Palais Royal\",\"isPartOf\":{\"@id\":\"https:\/\/thegoldenbun.com\/#website\"},\"primaryImageOfPage\":{\"@id\":\"https:\/\/thegoldenbun.com\/de\/2015\/08\/three-days-in-paris-part-iii-last-hours-at-palais-royal\/#primaryimage\"},\"datePublished\":\"2015-08-02T06:30:15+00:00\",\"dateModified\":\"2017-05-22T16:58:34+00:00\",\"author\":{\"@id\":\"https:\/\/thegoldenbun.com\/#\/schema\/person\/a8ed0c60451d5a883d10e21afc630268\"},\"description\":\"Our three days in Paris went by so fast. Here comes the third part with a visit to my favorite Palais Royal.\",\"breadcrumb\":{\"@id\":\"https:\/\/thegoldenbun.com\/de\/2015\/08\/three-days-in-paris-part-iii-last-hours-at-palais-royal\/#breadcrumb\"},\"inLanguage\":\"de\",\"potentialAction\":[{\"@type\":\"ReadAction\",\"target\":[\"https:\/\/thegoldenbun.com\/de\/2015\/08\/three-days-in-paris-part-iii-last-hours-at-palais-royal\/\"]}]},{\"@type\":\"BreadcrumbList\",\"@id\":\"https:\/\/thegoldenbun.com\/de\/2015\/08\/three-days-in-paris-part-iii-last-hours-at-palais-royal\/#breadcrumb\",\"itemListElement\":[{\"@type\":\"ListItem\",\"position\":1,\"name\":\"Home\",\"item\":\"https:\/\/thegoldenbun.com\/\"},{\"@type\":\"ListItem\",\"position\":2,\"name\":\"Drei Tage in Paris | Teil III \u2013\u00a0die letzten Stunden im Palais Royal\"}]},{\"@type\":\"Person\",\"@id\":\"https:\/\/thegoldenbun.com\/#\/schema\/person\/a8ed0c60451d5a883d10e21afc630268\",\"name\":\"Vicky\",\"url\":\"https:\/\/thegoldenbun.com\/de\/author\/tgb\/\"}]}<\/script>\n<!-- \/ Yoast SEO plugin. -->","yoast_head_json":{"title":"Three days in Paris | Part III \u2013 last hours at Palais Royal","description":"Our three days in Paris went by so fast. Here comes the third part with a visit to my favorite Palais Royal.","robots":{"index":"index","follow":"follow","max-snippet":"max-snippet:-1","max-image-preview":"max-image-preview:large","max-video-preview":"max-video-preview:-1"},"canonical":"https:\/\/thegoldenbun.com\/de\/2015\/08\/three-days-in-paris-part-iii-last-hours-at-palais-royal\/","og_locale":"de_DE","og_type":"article","og_title":"Three days in Paris | Part III \u2013 last hours at Palais Royal","og_description":"Our three days in Paris went by so fast. Here comes the third part with a visit to my favorite Palais Royal.","og_url":"https:\/\/thegoldenbun.com\/de\/2015\/08\/three-days-in-paris-part-iii-last-hours-at-palais-royal\/","og_site_name":"The Golden Bun","article_publisher":"http:\/\/www.facebook.com\/thegoldenbun","article_published_time":"2015-08-02T06:30:15+00:00","article_modified_time":"2017-05-22T16:58:34+00:00","og_image":[{"width":1400,"height":933,"url":"https:\/\/thegoldenbun.com\/wp-content\/uploads\/2015\/07\/thegoldenbun_paris-part-three11.jpg","type":"image\/jpeg"}],"twitter_card":"summary","twitter_creator":"@thegoldenbun","twitter_site":"@thegoldenbun","twitter_misc":{"Verfasst von":"Vicky","Gesch\u00e4tzte Lesezeit":"1\u00a0Minute"},"schema":{"@context":"https:\/\/schema.org","@graph":[{"@type":"WebSite","@id":"https:\/\/thegoldenbun.com\/#website","url":"https:\/\/thegoldenbun.com\/","name":"The Golden Bun","description":"Deutscher Reiseblog \/ Modeblog \/ Lifestyleblog \/ Berlin &amp; M\u00fcnchen \/ Reise &amp; Restaurant Tipps","potentialAction":[{"@type":"SearchAction","target":{"@type":"EntryPoint","urlTemplate":"https:\/\/thegoldenbun.com\/?s={search_term_string}"},"query-input":"required name=search_term_string"}],"inLanguage":"de"},{"@type":"ImageObject","inLanguage":"de","@id":"https:\/\/thegoldenbun.com\/de\/2015\/08\/three-days-in-paris-part-iii-last-hours-at-palais-royal\/#primaryimage","url":"https:\/\/thegoldenbun.com\/wp-content\/uploads\/2015\/07\/thegoldenbun_paris-part-three11.jpg","contentUrl":"https:\/\/thegoldenbun.com\/wp-content\/uploads\/2015\/07\/thegoldenbun_paris-part-three11.jpg","width":1400,"height":933},{"@type":"WebPage","@id":"https:\/\/thegoldenbun.com\/de\/2015\/08\/three-days-in-paris-part-iii-last-hours-at-palais-royal\/#webpage","url":"https:\/\/thegoldenbun.com\/de\/2015\/08\/three-days-in-paris-part-iii-last-hours-at-palais-royal\/","name":"Three days in Paris | Part III \u2013 last hours at Palais Royal","isPartOf":{"@id":"https:\/\/thegoldenbun.com\/#website"},"primaryImageOfPage":{"@id":"https:\/\/thegoldenbun.com\/de\/2015\/08\/three-days-in-paris-part-iii-last-hours-at-palais-royal\/#primaryimage"},"datePublished":"2015-08-02T06:30:15+00:00","dateModified":"2017-05-22T16:58:34+00:00","author":{"@id":"https:\/\/thegoldenbun.com\/#\/schema\/person\/a8ed0c60451d5a883d10e21afc630268"},"description":"Our three days in Paris went by so fast. Here comes the third part with a visit to my favorite Palais Royal.","breadcrumb":{"@id":"https:\/\/thegoldenbun.com\/de\/2015\/08\/three-days-in-paris-part-iii-last-hours-at-palais-royal\/#breadcrumb"},"inLanguage":"de","potentialAction":[{"@type":"ReadAction","target":["https:\/\/thegoldenbun.com\/de\/2015\/08\/three-days-in-paris-part-iii-last-hours-at-palais-royal\/"]}]},{"@type":"BreadcrumbList","@id":"https:\/\/thegoldenbun.com\/de\/2015\/08\/three-days-in-paris-part-iii-last-hours-at-palais-royal\/#breadcrumb","itemListElement":[{"@type":"ListItem","position":1,"name":"Home","item":"https:\/\/thegoldenbun.com\/"},{"@type":"ListItem","position":2,"name":"Drei Tage in Paris | Teil III \u2013\u00a0die letzten Stunden im Palais Royal"}]},{"@type":"Person","@id":"https:\/\/thegoldenbun.com\/#\/schema\/person\/a8ed0c60451d5a883d10e21afc630268","name":"Vicky","url":"https:\/\/thegoldenbun.com\/de\/author\/tgb\/"}]}},"jetpack_featured_media_url":"https:\/\/thegoldenbun.com\/wp-content\/uploads\/2015\/07\/thegoldenbun_paris-part-three11.jpg","jetpack_publicize_connections":[],"jetpack_sharing_enabled":true,"_links":{"self":[{"href":"https:\/\/thegoldenbun.com\/de\/wp-json\/wp\/v2\/posts\/16052"}],"collection":[{"href":"https:\/\/thegoldenbun.com\/de\/wp-json\/wp\/v2\/posts"}],"about":[{"href":"https:\/\/thegoldenbun.com\/de\/wp-json\/wp\/v2\/types\/post"}],"author":[{"embeddable":true,"href":"https:\/\/thegoldenbun.com\/de\/wp-json\/wp\/v2\/users\/1"}],"replies":[{"embeddable":true,"href":"https:\/\/thegoldenbun.com\/de\/wp-json\/wp\/v2\/comments?post=16052"}],"version-history":[{"count":0,"href":"https:\/\/thegoldenbun.com\/de\/wp-json\/wp\/v2\/posts\/16052\/revisions"}],"wp:featuredmedia":[{"embeddable":true,"href":"https:\/\/thegoldenbun.com\/de\/wp-json\/wp\/v2\/media\/16063"}],"wp:attachment":[{"href":"https:\/\/thegoldenbun.com\/de\/wp-json\/wp\/v2\/media?parent=16052"}],"wp:term":[{"taxonomy":"category","embeddable":true,"href":"https:\/\/thegoldenbun.com\/de\/wp-json\/wp\/v2\/categories?post=16052"},{"taxonomy":"post_tag","embeddable":true,"href":"https:\/\/thegoldenbun.com\/de\/wp-json\/wp\/v2\/tags?post=16052"}],"curies":[{"name":"wp","href":"https:\/\/api.w.org\/{rel}","templated":true}]}}