{"id":161,"date":"2014-11-24T09:45:00","date_gmt":"2014-11-24T08:45:00","guid":{"rendered":"http:\/\/thegoldenbun.net\/%e2%98%85-holiday-season-advent-wreath-and-silver-deer-%e2%98%85"},"modified":"2017-07-14T14:57:48","modified_gmt":"2017-07-14T12:57:48","slug":"%e2%98%85-holiday-season-advent-wreath-and-silver-deer-%e2%98%85","status":"publish","type":"post","link":"https:\/\/thegoldenbun.com\/de\/2014\/11\/%e2%98%85-holiday-season-advent-wreath-and-silver-deer-%e2%98%85\/","title":{"rendered":"\u2605 Holiday season \/\/ Advent wreath and silver deer \u2605"},"content":{"rendered":"<p>{Advertisement \/ Anzeige<a href=\"http:\/\/thegoldenbun.com\/advertisement\/\" target=\"_blank\">*<\/a>}<\/p>\n<div dir=\"ltr\" style=\"text-align: left;\"><img alt=\"Christmas decoration, Advent wreath, Weihnachtsdekoration, Teelichter, Adventskalender, Adventskalender-Inspiration, Adventskalender Inspiration, Hirsch, silberner Hirsch, Dekoration, Interior, Home\" src=\"http:\/\/thegoldenbun.net\/wp-content\/uploads\/2014\/11\/alpenwelt1.jpg\" style=\"height: auto; width: 1080px;\" \/><\/p>\n<div style=\"text-align: center;\"><img alt=\"Christmas decoration, Advent wreath, Weihnachtsdekoration, Teelichter, Adventskalender, Adventskalender-Inspiration, Adventskalender Inspiration, Hirsch, silberner Hirsch, Dekoration, Interior, Home\" src=\"http:\/\/thegoldenbun.net\/wp-content\/uploads\/2014\/11\/alpenwelt2.jpg\" style=\"color: white; height: auto; width: 525px;\" \/>&nbsp; &nbsp; &nbsp; &nbsp; <img alt=\"Christmas decoration, Advent wreath, Weihnachtsdekoration, Teelichter, Adventskalender, Adventskalender-Inspiration, Adventskalender Inspiration, Hirsch, silberner Hirsch, Dekoration, Interior, Home\" src=\"http:\/\/thegoldenbun.net\/wp-content\/uploads\/2014\/11\/alpenwelt3.jpg\" style=\"color: white; height: auto; width: 525px;\" \/>&nbsp; &nbsp;&nbsp;<\/div>\n<img alt=\"Christmas decoration, Advent wreath, Weihnachtsdekoration, Teelichter, Adventskalender, Adventskalender-Inspiration, Adventskalender Inspiration, Hirsch, silberner Hirsch, Dekoration, Interior, Home\" src=\"http:\/\/thegoldenbun.net\/wp-content\/uploads\/2014\/11\/alpenwelt4-1.jpg\" style=\"height: auto; width: 1080px;\" \/>\n<div>\n<div class=\"post_text_en\">EN \u2013 <b>Adventwreath<\/b>. Oh yes, it is beginning to look a lot like Christmas! Munich is already prepping decorated the Holiday Season, which I showed you <a href=\"http:\/\/instagram.com\/p\/vtQwaTTgTL\/?modal=true\" rel=\"nofollow\">here on Instagram<\/a>. I kind of forgot about the advent wreath the past years and had to get one at least this year. I love to keep it simple and found these cute lanter set on <span style=\"color: #dca500;\">Alpenwelt-Versand<\/span>. Don&#8217;t worry when opening the page and you&#8217;ll only find dirndls \u2013 they have lots of home decor as well. This cute silver deer had to be bought as well.<br \/><i>Wish you a wonderful day &amp; more tomorrow!<\/i><\/div>\n\n<div class=\"post_text_de\">DE \u2013 <b>Adventskranz<\/b>. Oh ja, es weihnachtet schon sehr im Hause <i>The Golden Bun<\/i>! M\u00fcnchen bereitet sich schon f\u00fcr das Heilige Fest vor, wie ich euch <a href=\"http:\/\/instagram.com\/p\/vtQwaTTgTL\/?modal=true\" rel=\"nofollow\">hier<\/a> gezeigt habe und hat mich mit dem Deko-Fieber angesteckt. Die letzten Jahre habe ich st\u00e4ndig den Adventskranz vergessen und wollte dieses Jahr unbedingt wieder einen. Gl\u00fccklicherweise habe ich dann dieses s\u00fc\u00dfe Teelichter-Set bei <a href=\"http:\/\/www.alpenwelt-versand.com\/\">Alpenwelt-Versand<\/a> gefunden. Keine Angst, wenn ihr beim ersten Mal auf dem Shop nur Dirndln seht \u2013 sie haben auch eine super Dekorationen-Abteilung. Urspr\u00fcnglich wollte ich das Set nicht daf\u00fcr verwenden, aber sieht doch super aus. Ein bisschen verspielt darf es dann an Weihnachten dann doch sein. Und der s\u00fc\u00dfe Hirsch musste dann auch noch in den Warenkorb.<br \/><i>W\u00fcnsche euch einen sch\u00f6nen Tag &amp; mehr gibt es morgen!<\/i><\/div>\n<\/div>\n<div>lantern set \u2013 <b>Alpenwelt-Versand<\/b><i> (<a href=\"https:\/\/www.alpenwelt-versand.com\/suche\/windlicht-set.html?tr=t1&amp;ms=1\" rel=\"nofollow\">more here<\/a>)<\/i><br \/>deer \u2013 <b>Alpenwelt-Versand&nbsp;<\/b><i>(<a href=\"http:\/\/www.alpenwelt-versand.com\/product?articleId=75619287&amp;canonical=true&amp;opt=article\" rel=\"nofollow\">get it here<\/a>)<\/i><\/p>\n<p><i>*in freundlicher Zusammenarbeit mit Alpenwelt-Versand<\/i><\/p>\n<p>photos \u2013 <b>me<\/b><\/div>\n<\/div>\n","protected":false},"excerpt":{"rendered":"<p>{Advertisement \/ Anzeige*} &nbsp; &nbsp; &nbsp; &nbsp; &nbsp; &nbsp;&nbsp; EN \u2013 Adventwreath. Oh yes, it is beginning to look a lot like Christmas! Munich is already prepping decorated the Holiday Season, which I showed you here on Instagram. I kind of forgot about the advent wreath the past years and had to get one at least this year. I love to keep it simple and found these cute lanter set [&hellip;]<\/p>\n","protected":false},"author":1,"featured_media":1878,"comment_status":"open","ping_status":"open","sticky":false,"template":"","format":"standard","meta":{"_exactmetrics_skip_tracking":false,"_exactmetrics_sitenote_active":false,"_exactmetrics_sitenote_note":"","_exactmetrics_sitenote_category":0,"spay_email":"","jetpack_publicize_message":"","jetpack_is_tweetstorm":false,"jetpack_publicize_feature_enabled":true},"categories":[39],"tags":[],"acf":[],"yoast_head":"<!-- This site is optimized with the Yoast SEO plugin v18.9 - https:\/\/yoast.com\/wordpress\/plugins\/seo\/ -->\n<title>\u2605 Holiday season \/\/ Advent wreath and silver deer \u2605 - The Golden Bun<\/title>\n<meta name=\"robots\" content=\"index, follow, max-snippet:-1, max-image-preview:large, max-video-preview:-1\" \/>\n<link rel=\"canonical\" href=\"https:\/\/thegoldenbun.com\/de\/2014\/11\/\u2605-holiday-season-advent-wreath-and-silver-deer-\u2605\/\" \/>\n<meta property=\"og:locale\" content=\"de_DE\" \/>\n<meta property=\"og:type\" content=\"article\" \/>\n<meta property=\"og:title\" content=\"\u2605 Holiday season \/\/ Advent wreath and silver deer \u2605 - The Golden Bun\" \/>\n<meta property=\"og:description\" content=\"{Advertisement \/ Anzeige*} &nbsp; &nbsp; &nbsp; &nbsp; &nbsp; &nbsp;&nbsp; EN \u2013 Adventwreath. Oh yes, it is beginning to look a lot like Christmas! Munich is already prepping decorated the Holiday Season, which I showed you here on Instagram. I kind of forgot about the advent wreath the past years and had to get one at least this year. I love to keep it simple and found these cute lanter set [&hellip;]\" \/>\n<meta property=\"og:url\" content=\"https:\/\/thegoldenbun.com\/de\/2014\/11\/\u2605-holiday-season-advent-wreath-and-silver-deer-\u2605\/\" \/>\n<meta property=\"og:site_name\" content=\"The Golden Bun\" \/>\n<meta property=\"article:publisher\" content=\"http:\/\/www.facebook.com\/thegoldenbun\" \/>\n<meta property=\"article:published_time\" content=\"2014-11-24T08:45:00+00:00\" \/>\n<meta property=\"article:modified_time\" content=\"2017-07-14T12:57:48+00:00\" \/>\n<meta property=\"og:image\" content=\"https:\/\/thegoldenbun.com\/wp-content\/uploads\/2014\/11\/alpenwelt1.jpg\" \/>\n\t<meta property=\"og:image:width\" content=\"800\" \/>\n\t<meta property=\"og:image:height\" content=\"533\" \/>\n\t<meta property=\"og:image:type\" content=\"image\/jpeg\" \/>\n<meta name=\"twitter:card\" content=\"summary\" \/>\n<meta name=\"twitter:creator\" content=\"@thegoldenbun\" \/>\n<meta name=\"twitter:site\" content=\"@thegoldenbun\" \/>\n<meta name=\"twitter:label1\" content=\"Verfasst von\" \/>\n\t<meta name=\"twitter:data1\" content=\"Vicky\" \/>\n\t<meta name=\"twitter:label2\" content=\"Gesch\u00e4tzte Lesezeit\" \/>\n\t<meta name=\"twitter:data2\" content=\"1\u00a0Minute\" \/>\n<script type=\"application\/ld+json\" class=\"yoast-schema-graph\">{\"@context\":\"https:\/\/schema.org\",\"@graph\":[{\"@type\":\"WebSite\",\"@id\":\"https:\/\/thegoldenbun.com\/#website\",\"url\":\"https:\/\/thegoldenbun.com\/\",\"name\":\"The Golden Bun\",\"description\":\"Deutscher Reiseblog \/ Modeblog \/ Lifestyleblog \/ Berlin &amp; M\u00fcnchen \/ Reise &amp; Restaurant Tipps\",\"potentialAction\":[{\"@type\":\"SearchAction\",\"target\":{\"@type\":\"EntryPoint\",\"urlTemplate\":\"https:\/\/thegoldenbun.com\/?s={search_term_string}\"},\"query-input\":\"required name=search_term_string\"}],\"inLanguage\":\"de\"},{\"@type\":\"ImageObject\",\"inLanguage\":\"de\",\"@id\":\"https:\/\/thegoldenbun.com\/de\/2014\/11\/%e2%98%85-holiday-season-advent-wreath-and-silver-deer-%e2%98%85\/#primaryimage\",\"url\":\"https:\/\/thegoldenbun.com\/wp-content\/uploads\/2014\/11\/alpenwelt1.jpg\",\"contentUrl\":\"https:\/\/thegoldenbun.com\/wp-content\/uploads\/2014\/11\/alpenwelt1.jpg\",\"width\":800,\"height\":533},{\"@type\":\"WebPage\",\"@id\":\"https:\/\/thegoldenbun.com\/de\/2014\/11\/%e2%98%85-holiday-season-advent-wreath-and-silver-deer-%e2%98%85\/#webpage\",\"url\":\"https:\/\/thegoldenbun.com\/de\/2014\/11\/%e2%98%85-holiday-season-advent-wreath-and-silver-deer-%e2%98%85\/\",\"name\":\"\u2605 Holiday season \/\/ Advent wreath and silver deer \u2605 - The Golden Bun\",\"isPartOf\":{\"@id\":\"https:\/\/thegoldenbun.com\/#website\"},\"primaryImageOfPage\":{\"@id\":\"https:\/\/thegoldenbun.com\/de\/2014\/11\/%e2%98%85-holiday-season-advent-wreath-and-silver-deer-%e2%98%85\/#primaryimage\"},\"datePublished\":\"2014-11-24T08:45:00+00:00\",\"dateModified\":\"2017-07-14T12:57:48+00:00\",\"author\":{\"@id\":\"https:\/\/thegoldenbun.com\/#\/schema\/person\/a8ed0c60451d5a883d10e21afc630268\"},\"breadcrumb\":{\"@id\":\"https:\/\/thegoldenbun.com\/de\/2014\/11\/%e2%98%85-holiday-season-advent-wreath-and-silver-deer-%e2%98%85\/#breadcrumb\"},\"inLanguage\":\"de\",\"potentialAction\":[{\"@type\":\"ReadAction\",\"target\":[\"https:\/\/thegoldenbun.com\/de\/2014\/11\/%e2%98%85-holiday-season-advent-wreath-and-silver-deer-%e2%98%85\/\"]}]},{\"@type\":\"BreadcrumbList\",\"@id\":\"https:\/\/thegoldenbun.com\/de\/2014\/11\/%e2%98%85-holiday-season-advent-wreath-and-silver-deer-%e2%98%85\/#breadcrumb\",\"itemListElement\":[{\"@type\":\"ListItem\",\"position\":1,\"name\":\"Home\",\"item\":\"https:\/\/thegoldenbun.com\/\"},{\"@type\":\"ListItem\",\"position\":2,\"name\":\"\u2605 Holiday season \/\/ Advent wreath and silver deer \u2605\"}]},{\"@type\":\"Person\",\"@id\":\"https:\/\/thegoldenbun.com\/#\/schema\/person\/a8ed0c60451d5a883d10e21afc630268\",\"name\":\"Vicky\",\"url\":\"https:\/\/thegoldenbun.com\/de\/author\/tgb\/\"}]}<\/script>\n<!-- \/ Yoast SEO plugin. -->","yoast_head_json":{"title":"\u2605 Holiday season \/\/ Advent wreath and silver deer \u2605 - The Golden Bun","robots":{"index":"index","follow":"follow","max-snippet":"max-snippet:-1","max-image-preview":"max-image-preview:large","max-video-preview":"max-video-preview:-1"},"canonical":"https:\/\/thegoldenbun.com\/de\/2014\/11\/\u2605-holiday-season-advent-wreath-and-silver-deer-\u2605\/","og_locale":"de_DE","og_type":"article","og_title":"\u2605 Holiday season \/\/ Advent wreath and silver deer \u2605 - The Golden Bun","og_description":"{Advertisement \/ Anzeige*} &nbsp; &nbsp; &nbsp; &nbsp; &nbsp; &nbsp;&nbsp; EN \u2013 Adventwreath. Oh yes, it is beginning to look a lot like Christmas! Munich is already prepping decorated the Holiday Season, which I showed you here on Instagram. I kind of forgot about the advent wreath the past years and had to get one at least this year. I love to keep it simple and found these cute lanter set [&hellip;]","og_url":"https:\/\/thegoldenbun.com\/de\/2014\/11\/\u2605-holiday-season-advent-wreath-and-silver-deer-\u2605\/","og_site_name":"The Golden Bun","article_publisher":"http:\/\/www.facebook.com\/thegoldenbun","article_published_time":"2014-11-24T08:45:00+00:00","article_modified_time":"2017-07-14T12:57:48+00:00","og_image":[{"width":800,"height":533,"url":"https:\/\/thegoldenbun.com\/wp-content\/uploads\/2014\/11\/alpenwelt1.jpg","type":"image\/jpeg"}],"twitter_card":"summary","twitter_creator":"@thegoldenbun","twitter_site":"@thegoldenbun","twitter_misc":{"Verfasst von":"Vicky","Gesch\u00e4tzte Lesezeit":"1\u00a0Minute"},"schema":{"@context":"https:\/\/schema.org","@graph":[{"@type":"WebSite","@id":"https:\/\/thegoldenbun.com\/#website","url":"https:\/\/thegoldenbun.com\/","name":"The Golden Bun","description":"Deutscher Reiseblog \/ Modeblog \/ Lifestyleblog \/ Berlin &amp; M\u00fcnchen \/ Reise &amp; Restaurant Tipps","potentialAction":[{"@type":"SearchAction","target":{"@type":"EntryPoint","urlTemplate":"https:\/\/thegoldenbun.com\/?s={search_term_string}"},"query-input":"required name=search_term_string"}],"inLanguage":"de"},{"@type":"ImageObject","inLanguage":"de","@id":"https:\/\/thegoldenbun.com\/de\/2014\/11\/%e2%98%85-holiday-season-advent-wreath-and-silver-deer-%e2%98%85\/#primaryimage","url":"https:\/\/thegoldenbun.com\/wp-content\/uploads\/2014\/11\/alpenwelt1.jpg","contentUrl":"https:\/\/thegoldenbun.com\/wp-content\/uploads\/2014\/11\/alpenwelt1.jpg","width":800,"height":533},{"@type":"WebPage","@id":"https:\/\/thegoldenbun.com\/de\/2014\/11\/%e2%98%85-holiday-season-advent-wreath-and-silver-deer-%e2%98%85\/#webpage","url":"https:\/\/thegoldenbun.com\/de\/2014\/11\/%e2%98%85-holiday-season-advent-wreath-and-silver-deer-%e2%98%85\/","name":"\u2605 Holiday season \/\/ Advent wreath and silver deer \u2605 - The Golden Bun","isPartOf":{"@id":"https:\/\/thegoldenbun.com\/#website"},"primaryImageOfPage":{"@id":"https:\/\/thegoldenbun.com\/de\/2014\/11\/%e2%98%85-holiday-season-advent-wreath-and-silver-deer-%e2%98%85\/#primaryimage"},"datePublished":"2014-11-24T08:45:00+00:00","dateModified":"2017-07-14T12:57:48+00:00","author":{"@id":"https:\/\/thegoldenbun.com\/#\/schema\/person\/a8ed0c60451d5a883d10e21afc630268"},"breadcrumb":{"@id":"https:\/\/thegoldenbun.com\/de\/2014\/11\/%e2%98%85-holiday-season-advent-wreath-and-silver-deer-%e2%98%85\/#breadcrumb"},"inLanguage":"de","potentialAction":[{"@type":"ReadAction","target":["https:\/\/thegoldenbun.com\/de\/2014\/11\/%e2%98%85-holiday-season-advent-wreath-and-silver-deer-%e2%98%85\/"]}]},{"@type":"BreadcrumbList","@id":"https:\/\/thegoldenbun.com\/de\/2014\/11\/%e2%98%85-holiday-season-advent-wreath-and-silver-deer-%e2%98%85\/#breadcrumb","itemListElement":[{"@type":"ListItem","position":1,"name":"Home","item":"https:\/\/thegoldenbun.com\/"},{"@type":"ListItem","position":2,"name":"\u2605 Holiday season \/\/ Advent wreath and silver deer \u2605"}]},{"@type":"Person","@id":"https:\/\/thegoldenbun.com\/#\/schema\/person\/a8ed0c60451d5a883d10e21afc630268","name":"Vicky","url":"https:\/\/thegoldenbun.com\/de\/author\/tgb\/"}]}},"jetpack_featured_media_url":"https:\/\/thegoldenbun.com\/wp-content\/uploads\/2014\/11\/alpenwelt1.jpg","jetpack_publicize_connections":[],"jetpack_sharing_enabled":true,"_links":{"self":[{"href":"https:\/\/thegoldenbun.com\/de\/wp-json\/wp\/v2\/posts\/161"}],"collection":[{"href":"https:\/\/thegoldenbun.com\/de\/wp-json\/wp\/v2\/posts"}],"about":[{"href":"https:\/\/thegoldenbun.com\/de\/wp-json\/wp\/v2\/types\/post"}],"author":[{"embeddable":true,"href":"https:\/\/thegoldenbun.com\/de\/wp-json\/wp\/v2\/users\/1"}],"replies":[{"embeddable":true,"href":"https:\/\/thegoldenbun.com\/de\/wp-json\/wp\/v2\/comments?post=161"}],"version-history":[{"count":0,"href":"https:\/\/thegoldenbun.com\/de\/wp-json\/wp\/v2\/posts\/161\/revisions"}],"wp:featuredmedia":[{"embeddable":true,"href":"https:\/\/thegoldenbun.com\/de\/wp-json\/wp\/v2\/media\/1878"}],"wp:attachment":[{"href":"https:\/\/thegoldenbun.com\/de\/wp-json\/wp\/v2\/media?parent=161"}],"wp:term":[{"taxonomy":"category","embeddable":true,"href":"https:\/\/thegoldenbun.com\/de\/wp-json\/wp\/v2\/categories?post=161"},{"taxonomy":"post_tag","embeddable":true,"href":"https:\/\/thegoldenbun.com\/de\/wp-json\/wp\/v2\/tags?post=161"}],"curies":[{"name":"wp","href":"https:\/\/api.w.org\/{rel}","templated":true}]}}