{"id":16990,"date":"2015-09-12T08:00:48","date_gmt":"2015-09-12T06:00:48","guid":{"rendered":"http:\/\/thegoldenbun.com\/?p=16990"},"modified":"2017-08-21T10:37:41","modified_gmt":"2017-08-21T08:37:41","slug":"oktoberfest-hair-styling-with-haarwerk-x-ingolstadt-village-video","status":"publish","type":"post","link":"https:\/\/thegoldenbun.com\/de\/2015\/09\/oktoberfest-hair-styling-with-haarwerk-x-ingolstadt-village-video\/","title":{"rendered":"Oktoberfest Frisuren Inspiration mit <b>HaarWerk x Ingolstadt Village<\/b> <em>{+video}<\/em>"},"content":{"rendered":"<p><\/p>\n<p style=\"text-align: center;\">Advertisement \/ Anzeige<a href=\"http:\/\/thegoldenbun.com\/advertisement\/\" target=\"_blank\" rel=\"noopener noreferrer\">*<\/a><\/p>\n<div class=\"post_images\">\n  <img class=\"post_image_landscape\" src=\"http:\/\/thegoldenbun.com\/wp-content\/uploads\/2015\/09\/sportalm-dirndl1.jpg\" style=\"height: auto; width: 1080px;\" alt=\"Sportalm Dirndl Ingolstadt Village, Haarwerk M\u00fcnchen\" \/><\/div>\n<div class=\"post_text\">\n<div class=\"post_text_content\">\n<div class=\"post_text_de_headline\">DE<\/div>\n<div class=\"post_text_de_content\"><strong>Wiesn-Special.<\/strong> Dieses Jahr ist die Vorfreude auf das Oktoberfest hier auf dem Blog umso gr\u00f6\u00dfer. Neben dem heutigen Post habe ich noch ein Dirndl in petto, das ich euch bald noch zeigen werde. Letzte Woche flatterte noch spontan <strong>ein Wiesn-Styling<\/strong> in Zusammenarbeit mit <strong>HaarWerk<\/strong> und <strong>Ingolstadt Village<\/strong> herein.<\/p>\n<p>Erst neulich war ich im Ingolstadt Village und habe dort schon die <strong>h\u00fcbschen Sportalm Dirndl<\/strong> bewundert. Au\u00dferdem haben sie auch <strong>Wiesnk\u00f6nig Dirndln<\/strong>, die Irina f\u00fcr ihre Looks w\u00e4hlte. Die Outlet-Preise waren wirklich gut und war schon kurz davor eines mitzunehmen! Umso mehr freute ich mich dann, die Dirndln f\u00fcr das Shooting und <em>tollen Flechtfrisuren von HaarWerk<\/em> zu tragen.\n<\/div>\n<div class=\"post_text_header\">\n<div class=\"post_text_header_headline\"><strong>HaarWerk<br \/>\n<\/strong>Alter Hof 5, 80331 M\u00fcnchen<\/div>\n<\/p><\/div>\n<\/div>\n<\/div>\n<div class=\"post_images\">\n<img class=\"post_image_landscape\" src=\"http:\/\/thegoldenbun.com\/wp-content\/uploads\/2015\/09\/sportalm-dirndl4.jpg\" style=\"height: auto; width: 1080px;\" alt=\"Sportalm Dirndl Ingolstadt Village, Haarwerk M\u00fcnchen\" \/>\n<\/div>\n<div class=\"post_text\">\n<div class=\"post_text_content\">\n<div class=\"post_text_de_content\">Das <em>erste Dirndl von Sportalm<\/em> hat mir besonders gut gefallen und ich liebe das Boucl\u00e9-Glitzeroberteil. Ich dachte ich h\u00e4tte schon alle Dirndl-Farben, aber so ein \u00e4hnliches steht jetzt auch noch auf der Liste.<\/p>\n<p><a href=\"http:\/\/lola-finn.blogspot.\" target=\"_blank\">Irina<\/a>&#8217;s <em>Wiesnk\u00f6nig Dirndl <\/em>passt super zu ihrer Haarfarbe und der h\u00fcbschen Frisur mit Haarband. Die Haare leicht gelockt machen den Look weicher.\n<\/div><\/div>\n<\/div>\n<div class=\"post_images\">\n  <img class=\"post_image_portrait_left\" src=\"http:\/\/thegoldenbun.com\/wp-content\/uploads\/2015\/09\/sportalm-dirndl2.jpg\" style=\"height: auto; width: 525px;\" alt=\"Sportalm Dirndl Ingolstadt Village, Haarwerk M\u00fcnchen\" \/>\u00a0 \u00a0 \u00a0\u00a0<img class=\"post_image_portrait_right\" src=\"http:\/\/thegoldenbun.com\/wp-content\/uploads\/2015\/09\/sportalm-dirndl3.jpg\" style=\"height: auto; width: 525px;\" alt=\"Sportalm Dirndl Ingolstadt Village, Haarwerk M\u00fcnchen\" \/><\/p>\n<\/div>\n<div class=\"post_text\">\n<div class=\"post_text_header\">\n<div class=\"post_text_header_headline\">mein Dirndl \u2013 <strong>Sportalm<\/strong><em> (bekommt ihr im Ingolstadt Village \/ <s>629\u20ac<\/s> 299\u20ac)<\/em><br \/>\nwei\u00dfe Bluse \u2013<strong>\u00a0Sportalm <em>Tina<\/em><\/strong> (bekommt ihr im Ingolstadt Village \/ <s>69,00\u20ac<\/s> 39,00\u20ac)<br \/>\nPumps \u2013 <strong>Louboutins <i>Pigalle 85<\/i><\/strong><br \/>\nOhrringe \u2013 <strong>Asos<\/strong> <\/p>\n<p>Irina&#8217;s Dirndl mit Bluse &#8211; <strong>Wiesnk\u00f6nig <i>Lotta<\/i><\/strong> <em>(bekommt ihr im Ingolstadt Village \/ <s>379,90\u20ac<\/s> 264,90 \u20ac)<\/em><\/p>\n<\/div><\/div>\n<\/div>\n<div class=\"post_images\">\n<img class=\"post_image_landscape\" src=\"http:\/\/thegoldenbun.com\/wp-content\/uploads\/2015\/09\/sportalm-dirndl5.jpg\" style=\"height: auto; width: 1080px;\" alt=\"Sportalm Dirndl Ingolstadt Village, Haarwerk M\u00fcnchen\" \/>\n<img class=\"post_image_landscape\" src=\"http:\/\/thegoldenbun.com\/wp-content\/uploads\/2015\/09\/sportalm-dirndl6.jpg\" style=\"height: auto; width: 1080px;\" alt=\"Sportalm Dirndl Ingolstadt Village, Haarwerk M\u00fcnchen\" \/>\n<p><iframe loading=\"lazy\" width=\"1050\" height=\"591\" src=\"https:\/\/www.youtube.com\/embed\/oJ6BAAF7DUc?rel=0&amp;controls=0&amp;showinfo=0\" frameborder=\"0\" allowfullscreen><\/iframe><\/p>\n<img class=\"post_image_portrait_left\" src=\"http:\/\/thegoldenbun.com\/wp-content\/uploads\/2015\/09\/sportalm-dirndl7.jpg\" style=\"height: auto; width: 525px;\" alt=\"Sportalm Dirndl Ingolstadt Village, Haarwerk M\u00fcnchen\" \/>\u00a0 \u00a0 \u00a0\u00a0<img class=\"post_image_portrait_right\" src=\"http:\/\/thegoldenbun.com\/wp-content\/uploads\/2015\/09\/sportalm-dirndl8.jpg\" style=\"height: auto; width: 525px;\" alt=\"Sportalm Dirndl Ingolstadt Village, Haarwerk M\u00fcnchen\" \/>\n<\/div>\n<div class=\"post_text\">\n<div class=\"post_text_content\">\n<div class=\"post_text_de_content\"><strong>Frisuren Nummer 3 &#038; 4<\/strong>. Auf in die zweite Runde mit sch\u00f6nen Frisuren von <strong>HaarWerk<\/strong>. Bei beiden wurden die Haare zuerst gelockt und dann ausgeb\u00fcrstet. Im Anschluss wurde bei mir ein kleiner Zopf eingeflochten und anschlie\u00dfend mit einem kleinen Gummi befestigt. <a href=\"http:\/\/lola-finn.blogspot.de\">Irina<\/a> hat einen sch\u00f6nen Seitendutt bekommen, in dem im Anschluss noch Bl\u00fcmchen gesteckt wurden.\n    <\/div><\/div>\n<\/div>\n<div class=\"post_images\">\n  <img class=\"post_image_landscape\" src=\"http:\/\/thegoldenbun.com\/wp-content\/uploads\/2015\/09\/sportalm-dirndl9.jpg\" style=\"height: auto; width: 1080px;\" alt=\"Sportalm Dirndl Ingolstadt Village, Haarwerk M\u00fcnchen\" \/><\/p>\n<img class=\"post_image_portrait_left\" src=\"http:\/\/thegoldenbun.com\/wp-content\/uploads\/2015\/09\/sportalm-dirndl10.jpg\" style=\"height: auto; width: 525px;\" alt=\"Sportalm Dirndl Ingolstadt Village, Haarwerk M\u00fcnchen\" \/>\u00a0 \u00a0 \u00a0\u00a0<img class=\"post_image_portrait_right\" src=\"http:\/\/thegoldenbun.com\/wp-content\/uploads\/2015\/09\/sportalm-dirndl11.jpg\" style=\"height: auto; width: 525px;\" alt=\"Sportalm Dirndl Ingolstadt Village, Haarwerk M\u00fcnchen\" \/>\n<\/div>\n<div class=\"post_text\">\n<div class=\"post_text_header\">\n<div class=\"post_text_header_headline\">Irinas Dirndl \u2013\u00a0<strong>Wiesnk\u00f6nig <em>Theresa<\/em><\/strong><em> (gibt es im Ingolstadt Village \/ <s>269,90\u20ac<\/s> 184,90\u20ac)<\/em><\/div>\n<\/p><\/div>\n<\/div>\n<div class=\"post_images\">\n<img class=\"post_image_landscape\" src=\"http:\/\/thegoldenbun.com\/wp-content\/uploads\/2015\/09\/sportalm-dirndl.jpg\" style=\"height: auto; width: 1080px;\" alt=\"Sportalm Dirndl Ingolstadt Village, Haarwerk M\u00fcnchen\" \/>\n<\/div>\n<div class=\"post_text\">\n<div class=\"post_text_content\">\n<div class=\"post_text_de_content\">&#8230; dass ich mal ein schwarzes Dirndl anziehe, h\u00e4tte ich auch nicht gedacht. Aber ein Versuch wars ja wert \u2013\u00a0auf jeden Fall sehr ungewohnt! An sich finde ich das Dirndl sehr russisch angehaucht und mystisch.\n    <\/div>\n<\/p><\/div>\n<\/div>\n<div class=\"post_images\">\n<img class=\"post_image_portrait_left\" src=\"http:\/\/thegoldenbun.com\/wp-content\/uploads\/2015\/09\/sportalm-dirndl15.jpg\" style=\"height: auto; width: 525px;\" alt=\"Sportalm Dirndl Ingolstadt Village, Haarwerk M\u00fcnchen\" \/>\u00a0 \u00a0 \u00a0\u00a0<img class=\"post_image_portrait_right\" src=\"http:\/\/thegoldenbun.com\/wp-content\/uploads\/2015\/09\/sportalm-dirndl16.jpg\" style=\"height: auto; width: 525px;\" alt=\"Sportalm Dirndl Ingolstadt Village, Haarwerk M\u00fcnchen\" \/>\n<img class=\"post_image_landscape\" src=\"http:\/\/thegoldenbun.com\/wp-content\/uploads\/2015\/09\/sportalm-dirndl14.jpg\" style=\"height: auto; width: 1080px;\" alt=\"Sportalm Dirndl Ingolstadt Village, Haarwerk M\u00fcnchen\" \/>\n<img class=\"post_image_portrait_left\" src=\"http:\/\/thegoldenbun.com\/wp-content\/uploads\/2015\/09\/sportalm-dirndl12.jpg\" style=\"height: auto; width: 525px;\" alt=\"Sportalm Dirndl Ingolstadt Village, Haarwerk M\u00fcnchen\" \/>\u00a0 \u00a0 \u00a0\u00a0<img class=\"post_image_portrait_right\" src=\"http:\/\/thegoldenbun.com\/wp-content\/uploads\/2015\/09\/sportalm-dirndl13.jpg\" style=\"height: auto; width: 525px;\" alt=\"Sportalm Dirndl Ingolstadt Village, Haarwerk M\u00fcnchen\" \/>\n<\/div>\n<div class=\"post_text\">\n<div class=\"post_text_header\">\n<div class=\"post_text_header_headline\">Dirndl \u2013 <strong>Sportalm<\/strong> <em>(gibts im Ingolstadt Village \/ <s>499,00\u20ac<\/s> 299,00 \u20ac)<\/em><br \/>\nschwarze Bluse \u2013\u00a0<strong>Sportalm <em>Doreen<\/em><\/strong> <em>(gibts im Ingolstadt Village \/ <s>39,00\u20ac <\/s> 69,00\u20ac)<\/em><br \/>\nPumps \u2013\u00a0<strong> Louboutins<\/strong><\/p>\n<\/div>\n<div class=\"post_text_header_credits\">Fotos \u2013 <b>Irina \/ Lola Finn &#038; moi<\/b><\/div>\n<div class=\"post_text_header_small\">*in Kooperation mit Ingolstadt Village &#038; HAARWERK<\/div>\n<\/p><\/div>\n<div class=\"post_text_bottom_flashback\">\n<hr>\n<p><strong>FLASHBACK<\/strong><br \/>\n2013 <a href=\"http:\/\/thegoldenbun.com\/2013\/09\/thegoldenbunontour-day-3-beijing-national-museum-tiananmen-square\/\" target=\"_blank\">#thegoldenbunontour \/\/ Day 3 Beijing | National Museum \u2013 Tian\u2019Anmen Square<\/a><br \/>\n2010 <a href=\"http:\/\/thegoldenbun.com\/2010\/09\/impressions-12092010\/\" target=\"_blank\">Impressions | 12092010<\/a><\/p>\n<hr>\n<\/div>\n<\/div>\n<p><\/p>","protected":false},"excerpt":{"rendered":"<p>Advertisement \/ Anzeige* DE Wiesn-Special. Dieses Jahr ist die Vorfreude auf das Oktoberfest hier auf dem Blog umso gr\u00f6\u00dfer. Neben dem heutigen Post habe ich noch ein Dirndl in petto, das ich euch bald noch zeigen werde. Letzte Woche flatterte noch spontan ein Wiesn-Styling in Zusammenarbeit mit HaarWerk und Ingolstadt Village herein. Erst neulich war ich im Ingolstadt Village und habe dort schon die h\u00fcbschen Sportalm Dirndl bewundert. Au\u00dferdem haben [&hellip;]<\/p>\n","protected":false},"author":1,"featured_media":16996,"comment_status":"open","ping_status":"open","sticky":false,"template":"","format":"standard","meta":{"_exactmetrics_skip_tracking":false,"_exactmetrics_sitenote_active":false,"_exactmetrics_sitenote_note":"","_exactmetrics_sitenote_category":0,"spay_email":"","jetpack_publicize_message":"","jetpack_is_tweetstorm":false,"jetpack_publicize_feature_enabled":true},"categories":[10,875],"tags":[238,461,495,339,345,494,493,486],"acf":[],"yoast_head":"<!-- This site is optimized with the Yoast SEO plugin v18.9 - https:\/\/yoast.com\/wordpress\/plugins\/seo\/ -->\n<title>Oktoberfest hair styling with HaarWerk x Ingolstadt Village<\/title>\n<meta name=\"robots\" content=\"index, follow, max-snippet:-1, max-image-preview:large, max-video-preview:-1\" \/>\n<link rel=\"canonical\" href=\"https:\/\/thegoldenbun.com\/de\/2015\/09\/oktoberfest-hair-styling-with-haarwerk-x-ingolstadt-village-video\/\" \/>\n<meta property=\"og:locale\" content=\"de_DE\" \/>\n<meta property=\"og:type\" content=\"article\" \/>\n<meta property=\"og:title\" content=\"Oktoberfest hair styling with HaarWerk x Ingolstadt Village\" \/>\n<meta property=\"og:description\" content=\"Advertisement \/ Anzeige* DE Wiesn-Special. Dieses Jahr ist die Vorfreude auf das Oktoberfest hier auf dem Blog umso gr\u00f6\u00dfer. Neben dem heutigen Post habe ich noch ein Dirndl in petto, das ich euch bald noch zeigen werde. Letzte Woche flatterte noch spontan ein Wiesn-Styling in Zusammenarbeit mit HaarWerk und Ingolstadt Village herein. Erst neulich war ich im Ingolstadt Village und habe dort schon die h\u00fcbschen Sportalm Dirndl bewundert. Au\u00dferdem haben [&hellip;]\" \/>\n<meta property=\"og:url\" content=\"https:\/\/thegoldenbun.com\/de\/2015\/09\/oktoberfest-hair-styling-with-haarwerk-x-ingolstadt-village-video\/\" \/>\n<meta property=\"og:site_name\" content=\"The Golden Bun\" \/>\n<meta property=\"article:publisher\" content=\"http:\/\/www.facebook.com\/thegoldenbun\" \/>\n<meta property=\"article:published_time\" content=\"2015-09-12T06:00:48+00:00\" \/>\n<meta property=\"article:modified_time\" content=\"2017-08-21T08:37:41+00:00\" \/>\n<meta property=\"og:image\" content=\"https:\/\/thegoldenbun.com\/wp-content\/uploads\/2015\/09\/sportalm-dirndl6.jpg\" \/>\n\t<meta property=\"og:image:width\" content=\"1000\" \/>\n\t<meta property=\"og:image:height\" content=\"1500\" \/>\n\t<meta property=\"og:image:type\" content=\"image\/jpeg\" \/>\n<meta name=\"twitter:card\" content=\"summary\" \/>\n<meta name=\"twitter:creator\" content=\"@thegoldenbun\" \/>\n<meta name=\"twitter:site\" content=\"@thegoldenbun\" \/>\n<meta name=\"twitter:label1\" content=\"Verfasst von\" \/>\n\t<meta name=\"twitter:data1\" content=\"Vicky\" \/>\n\t<meta name=\"twitter:label2\" content=\"Gesch\u00e4tzte Lesezeit\" \/>\n\t<meta name=\"twitter:data2\" content=\"3\u00a0Minuten\" \/>\n<script type=\"application\/ld+json\" class=\"yoast-schema-graph\">{\"@context\":\"https:\/\/schema.org\",\"@graph\":[{\"@type\":\"WebSite\",\"@id\":\"https:\/\/thegoldenbun.com\/#website\",\"url\":\"https:\/\/thegoldenbun.com\/\",\"name\":\"The Golden Bun\",\"description\":\"Deutscher Reiseblog \/ Modeblog \/ Lifestyleblog \/ Berlin &amp; M\u00fcnchen \/ Reise &amp; Restaurant Tipps\",\"potentialAction\":[{\"@type\":\"SearchAction\",\"target\":{\"@type\":\"EntryPoint\",\"urlTemplate\":\"https:\/\/thegoldenbun.com\/?s={search_term_string}\"},\"query-input\":\"required name=search_term_string\"}],\"inLanguage\":\"de\"},{\"@type\":\"ImageObject\",\"inLanguage\":\"de\",\"@id\":\"https:\/\/thegoldenbun.com\/de\/2015\/09\/oktoberfest-hair-styling-with-haarwerk-x-ingolstadt-village-video\/#primaryimage\",\"url\":\"https:\/\/thegoldenbun.com\/wp-content\/uploads\/2015\/09\/sportalm-dirndl6.jpg\",\"contentUrl\":\"https:\/\/thegoldenbun.com\/wp-content\/uploads\/2015\/09\/sportalm-dirndl6.jpg\",\"width\":1000,\"height\":1500},{\"@type\":\"WebPage\",\"@id\":\"https:\/\/thegoldenbun.com\/de\/2015\/09\/oktoberfest-hair-styling-with-haarwerk-x-ingolstadt-village-video\/#webpage\",\"url\":\"https:\/\/thegoldenbun.com\/de\/2015\/09\/oktoberfest-hair-styling-with-haarwerk-x-ingolstadt-village-video\/\",\"name\":\"Oktoberfest hair styling with HaarWerk x Ingolstadt Village\",\"isPartOf\":{\"@id\":\"https:\/\/thegoldenbun.com\/#website\"},\"primaryImageOfPage\":{\"@id\":\"https:\/\/thegoldenbun.com\/de\/2015\/09\/oktoberfest-hair-styling-with-haarwerk-x-ingolstadt-village-video\/#primaryimage\"},\"datePublished\":\"2015-09-12T06:00:48+00:00\",\"dateModified\":\"2017-08-21T08:37:41+00:00\",\"author\":{\"@id\":\"https:\/\/thegoldenbun.com\/#\/schema\/person\/a8ed0c60451d5a883d10e21afc630268\"},\"breadcrumb\":{\"@id\":\"https:\/\/thegoldenbun.com\/de\/2015\/09\/oktoberfest-hair-styling-with-haarwerk-x-ingolstadt-village-video\/#breadcrumb\"},\"inLanguage\":\"de\",\"potentialAction\":[{\"@type\":\"ReadAction\",\"target\":[\"https:\/\/thegoldenbun.com\/de\/2015\/09\/oktoberfest-hair-styling-with-haarwerk-x-ingolstadt-village-video\/\"]}]},{\"@type\":\"BreadcrumbList\",\"@id\":\"https:\/\/thegoldenbun.com\/de\/2015\/09\/oktoberfest-hair-styling-with-haarwerk-x-ingolstadt-village-video\/#breadcrumb\",\"itemListElement\":[{\"@type\":\"ListItem\",\"position\":1,\"name\":\"Home\",\"item\":\"https:\/\/thegoldenbun.com\/\"},{\"@type\":\"ListItem\",\"position\":2,\"name\":\"Oktoberfest Frisuren Inspiration mit HaarWerk x Ingolstadt Village {+video}\"}]},{\"@type\":\"Person\",\"@id\":\"https:\/\/thegoldenbun.com\/#\/schema\/person\/a8ed0c60451d5a883d10e21afc630268\",\"name\":\"Vicky\",\"url\":\"https:\/\/thegoldenbun.com\/de\/author\/tgb\/\"}]}<\/script>\n<!-- \/ Yoast SEO plugin. -->","yoast_head_json":{"title":"Oktoberfest hair styling with HaarWerk x Ingolstadt Village","robots":{"index":"index","follow":"follow","max-snippet":"max-snippet:-1","max-image-preview":"max-image-preview:large","max-video-preview":"max-video-preview:-1"},"canonical":"https:\/\/thegoldenbun.com\/de\/2015\/09\/oktoberfest-hair-styling-with-haarwerk-x-ingolstadt-village-video\/","og_locale":"de_DE","og_type":"article","og_title":"Oktoberfest hair styling with HaarWerk x Ingolstadt Village","og_description":"Advertisement \/ Anzeige* DE Wiesn-Special. Dieses Jahr ist die Vorfreude auf das Oktoberfest hier auf dem Blog umso gr\u00f6\u00dfer. Neben dem heutigen Post habe ich noch ein Dirndl in petto, das ich euch bald noch zeigen werde. Letzte Woche flatterte noch spontan ein Wiesn-Styling in Zusammenarbeit mit HaarWerk und Ingolstadt Village herein. Erst neulich war ich im Ingolstadt Village und habe dort schon die h\u00fcbschen Sportalm Dirndl bewundert. Au\u00dferdem haben [&hellip;]","og_url":"https:\/\/thegoldenbun.com\/de\/2015\/09\/oktoberfest-hair-styling-with-haarwerk-x-ingolstadt-village-video\/","og_site_name":"The Golden Bun","article_publisher":"http:\/\/www.facebook.com\/thegoldenbun","article_published_time":"2015-09-12T06:00:48+00:00","article_modified_time":"2017-08-21T08:37:41+00:00","og_image":[{"width":1000,"height":1500,"url":"https:\/\/thegoldenbun.com\/wp-content\/uploads\/2015\/09\/sportalm-dirndl6.jpg","type":"image\/jpeg"}],"twitter_card":"summary","twitter_creator":"@thegoldenbun","twitter_site":"@thegoldenbun","twitter_misc":{"Verfasst von":"Vicky","Gesch\u00e4tzte Lesezeit":"3\u00a0Minuten"},"schema":{"@context":"https:\/\/schema.org","@graph":[{"@type":"WebSite","@id":"https:\/\/thegoldenbun.com\/#website","url":"https:\/\/thegoldenbun.com\/","name":"The Golden Bun","description":"Deutscher Reiseblog \/ Modeblog \/ Lifestyleblog \/ Berlin &amp; M\u00fcnchen \/ Reise &amp; Restaurant Tipps","potentialAction":[{"@type":"SearchAction","target":{"@type":"EntryPoint","urlTemplate":"https:\/\/thegoldenbun.com\/?s={search_term_string}"},"query-input":"required name=search_term_string"}],"inLanguage":"de"},{"@type":"ImageObject","inLanguage":"de","@id":"https:\/\/thegoldenbun.com\/de\/2015\/09\/oktoberfest-hair-styling-with-haarwerk-x-ingolstadt-village-video\/#primaryimage","url":"https:\/\/thegoldenbun.com\/wp-content\/uploads\/2015\/09\/sportalm-dirndl6.jpg","contentUrl":"https:\/\/thegoldenbun.com\/wp-content\/uploads\/2015\/09\/sportalm-dirndl6.jpg","width":1000,"height":1500},{"@type":"WebPage","@id":"https:\/\/thegoldenbun.com\/de\/2015\/09\/oktoberfest-hair-styling-with-haarwerk-x-ingolstadt-village-video\/#webpage","url":"https:\/\/thegoldenbun.com\/de\/2015\/09\/oktoberfest-hair-styling-with-haarwerk-x-ingolstadt-village-video\/","name":"Oktoberfest hair styling with HaarWerk x Ingolstadt Village","isPartOf":{"@id":"https:\/\/thegoldenbun.com\/#website"},"primaryImageOfPage":{"@id":"https:\/\/thegoldenbun.com\/de\/2015\/09\/oktoberfest-hair-styling-with-haarwerk-x-ingolstadt-village-video\/#primaryimage"},"datePublished":"2015-09-12T06:00:48+00:00","dateModified":"2017-08-21T08:37:41+00:00","author":{"@id":"https:\/\/thegoldenbun.com\/#\/schema\/person\/a8ed0c60451d5a883d10e21afc630268"},"breadcrumb":{"@id":"https:\/\/thegoldenbun.com\/de\/2015\/09\/oktoberfest-hair-styling-with-haarwerk-x-ingolstadt-village-video\/#breadcrumb"},"inLanguage":"de","potentialAction":[{"@type":"ReadAction","target":["https:\/\/thegoldenbun.com\/de\/2015\/09\/oktoberfest-hair-styling-with-haarwerk-x-ingolstadt-village-video\/"]}]},{"@type":"BreadcrumbList","@id":"https:\/\/thegoldenbun.com\/de\/2015\/09\/oktoberfest-hair-styling-with-haarwerk-x-ingolstadt-village-video\/#breadcrumb","itemListElement":[{"@type":"ListItem","position":1,"name":"Home","item":"https:\/\/thegoldenbun.com\/"},{"@type":"ListItem","position":2,"name":"Oktoberfest Frisuren Inspiration mit HaarWerk x Ingolstadt Village {+video}"}]},{"@type":"Person","@id":"https:\/\/thegoldenbun.com\/#\/schema\/person\/a8ed0c60451d5a883d10e21afc630268","name":"Vicky","url":"https:\/\/thegoldenbun.com\/de\/author\/tgb\/"}]}},"jetpack_featured_media_url":"https:\/\/thegoldenbun.com\/wp-content\/uploads\/2015\/09\/sportalm-dirndl6.jpg","jetpack_publicize_connections":[],"jetpack_sharing_enabled":true,"_links":{"self":[{"href":"https:\/\/thegoldenbun.com\/de\/wp-json\/wp\/v2\/posts\/16990"}],"collection":[{"href":"https:\/\/thegoldenbun.com\/de\/wp-json\/wp\/v2\/posts"}],"about":[{"href":"https:\/\/thegoldenbun.com\/de\/wp-json\/wp\/v2\/types\/post"}],"author":[{"embeddable":true,"href":"https:\/\/thegoldenbun.com\/de\/wp-json\/wp\/v2\/users\/1"}],"replies":[{"embeddable":true,"href":"https:\/\/thegoldenbun.com\/de\/wp-json\/wp\/v2\/comments?post=16990"}],"version-history":[{"count":0,"href":"https:\/\/thegoldenbun.com\/de\/wp-json\/wp\/v2\/posts\/16990\/revisions"}],"wp:featuredmedia":[{"embeddable":true,"href":"https:\/\/thegoldenbun.com\/de\/wp-json\/wp\/v2\/media\/16996"}],"wp:attachment":[{"href":"https:\/\/thegoldenbun.com\/de\/wp-json\/wp\/v2\/media?parent=16990"}],"wp:term":[{"taxonomy":"category","embeddable":true,"href":"https:\/\/thegoldenbun.com\/de\/wp-json\/wp\/v2\/categories?post=16990"},{"taxonomy":"post_tag","embeddable":true,"href":"https:\/\/thegoldenbun.com\/de\/wp-json\/wp\/v2\/tags?post=16990"}],"curies":[{"name":"wp","href":"https:\/\/api.w.org\/{rel}","templated":true}]}}