{"id":179,"date":"2014-10-20T11:17:00","date_gmt":"2014-10-20T09:17:00","guid":{"rendered":"http:\/\/thegoldenbun.net\/regulat-beauty-event-at-bayerischer-hof-lets-talk-about-eternal-beauty"},"modified":"2017-07-25T18:07:31","modified_gmt":"2017-07-25T16:07:31","slug":"regulat-beauty-event-at-bayerischer-hof-lets-talk-about-eternal-beauty","status":"publish","type":"post","link":"https:\/\/thegoldenbun.com\/de\/2014\/10\/regulat-beauty-event-at-bayerischer-hof-lets-talk-about-eternal-beauty\/","title":{"rendered":"Regulat Beauty Event at Bayerischer Hof \/\/ Let&#8217;s talk about eternal beauty"},"content":{"rendered":"<p><\/p>\n<p style=\"text-align: center;\">Advertisement \/ Anzeige<a href=\"http:\/\/thegoldenbun.com\/advertisement\/\" target=\"_blank\" rel=\"noopener noreferrer\">*<\/a><\/p>\n<div dir=\"ltr\" style=\"text-align: left;\"><img style=\"height: auto; width: 1080px;\" src=\"http:\/\/thegoldenbun.net\/wp-content\/uploads\/2014\/10\/regulat1.jpg\" alt=\"\" \/><img style=\"height: auto; width: 1080px;\" class=\"img-portrait-single-2\" src=\"http:\/\/thegoldenbun.net\/wp-content\/uploads\/2014\/10\/regulat2.jpg\" alt=\"\" border=\"20\" \/><br \/>\n<img style=\"height: auto; width: 1080px;\" src=\"http:\/\/thegoldenbun.net\/wp-content\/uploads\/2014\/10\/regulat4.jpg\" alt=\"\" \/><img style=\"height: auto; width: 1080px;\" class=\"img-portrait-single-2\" src=\"http:\/\/thegoldenbun.net\/wp-content\/uploads\/2014\/10\/IMG_7256.jpg\" alt=\"\" border=\"20\" \/><img style=\"height: auto; width: 1080px;\" src=\"http:\/\/thegoldenbun.net\/wp-content\/uploads\/2014\/10\/regulat5.jpg\" alt=\"\" \/><\/p>\n<div><b><a href=\"http:\/\/www.regulat-beauty.com\/\" rel=\"nofollow\">Regulat Beauty<\/a> Event<\/b><br \/>\n<i>Bayerischer Hof, M\u00fcnchen<\/i><br \/>\n<i><br \/>\n<\/i><i>*in freundlicher Zusammenarbeit mit Regulat-Beauty<\/i><br \/>\nphotos \u2013 <b>me<\/b><\/div>\n<div>\n<div class=\"post_text_de\">DE \u2013 <b>Regulat<\/b>. Vergangene Woche hatte ich das Vergn\u00fcgen an der Pressevorstellung der biologischen Systemkosmetik\u00a0<a href=\"http:\/\/www.regulat-beauty.com\/\" rel=\"nofollow\">Regulat Beauty<\/a>\u00a0im Bayerischen Hof in M\u00fcnchen teilzunehmen. Ich pers\u00f6nlich kenne die Kosmetikprodukte schon l\u00e4nger, da ich sie hin und da wieder auf dem einen oder anderen Blog gesehen hatte. Jeder hatte davon geschw\u00e4rmt! Umso mehr freute ich mich, mit der Inhaberin der Niedermaier-Pharma-Gruppe <span style=\"color: #dca500;\">Dr. Cordula Niedermaier-May<\/span>\u00a0\u00fcber das Thema &#8222;Ewige Sch\u00f6nheit&#8220; zu sprechen.<br \/>\n<i>&#8222;Es ist uns Frauen nicht mehr gestattet alt und h\u00e4sslich zu werden \u2013 man solle ein positives Leben f\u00fchren. Sch\u00f6nheit und Gesundheit sind nun Mal kongruent und gesunde Ern\u00e4hrung und moderater Sport sind das Elixier dem Altersprozess entgegenzuwirken. Man solle wenn m\u00f6glich auf gesunde Art und Weise alt werden&#8220;<\/i> <b>Was ist biologische Systemkosmetik?\u00a0<\/b>Systemkosmetik wird\u00a0sowohl biologisch als auch rein vegan hergestellt und arbeitet zusammen mit der patentierten Regulat Essenz. <b>Wie wirkt die Geheimwaffe <i>&#8218;Rechtsregulat&#8216;<\/i>? <\/b>Rechtsregulat Bio ist ein hochaktives Bio-Konzentrat mit kaskadenfermentierten, aufgeschlossenen Enzymen. Es wurde bereits 14 Jahre lang oral verkauft und irgendwann kam die Wende, als man herausgefunden hat, dass es zellg\u00e4ngig ist und man es auch von au\u00dfen verwenden kann. Der nat\u00fcrliche Wirkstoff ist sofort verwertbar und f\u00f6rdert die Adenosintriphosphat-Produktion.\u00a0Adenosintriphosphat ist die Energie, die jede Zelle ben\u00f6tigt. Rechtsregulat arbeitet zus\u00e4tzlich mit einer veganen Hyalurons\u00e4ure. Tagt\u00e4glich stellt der K\u00f6rper Hyalurons\u00e4ure her, die f\u00fcr die Elastizit\u00e4t und Feuchtigkeit f\u00fcr die Haut zust\u00e4ndig ist. Leider nimmt die Produktion im Alter ab, wodurch die Haut beginnt sehr verletzbar und d\u00fcnn zu werden.<br \/>\n<i>&#8222;Jeder will eine gesunde Mischhaut. Leider ist die Haut bei dem einen trocken, bei dem anderen sehr fettig. Bei der Benutzung meiner Produkte versichere ich, dass sich jede Haut v\u00f6llig generiert und gesund strahlt!&#8220;<\/i> Sie habe aus dem Grund biologische-organische Kosmetik hergestellt, da der K\u00f6rper an nat\u00fcrlichen Mitteln bedarf. Diese Kosmetik-Richtung ist aber auch eine sehr aufw\u00e4ndige, da sie auf jegliche Hilfsmittel der chemischen Kosmetik verzichtet und nur mehr sehr wenige Substanzen benutzt werden k\u00f6nnen. Aus diesem Grund riechen Naturkosmetik-Produkte immer sehr stark nach einem Produkt \u2013 der Regulat Reinigungs Schaum beispielsweise sehr stark nach Orange.<br \/>\nZu Guter Letzt habe ich Frau Dr. Niedermaier-May nat\u00fcrlich auch gefragt, ab <b>wann man mit Anti-Aging beginnen sollte<\/b>. Dies ist besonders in den letzten Jahren ein umstrittenes Thema geworden, da viele Parteien behaupten, dass es sogar mit 25 viel zu fr\u00fch sei und es die Falten vermehre. Ab 25 sollte man aus dem Grund beginnen, da der K\u00f6rper ausgewachsen ist und der Altersprozess beginnt. Sie selbst finde es zu fr\u00fch und mit 33 und 34 Jahren reicht. Hierbei kommt es nat\u00fcrlich auch sehr darauf an, was man benutzt.<\/p>\n<blockquote style=\"text-align: center;\"><p><i>&#8222;Die Menge macht das Gift!&#8220;<\/i> Wenn man alle Produkte exzessiv benutzt, wird alles zum Gegner. Eine Pflege morgens und abends reichen gegen die allt\u00e4glichen Angriffe.<br \/>\nDie Produkte k\u00f6nnt ihr online unter <a href=\"http:\/\/www.regulat-beauty.com\/\" rel=\"nofollow\">www.regulat-beauty.com<\/a>\u00a0und\u00a0in der kleinen Theatiner Parf\u00fcmerie in M\u00fcnchen kaufen! <i>Vielen Dank Frau Dr. Niedermaier-May f\u00fcr das nette Interview und ich w\u00fcnsche euch noch einen sch\u00f6nen Tag!<\/i><\/p><\/blockquote>\n<\/div>\n<\/div>\n<\/div>\n<p><\/p>","protected":false},"excerpt":{"rendered":"<p>Advertisement \/ Anzeige* Regulat Beauty Event Bayerischer Hof, M\u00fcnchen *in freundlicher Zusammenarbeit mit Regulat-Beauty photos \u2013 me DE \u2013 Regulat. Vergangene Woche hatte ich das Vergn\u00fcgen an der Pressevorstellung der biologischen Systemkosmetik\u00a0Regulat Beauty\u00a0im Bayerischen Hof in M\u00fcnchen teilzunehmen. Ich pers\u00f6nlich kenne die Kosmetikprodukte schon l\u00e4nger, da ich sie hin und da wieder auf dem einen oder anderen Blog gesehen hatte. Jeder hatte davon geschw\u00e4rmt! Umso mehr freute ich mich, mit [&hellip;]<\/p>\n","protected":false},"author":1,"featured_media":2035,"comment_status":"open","ping_status":"open","sticky":false,"template":"","format":"standard","meta":{"_exactmetrics_skip_tracking":false,"_exactmetrics_sitenote_active":false,"_exactmetrics_sitenote_note":"","_exactmetrics_sitenote_category":0,"spay_email":"","jetpack_publicize_message":"","jetpack_is_tweetstorm":false,"jetpack_publicize_feature_enabled":true},"categories":[9,42],"tags":[],"acf":[],"yoast_head":"<!-- This site is optimized with the Yoast SEO plugin v18.9 - https:\/\/yoast.com\/wordpress\/plugins\/seo\/ -->\n<title>Regulat Beauty Event at Bayerischer Hof \/\/ Let&#039;s talk about eternal beauty - The Golden Bun<\/title>\n<meta name=\"robots\" content=\"index, follow, max-snippet:-1, max-image-preview:large, max-video-preview:-1\" \/>\n<link rel=\"canonical\" href=\"https:\/\/thegoldenbun.com\/de\/2014\/10\/regulat-beauty-event-at-bayerischer-hof-lets-talk-about-eternal-beauty\/\" \/>\n<meta property=\"og:locale\" content=\"de_DE\" \/>\n<meta property=\"og:type\" content=\"article\" \/>\n<meta property=\"og:title\" content=\"Regulat Beauty Event at Bayerischer Hof \/\/ Let&#039;s talk about eternal beauty - The Golden Bun\" \/>\n<meta property=\"og:description\" content=\"Advertisement \/ Anzeige* Regulat Beauty Event Bayerischer Hof, M\u00fcnchen *in freundlicher Zusammenarbeit mit Regulat-Beauty photos \u2013 me DE \u2013 Regulat. Vergangene Woche hatte ich das Vergn\u00fcgen an der Pressevorstellung der biologischen Systemkosmetik\u00a0Regulat Beauty\u00a0im Bayerischen Hof in M\u00fcnchen teilzunehmen. Ich pers\u00f6nlich kenne die Kosmetikprodukte schon l\u00e4nger, da ich sie hin und da wieder auf dem einen oder anderen Blog gesehen hatte. Jeder hatte davon geschw\u00e4rmt! Umso mehr freute ich mich, mit [&hellip;]\" \/>\n<meta property=\"og:url\" content=\"https:\/\/thegoldenbun.com\/de\/2014\/10\/regulat-beauty-event-at-bayerischer-hof-lets-talk-about-eternal-beauty\/\" \/>\n<meta property=\"og:site_name\" content=\"The Golden Bun\" \/>\n<meta property=\"article:publisher\" content=\"http:\/\/www.facebook.com\/thegoldenbun\" \/>\n<meta property=\"article:published_time\" content=\"2014-10-20T09:17:00+00:00\" \/>\n<meta property=\"article:modified_time\" content=\"2017-07-25T16:07:31+00:00\" \/>\n<meta property=\"og:image\" content=\"https:\/\/thegoldenbun.com\/wp-content\/uploads\/2014\/10\/regulat1.jpg\" \/>\n\t<meta property=\"og:image:width\" content=\"800\" \/>\n\t<meta property=\"og:image:height\" content=\"533\" \/>\n\t<meta property=\"og:image:type\" content=\"image\/jpeg\" \/>\n<meta name=\"twitter:card\" content=\"summary\" \/>\n<meta name=\"twitter:creator\" content=\"@thegoldenbun\" \/>\n<meta name=\"twitter:site\" content=\"@thegoldenbun\" \/>\n<meta name=\"twitter:label1\" content=\"Verfasst von\" \/>\n\t<meta name=\"twitter:data1\" content=\"Vicky\" \/>\n\t<meta name=\"twitter:label2\" content=\"Gesch\u00e4tzte Lesezeit\" \/>\n\t<meta name=\"twitter:data2\" content=\"5\u00a0Minuten\" \/>\n<script type=\"application\/ld+json\" class=\"yoast-schema-graph\">{\"@context\":\"https:\/\/schema.org\",\"@graph\":[{\"@type\":\"WebSite\",\"@id\":\"https:\/\/thegoldenbun.com\/#website\",\"url\":\"https:\/\/thegoldenbun.com\/\",\"name\":\"The Golden Bun\",\"description\":\"Deutscher Reiseblog \/ Modeblog \/ Lifestyleblog \/ Berlin &amp; M\u00fcnchen \/ Reise &amp; Restaurant Tipps\",\"potentialAction\":[{\"@type\":\"SearchAction\",\"target\":{\"@type\":\"EntryPoint\",\"urlTemplate\":\"https:\/\/thegoldenbun.com\/?s={search_term_string}\"},\"query-input\":\"required name=search_term_string\"}],\"inLanguage\":\"de\"},{\"@type\":\"ImageObject\",\"inLanguage\":\"de\",\"@id\":\"https:\/\/thegoldenbun.com\/de\/2014\/10\/regulat-beauty-event-at-bayerischer-hof-lets-talk-about-eternal-beauty\/#primaryimage\",\"url\":\"https:\/\/thegoldenbun.com\/wp-content\/uploads\/2014\/10\/regulat1.jpg\",\"contentUrl\":\"https:\/\/thegoldenbun.com\/wp-content\/uploads\/2014\/10\/regulat1.jpg\",\"width\":800,\"height\":533},{\"@type\":\"WebPage\",\"@id\":\"https:\/\/thegoldenbun.com\/de\/2014\/10\/regulat-beauty-event-at-bayerischer-hof-lets-talk-about-eternal-beauty\/#webpage\",\"url\":\"https:\/\/thegoldenbun.com\/de\/2014\/10\/regulat-beauty-event-at-bayerischer-hof-lets-talk-about-eternal-beauty\/\",\"name\":\"Regulat Beauty Event at Bayerischer Hof \/\/ Let's talk about eternal beauty - The Golden Bun\",\"isPartOf\":{\"@id\":\"https:\/\/thegoldenbun.com\/#website\"},\"primaryImageOfPage\":{\"@id\":\"https:\/\/thegoldenbun.com\/de\/2014\/10\/regulat-beauty-event-at-bayerischer-hof-lets-talk-about-eternal-beauty\/#primaryimage\"},\"datePublished\":\"2014-10-20T09:17:00+00:00\",\"dateModified\":\"2017-07-25T16:07:31+00:00\",\"author\":{\"@id\":\"https:\/\/thegoldenbun.com\/#\/schema\/person\/a8ed0c60451d5a883d10e21afc630268\"},\"breadcrumb\":{\"@id\":\"https:\/\/thegoldenbun.com\/de\/2014\/10\/regulat-beauty-event-at-bayerischer-hof-lets-talk-about-eternal-beauty\/#breadcrumb\"},\"inLanguage\":\"de\",\"potentialAction\":[{\"@type\":\"ReadAction\",\"target\":[\"https:\/\/thegoldenbun.com\/de\/2014\/10\/regulat-beauty-event-at-bayerischer-hof-lets-talk-about-eternal-beauty\/\"]}]},{\"@type\":\"BreadcrumbList\",\"@id\":\"https:\/\/thegoldenbun.com\/de\/2014\/10\/regulat-beauty-event-at-bayerischer-hof-lets-talk-about-eternal-beauty\/#breadcrumb\",\"itemListElement\":[{\"@type\":\"ListItem\",\"position\":1,\"name\":\"Home\",\"item\":\"https:\/\/thegoldenbun.com\/\"},{\"@type\":\"ListItem\",\"position\":2,\"name\":\"Regulat Beauty Event at Bayerischer Hof \/\/ Let&#8217;s talk about eternal beauty\"}]},{\"@type\":\"Person\",\"@id\":\"https:\/\/thegoldenbun.com\/#\/schema\/person\/a8ed0c60451d5a883d10e21afc630268\",\"name\":\"Vicky\",\"url\":\"https:\/\/thegoldenbun.com\/de\/author\/tgb\/\"}]}<\/script>\n<!-- \/ Yoast SEO plugin. -->","yoast_head_json":{"title":"Regulat Beauty Event at Bayerischer Hof \/\/ Let's talk about eternal beauty - The Golden Bun","robots":{"index":"index","follow":"follow","max-snippet":"max-snippet:-1","max-image-preview":"max-image-preview:large","max-video-preview":"max-video-preview:-1"},"canonical":"https:\/\/thegoldenbun.com\/de\/2014\/10\/regulat-beauty-event-at-bayerischer-hof-lets-talk-about-eternal-beauty\/","og_locale":"de_DE","og_type":"article","og_title":"Regulat Beauty Event at Bayerischer Hof \/\/ Let's talk about eternal beauty - The Golden Bun","og_description":"Advertisement \/ Anzeige* Regulat Beauty Event Bayerischer Hof, M\u00fcnchen *in freundlicher Zusammenarbeit mit Regulat-Beauty photos \u2013 me DE \u2013 Regulat. Vergangene Woche hatte ich das Vergn\u00fcgen an der Pressevorstellung der biologischen Systemkosmetik\u00a0Regulat Beauty\u00a0im Bayerischen Hof in M\u00fcnchen teilzunehmen. Ich pers\u00f6nlich kenne die Kosmetikprodukte schon l\u00e4nger, da ich sie hin und da wieder auf dem einen oder anderen Blog gesehen hatte. Jeder hatte davon geschw\u00e4rmt! Umso mehr freute ich mich, mit [&hellip;]","og_url":"https:\/\/thegoldenbun.com\/de\/2014\/10\/regulat-beauty-event-at-bayerischer-hof-lets-talk-about-eternal-beauty\/","og_site_name":"The Golden Bun","article_publisher":"http:\/\/www.facebook.com\/thegoldenbun","article_published_time":"2014-10-20T09:17:00+00:00","article_modified_time":"2017-07-25T16:07:31+00:00","og_image":[{"width":800,"height":533,"url":"https:\/\/thegoldenbun.com\/wp-content\/uploads\/2014\/10\/regulat1.jpg","type":"image\/jpeg"}],"twitter_card":"summary","twitter_creator":"@thegoldenbun","twitter_site":"@thegoldenbun","twitter_misc":{"Verfasst von":"Vicky","Gesch\u00e4tzte Lesezeit":"5\u00a0Minuten"},"schema":{"@context":"https:\/\/schema.org","@graph":[{"@type":"WebSite","@id":"https:\/\/thegoldenbun.com\/#website","url":"https:\/\/thegoldenbun.com\/","name":"The Golden Bun","description":"Deutscher Reiseblog \/ Modeblog \/ Lifestyleblog \/ Berlin &amp; M\u00fcnchen \/ Reise &amp; Restaurant Tipps","potentialAction":[{"@type":"SearchAction","target":{"@type":"EntryPoint","urlTemplate":"https:\/\/thegoldenbun.com\/?s={search_term_string}"},"query-input":"required name=search_term_string"}],"inLanguage":"de"},{"@type":"ImageObject","inLanguage":"de","@id":"https:\/\/thegoldenbun.com\/de\/2014\/10\/regulat-beauty-event-at-bayerischer-hof-lets-talk-about-eternal-beauty\/#primaryimage","url":"https:\/\/thegoldenbun.com\/wp-content\/uploads\/2014\/10\/regulat1.jpg","contentUrl":"https:\/\/thegoldenbun.com\/wp-content\/uploads\/2014\/10\/regulat1.jpg","width":800,"height":533},{"@type":"WebPage","@id":"https:\/\/thegoldenbun.com\/de\/2014\/10\/regulat-beauty-event-at-bayerischer-hof-lets-talk-about-eternal-beauty\/#webpage","url":"https:\/\/thegoldenbun.com\/de\/2014\/10\/regulat-beauty-event-at-bayerischer-hof-lets-talk-about-eternal-beauty\/","name":"Regulat Beauty Event at Bayerischer Hof \/\/ Let's talk about eternal beauty - The Golden Bun","isPartOf":{"@id":"https:\/\/thegoldenbun.com\/#website"},"primaryImageOfPage":{"@id":"https:\/\/thegoldenbun.com\/de\/2014\/10\/regulat-beauty-event-at-bayerischer-hof-lets-talk-about-eternal-beauty\/#primaryimage"},"datePublished":"2014-10-20T09:17:00+00:00","dateModified":"2017-07-25T16:07:31+00:00","author":{"@id":"https:\/\/thegoldenbun.com\/#\/schema\/person\/a8ed0c60451d5a883d10e21afc630268"},"breadcrumb":{"@id":"https:\/\/thegoldenbun.com\/de\/2014\/10\/regulat-beauty-event-at-bayerischer-hof-lets-talk-about-eternal-beauty\/#breadcrumb"},"inLanguage":"de","potentialAction":[{"@type":"ReadAction","target":["https:\/\/thegoldenbun.com\/de\/2014\/10\/regulat-beauty-event-at-bayerischer-hof-lets-talk-about-eternal-beauty\/"]}]},{"@type":"BreadcrumbList","@id":"https:\/\/thegoldenbun.com\/de\/2014\/10\/regulat-beauty-event-at-bayerischer-hof-lets-talk-about-eternal-beauty\/#breadcrumb","itemListElement":[{"@type":"ListItem","position":1,"name":"Home","item":"https:\/\/thegoldenbun.com\/"},{"@type":"ListItem","position":2,"name":"Regulat Beauty Event at Bayerischer Hof \/\/ Let&#8217;s talk about eternal beauty"}]},{"@type":"Person","@id":"https:\/\/thegoldenbun.com\/#\/schema\/person\/a8ed0c60451d5a883d10e21afc630268","name":"Vicky","url":"https:\/\/thegoldenbun.com\/de\/author\/tgb\/"}]}},"jetpack_featured_media_url":"https:\/\/thegoldenbun.com\/wp-content\/uploads\/2014\/10\/regulat1.jpg","jetpack_publicize_connections":[],"jetpack_sharing_enabled":true,"_links":{"self":[{"href":"https:\/\/thegoldenbun.com\/de\/wp-json\/wp\/v2\/posts\/179"}],"collection":[{"href":"https:\/\/thegoldenbun.com\/de\/wp-json\/wp\/v2\/posts"}],"about":[{"href":"https:\/\/thegoldenbun.com\/de\/wp-json\/wp\/v2\/types\/post"}],"author":[{"embeddable":true,"href":"https:\/\/thegoldenbun.com\/de\/wp-json\/wp\/v2\/users\/1"}],"replies":[{"embeddable":true,"href":"https:\/\/thegoldenbun.com\/de\/wp-json\/wp\/v2\/comments?post=179"}],"version-history":[{"count":0,"href":"https:\/\/thegoldenbun.com\/de\/wp-json\/wp\/v2\/posts\/179\/revisions"}],"wp:featuredmedia":[{"embeddable":true,"href":"https:\/\/thegoldenbun.com\/de\/wp-json\/wp\/v2\/media\/2035"}],"wp:attachment":[{"href":"https:\/\/thegoldenbun.com\/de\/wp-json\/wp\/v2\/media?parent=179"}],"wp:term":[{"taxonomy":"category","embeddable":true,"href":"https:\/\/thegoldenbun.com\/de\/wp-json\/wp\/v2\/categories?post=179"},{"taxonomy":"post_tag","embeddable":true,"href":"https:\/\/thegoldenbun.com\/de\/wp-json\/wp\/v2\/tags?post=179"}],"curies":[{"name":"wp","href":"https:\/\/api.w.org\/{rel}","templated":true}]}}