{"id":25645,"date":"2016-11-24T07:30:13","date_gmt":"2016-11-24T06:30:13","guid":{"rendered":"http:\/\/thegoldenbun.com\/?p=25645"},"modified":"2017-07-25T18:23:09","modified_gmt":"2017-07-25T16:23:09","slug":"advent-calendar-yves-rocher","status":"publish","type":"post","link":"https:\/\/thegoldenbun.com\/de\/2016\/11\/advent-calendar-yves-rocher\/","title":{"rendered":"#yvesrocherxmas |\u00a0win my Advent calendar with Yves Rocher"},"content":{"rendered":"<p style=\"text-align: center;\">Advertisement \/ Anzeige<a href=\"http:\/\/thegoldenbun.com\/advertisement\/\" target=\"_blank\" rel=\"noopener noreferrer\">*<\/a><\/p>\n<div class=\"post_images\"><img src=\"http:\/\/thegoldenbun.com\/wp-content\/uploads\/2016\/11\/yvesrocherxmas-_-weihnachtsevent-yves-rocher1.jpg\" alt=\"yvesrocherxmas _ weihnachtsevent yves rocher _ blogger event m\u00fcnchen\" class=\"post_image_landscape\" style=\"height: auto; width: 1080px;\" \/>\n<\/div>\n<div class=\"post_text\">\n<div class=\"post_text_content\">\n<div class=\"post_text_de_headline\">DE<\/div>\n<div class=\"post_text_de_content\"><strong>Yves Rocher Xmas.<\/strong> Mein Weihnachtsfieber hat bereits vor zwei Wochen angefangen, als <a href=\"http:\/\/www.yves-rocher.de\/\" target=\"_blank\">Yves Rocher<\/a> zu einem gro\u00dfartigen Blogger-Weihnachtsworkshop einlud. Gestern kam ich nochmal so richtig in Weihnachtsstimmung und jetzt h\u00e4ngt die Weihnachtsdekoration und -beleuchtung ohnehin \u00fcberall in der Stadt. Auf Facebook entdeckte ich <a href=\"http:\/\/www.viralvo.com\/best-christmas-ad\/\">den wohl sch\u00f6nsten Werbespot<\/a> (ja die Briten haben es einfach drauf) und habe mir eine Folge <em>Weihnachtsmann und Co.KG<\/em> angesehen. In den vergangenen sechs Unijahren konnte ich die Weihnachtszeit leider gar nie genie\u00dfen, denn es war genau die Periode in der ich am meisten zu tun hatte. Demnach kann ich mich an vielleicht ein, zwei Male auf dem Weihnachtsmarkt erinnern. Dies wird dieses Jahr auf jeden Fall nachgeholt und ich freue mich auf viel Apfelgl\u00fchmix oder Holunderpunsch.<\/p>\n<p>Was w\u00e4re die Adventszeit aber ohne einen <strong>sch\u00f6nen Adventskalender<\/strong>? Ich hatte in meinem ganzen Leben immer einen liebevoll gebastelten Kalender von meiner Mam. Letztes Jahr hat sie sich die M\u00fche gemacht und meinem Bruder und mir ein Rezepte-Adventskalender gemacht. Wir beide lieben zu kochen und Rezepte mit Tipps und Tricks von unserer Privat-Haubenk\u00f6chin alias Mami kann man immer gebrauchen. Mal sehen, ob ich auch dieses Jahr wieder einen bekomme.<\/p><\/div>\n<\/p><\/div>\n<\/div>\n<p><em>\u2013 in Zusammenarbeit mit Yves Rocher<\/em><\/p>\n<div class=\"post_images\">\n<img src=\"http:\/\/thegoldenbun.com\/wp-content\/uploads\/2016\/11\/yvesrocherxmas-_-weihnachtsevent-yves-rocher2-1.jpg\" alt=\"yvesrocherxmas _ weihnachtsevent yves rocher _ blogger event m\u00fcnchen\" class=\"post_image_landscape\" style=\"height: auto; width: 1080px;\" \/><\/p>\n<\/div>\n<div class=\"post_text\">\n<div class=\"post_text_content\">\n<div class=\"post_text_de_content\"><center><\/p>\n<h3><em>#yvesrocherxmas<\/em> <b><span style=\"text-transform:uppercase\">Adventskalender mit Yves Rocher<\/span><\/b><\/h3>\n<p><\/center><\/p>\n<p>Und damit ihr auch einen selbstgebastelten Adventskalender bekommt, hat <strong>Yves Rocher<\/strong> einen wundervollen Weihnachtsworkshop organisiert. Drau\u00dfen war es bereits frostiger und das <em>Occam Deli <\/em>wurde in eine kleine Weihnachtsbastelstelle um dekoriert. Zur Begr\u00fc\u00dfung gab es einen leckeren winterlichen Drink und wir st\u00f6berten schon einmal in den tollen Produkten, die <strong>Yves Rocher<\/strong> f\u00fcr unsere Adventskalender mitgebrachte. All die sch\u00f6nen Lidschattenpaletten, Pinsel, Lidschatten, Wimperntuschen bis hin zur K\u00f6rperpflege war alles dabei. Und ich sag\u2019s euch, ich habe meinen Adventskalender rappelvoll zu gepackt! Nicht nur etwas f\u00fcr euch, sondern auch etwas f\u00fcr die Freundin oder Mama habe ich eine Kleinigkeit eingepackt. Auf diesen Adventskalender k\u00f6nnt ihr euch wirklich freuen!<\/p><\/div>\n<\/p><\/div>\n<\/div>\n<div class=\"post_images\">\n<img src=\"http:\/\/thegoldenbun.com\/wp-content\/uploads\/2016\/11\/yvesrocherxmas-_-weihnachtsevent-yves-rocher6.jpg\" alt=\"yvesrocherxmas _ weihnachtsevent yves rocher _ blogger event m\u00fcnchen\" class=\"post_image_landscape\" style=\"height: auto; width: 1080px;\" \/>\n<img src=\"http:\/\/thegoldenbun.com\/wp-content\/uploads\/2016\/11\/yvesrocherxmas-_-weihnachtsevent-yves-rocher4.jpg\" alt=\"yvesrocherxmas _ weihnachtsevent yves rocher _ blogger event m\u00fcnchen\" class=\"post_image_portrait_left\" style=\"height: auto; width: 525px;\" \/>\u00a0 \u00a0 \u00a0\u00a0<img src=\"http:\/\/thegoldenbun.com\/wp-content\/uploads\/2016\/11\/yvesrocherxmas-_-weihnachtsevent-yves-rocher5.jpg\" alt=\"yvesrocherxmas _ weihnachtsevent yves rocher _ blogger event m\u00fcnchen\" class=\"post_image_portrait_right\" style=\"height: auto; width: 525px;\"\/>\n<img src=\"http:\/\/thegoldenbun.com\/wp-content\/uploads\/2016\/11\/yvesrocherxmas-_-weihnachtsevent-yves-rocher7.jpg\" alt=\"yvesrocherxmas _ weihnachtsevent yves rocher _ blogger event m\u00fcnchen\" class=\"post_image_landscape\" style=\"height: auto; width: 1080px;\" \/>\n<\/div>\n<p>mit meinem Partner in crime <a href=\"http:\/\/www.lola-finn.com\" target=\"_blank\">Irina<\/a><\/p>\n<div class=\"post_images\">\n<img src=\"http:\/\/thegoldenbun.com\/wp-content\/uploads\/2016\/11\/yvesrocherxmas-_-weihnachtsevent-yves-rocher8.jpg\" alt=\"yvesrocherxmas _ weihnachtsevent yves rocher _ blogger event m\u00fcnchen\" class=\"post_image_landscape\" style=\"height: auto; width: 1080px;\" \/><\/p>\n<img src=\"http:\/\/thegoldenbun.com\/wp-content\/uploads\/2016\/11\/yvesrocherxmas-_-weihnachtsevent-yves-rocher9.jpg\" alt=\"yvesrocherxmas _ weihnachtsevent yves rocher _ blogger event m\u00fcnchen\" class=\"post_image_portrait_left\" style=\"height: auto; width: 525px;\" \/>\u00a0 \u00a0 \u00a0\u00a0<img src=\"http:\/\/thegoldenbun.com\/wp-content\/uploads\/2016\/11\/yvesrocherxmas-_-weihnachtsevent-yves-rocher10.jpg\" alt=\"yvesrocherxmas _ weihnachtsevent yves rocher _ blogger event m\u00fcnchen\" class=\"post_image_portrait_right\" style=\"height: auto; width: 525px;\"\/>\n<img src=\"http:\/\/thegoldenbun.com\/wp-content\/uploads\/2016\/11\/yvesrocherxmas-_-weihnachtsevent-yves-rocher11.jpg\" alt=\"yvesrocherxmas _ weihnachtsevent yves rocher _ blogger event m\u00fcnchen\" class=\"post_image_landscape\" style=\"height: auto; width: 1080px;\" \/>\n<\/div>\n<div class=\"post_text\">\n<div class=\"post_text_content\">\n<div class=\"post_text_de_content\"> Als wir loslegten sind mir sofort die h\u00fcbschen kleinen Holzringe aufgefallen und habe mich gleich kreativ gehen lassen. Anfangs dachten wir alle, dass wir bestimmt in einer Stunde fertig sein werden, aber so ein Adventskalender braucht schon seine Zeit. Mami, ich will nicht wissen, wie lange du immer gebraucht hast! Alles in allem bin ich sehr zufrieden mit meinem Resultat. Und bevor ich euch jetzt noch l\u00e4nger auf die Folter spanne \u2013\u00a0das <strong>Gewinnspiel<\/strong> findet ihr am Ende des Posts! <em>Viel Gl\u00fcck!<\/em><\/p><\/div>\n<\/p><\/div>\n<\/div>\n<div class=\"post_images\">\n<img src=\"http:\/\/thegoldenbun.com\/wp-content\/uploads\/2016\/11\/yvesrocherxmas-_-weihnachtsevent-yves-rocher12.jpg\" alt=\"yvesrocherxmas _ weihnachtsevent yves rocher _ blogger event m\u00fcnchen\" class=\"post_image_portrait_left\" style=\"height: auto; width: 525px;\" \/>\u00a0 \u00a0 \u00a0\u00a0<img src=\"http:\/\/thegoldenbun.com\/wp-content\/uploads\/2016\/11\/yvesrocherxmas-_-weihnachtsevent-yves-rocher13.jpg\" alt=\"yvesrocherxmas _ weihnachtsevent yves rocher _ blogger event m\u00fcnchen\" class=\"post_image_portrait_right\" style=\"height: auto; width: 525px;\"\/>\n<img src=\"http:\/\/thegoldenbun.com\/wp-content\/uploads\/2016\/11\/yvesrocherxmas-_-weihnachtsevent-yves-rocher17.jpg\" alt=\"yvesrocherxmas _ weihnachtsevent yves rocher _ blogger event m\u00fcnchen\" class=\"post_image_landscape\" style=\"height: auto; width: 1080px;\" \/>\n<\/div>\n<p><center>\r\n                <div align=\"center\">\r\n                    <a href=\"https:\/\/promosimple.com\/ps\/aa6c\" data-campaign=\"aa6c\" class=\"promosimple\">\r\n                        Click here to view this promotion.                    <\/a>\r\n                    <script type=\"text\/javascript\" src=\"https:\/\/promosimple.com\/api\/1.0\/campaign\/aa6c\/iframe-loader\"><\/script>\r\n                    <noscript>\r\n                        You need to enable javascript to enter this campaign! <br \/> Powered by <a href=\"http:\/\/www.promosimple.com\/\">PromoSimple<\/a>.                    <\/noscript>\r\n                <\/div>\r\n                \r\n                <\/center>\n<div class=\"post_text\">\n<div class=\"post_text_header\">\n<div class=\"post_text_header_headline\">\n<h5><em>#yvesrocherxmas<\/em> <b><span style=\"text-transform:uppercase\">Adventskalender-Gewinnspiel<\/span><\/b><\/h5>\n<\/div>\n<div class=\"post_text_header_credits\">photos \u2013 \u00a9 <a href=\"http:\/\/www.marinascholze.com\" target=\"_blank\">Marina Scholze<\/a><\/div>\n<div class=\"post_text_header_small\">*in collaboration with Yves Rocher<em> \u2013\u00a0thank you!<\/em><\/div>\n<\/p><\/div>\n<\/div>\n","protected":false},"excerpt":{"rendered":"<p>Advertisement \/ Anzeige* DE Yves Rocher Xmas. Mein Weihnachtsfieber hat bereits vor zwei Wochen angefangen, als Yves Rocher zu einem gro\u00dfartigen Blogger-Weihnachtsworkshop einlud. Gestern kam ich nochmal so richtig in Weihnachtsstimmung und jetzt h\u00e4ngt die Weihnachtsdekoration und -beleuchtung ohnehin \u00fcberall in der Stadt. Auf Facebook entdeckte ich den wohl sch\u00f6nsten Werbespot (ja die Briten haben es einfach drauf) und habe mir eine Folge Weihnachtsmann und Co.KG angesehen. In den vergangenen [&hellip;]<\/p>\n","protected":false},"author":1,"featured_media":25646,"comment_status":"open","ping_status":"open","sticky":false,"template":"","format":"standard","meta":{"_exactmetrics_skip_tracking":false,"_exactmetrics_sitenote_active":false,"_exactmetrics_sitenote_note":"","_exactmetrics_sitenote_category":0,"spay_email":"","jetpack_publicize_message":"","jetpack_is_tweetstorm":false,"jetpack_publicize_feature_enabled":true},"categories":[9,39,875],"tags":[238,739],"acf":[],"yoast_head":"<!-- This site is optimized with the Yoast SEO plugin v18.9 - https:\/\/yoast.com\/wordpress\/plugins\/seo\/ -->\n<title>#yvesrocherxmas |\u00a0win my advent calendar with Yves Rocher<\/title>\n<meta name=\"description\" content=\"Two weeks ago Yves Rocher invited a bunch of blogger girls to a festive blogger workshop in order to wrap up tons of their products for an advent calendar.\" \/>\n<meta name=\"robots\" content=\"index, follow, max-snippet:-1, max-image-preview:large, max-video-preview:-1\" \/>\n<link rel=\"canonical\" href=\"https:\/\/thegoldenbun.com\/de\/2016\/11\/advent-calendar-yves-rocher\/\" \/>\n<meta property=\"og:locale\" content=\"de_DE\" \/>\n<meta property=\"og:type\" content=\"article\" \/>\n<meta property=\"og:title\" content=\"#yvesrocherxmas |\u00a0win my advent calendar with Yves Rocher\" \/>\n<meta property=\"og:description\" content=\"Two weeks ago Yves Rocher invited a bunch of blogger girls to a festive blogger workshop in order to wrap up tons of their products for an advent calendar.\" \/>\n<meta property=\"og:url\" content=\"https:\/\/thegoldenbun.com\/de\/2016\/11\/advent-calendar-yves-rocher\/\" \/>\n<meta property=\"og:site_name\" content=\"The Golden Bun\" \/>\n<meta property=\"article:publisher\" content=\"http:\/\/www.facebook.com\/thegoldenbun\" \/>\n<meta property=\"article:published_time\" content=\"2016-11-24T06:30:13+00:00\" \/>\n<meta property=\"article:modified_time\" content=\"2017-07-25T16:23:09+00:00\" \/>\n<meta property=\"og:image\" content=\"https:\/\/thegoldenbun.com\/wp-content\/uploads\/2016\/11\/yvesrocherxmas-_-weihnachtsevent-yves-rocher1.jpg\" \/>\n\t<meta property=\"og:image:width\" content=\"1400\" \/>\n\t<meta property=\"og:image:height\" content=\"933\" \/>\n\t<meta property=\"og:image:type\" content=\"image\/jpeg\" \/>\n<meta name=\"twitter:card\" content=\"summary\" \/>\n<meta name=\"twitter:creator\" content=\"@thegoldenbun\" \/>\n<meta name=\"twitter:site\" content=\"@thegoldenbun\" \/>\n<meta name=\"twitter:label1\" content=\"Verfasst von\" \/>\n\t<meta name=\"twitter:data1\" content=\"Vicky\" \/>\n\t<meta name=\"twitter:label2\" content=\"Gesch\u00e4tzte Lesezeit\" \/>\n\t<meta name=\"twitter:data2\" content=\"2\u00a0Minuten\" \/>\n<script type=\"application\/ld+json\" class=\"yoast-schema-graph\">{\"@context\":\"https:\/\/schema.org\",\"@graph\":[{\"@type\":\"WebSite\",\"@id\":\"https:\/\/thegoldenbun.com\/#website\",\"url\":\"https:\/\/thegoldenbun.com\/\",\"name\":\"The Golden Bun\",\"description\":\"Deutscher Reiseblog \/ Modeblog \/ Lifestyleblog \/ Berlin &amp; M\u00fcnchen \/ Reise &amp; Restaurant Tipps\",\"potentialAction\":[{\"@type\":\"SearchAction\",\"target\":{\"@type\":\"EntryPoint\",\"urlTemplate\":\"https:\/\/thegoldenbun.com\/?s={search_term_string}\"},\"query-input\":\"required name=search_term_string\"}],\"inLanguage\":\"de\"},{\"@type\":\"ImageObject\",\"inLanguage\":\"de\",\"@id\":\"https:\/\/thegoldenbun.com\/de\/2016\/11\/advent-calendar-yves-rocher\/#primaryimage\",\"url\":\"https:\/\/thegoldenbun.com\/wp-content\/uploads\/2016\/11\/yvesrocherxmas-_-weihnachtsevent-yves-rocher1.jpg\",\"contentUrl\":\"https:\/\/thegoldenbun.com\/wp-content\/uploads\/2016\/11\/yvesrocherxmas-_-weihnachtsevent-yves-rocher1.jpg\",\"width\":1400,\"height\":933,\"caption\":\"yvesrocherxmas _ weihnachtsevent yves rocher _ blogger event m\u00fcnchen\"},{\"@type\":\"WebPage\",\"@id\":\"https:\/\/thegoldenbun.com\/de\/2016\/11\/advent-calendar-yves-rocher\/#webpage\",\"url\":\"https:\/\/thegoldenbun.com\/de\/2016\/11\/advent-calendar-yves-rocher\/\",\"name\":\"#yvesrocherxmas |\u00a0win my advent calendar with Yves Rocher\",\"isPartOf\":{\"@id\":\"https:\/\/thegoldenbun.com\/#website\"},\"primaryImageOfPage\":{\"@id\":\"https:\/\/thegoldenbun.com\/de\/2016\/11\/advent-calendar-yves-rocher\/#primaryimage\"},\"datePublished\":\"2016-11-24T06:30:13+00:00\",\"dateModified\":\"2017-07-25T16:23:09+00:00\",\"author\":{\"@id\":\"https:\/\/thegoldenbun.com\/#\/schema\/person\/a8ed0c60451d5a883d10e21afc630268\"},\"description\":\"Two weeks ago Yves Rocher invited a bunch of blogger girls to a festive blogger workshop in order to wrap up tons of their products for an advent calendar.\",\"breadcrumb\":{\"@id\":\"https:\/\/thegoldenbun.com\/de\/2016\/11\/advent-calendar-yves-rocher\/#breadcrumb\"},\"inLanguage\":\"de\",\"potentialAction\":[{\"@type\":\"ReadAction\",\"target\":[\"https:\/\/thegoldenbun.com\/de\/2016\/11\/advent-calendar-yves-rocher\/\"]}]},{\"@type\":\"BreadcrumbList\",\"@id\":\"https:\/\/thegoldenbun.com\/de\/2016\/11\/advent-calendar-yves-rocher\/#breadcrumb\",\"itemListElement\":[{\"@type\":\"ListItem\",\"position\":1,\"name\":\"Home\",\"item\":\"https:\/\/thegoldenbun.com\/\"},{\"@type\":\"ListItem\",\"position\":2,\"name\":\"#yvesrocherxmas |\u00a0win my Advent calendar with Yves Rocher\"}]},{\"@type\":\"Person\",\"@id\":\"https:\/\/thegoldenbun.com\/#\/schema\/person\/a8ed0c60451d5a883d10e21afc630268\",\"name\":\"Vicky\",\"url\":\"https:\/\/thegoldenbun.com\/de\/author\/tgb\/\"}]}<\/script>\n<!-- \/ Yoast SEO plugin. -->","yoast_head_json":{"title":"#yvesrocherxmas |\u00a0win my advent calendar with Yves Rocher","description":"Two weeks ago Yves Rocher invited a bunch of blogger girls to a festive blogger workshop in order to wrap up tons of their products for an advent calendar.","robots":{"index":"index","follow":"follow","max-snippet":"max-snippet:-1","max-image-preview":"max-image-preview:large","max-video-preview":"max-video-preview:-1"},"canonical":"https:\/\/thegoldenbun.com\/de\/2016\/11\/advent-calendar-yves-rocher\/","og_locale":"de_DE","og_type":"article","og_title":"#yvesrocherxmas |\u00a0win my advent calendar with Yves Rocher","og_description":"Two weeks ago Yves Rocher invited a bunch of blogger girls to a festive blogger workshop in order to wrap up tons of their products for an advent calendar.","og_url":"https:\/\/thegoldenbun.com\/de\/2016\/11\/advent-calendar-yves-rocher\/","og_site_name":"The Golden Bun","article_publisher":"http:\/\/www.facebook.com\/thegoldenbun","article_published_time":"2016-11-24T06:30:13+00:00","article_modified_time":"2017-07-25T16:23:09+00:00","og_image":[{"width":1400,"height":933,"url":"https:\/\/thegoldenbun.com\/wp-content\/uploads\/2016\/11\/yvesrocherxmas-_-weihnachtsevent-yves-rocher1.jpg","type":"image\/jpeg"}],"twitter_card":"summary","twitter_creator":"@thegoldenbun","twitter_site":"@thegoldenbun","twitter_misc":{"Verfasst von":"Vicky","Gesch\u00e4tzte Lesezeit":"2\u00a0Minuten"},"schema":{"@context":"https:\/\/schema.org","@graph":[{"@type":"WebSite","@id":"https:\/\/thegoldenbun.com\/#website","url":"https:\/\/thegoldenbun.com\/","name":"The Golden Bun","description":"Deutscher Reiseblog \/ Modeblog \/ Lifestyleblog \/ Berlin &amp; M\u00fcnchen \/ Reise &amp; Restaurant Tipps","potentialAction":[{"@type":"SearchAction","target":{"@type":"EntryPoint","urlTemplate":"https:\/\/thegoldenbun.com\/?s={search_term_string}"},"query-input":"required name=search_term_string"}],"inLanguage":"de"},{"@type":"ImageObject","inLanguage":"de","@id":"https:\/\/thegoldenbun.com\/de\/2016\/11\/advent-calendar-yves-rocher\/#primaryimage","url":"https:\/\/thegoldenbun.com\/wp-content\/uploads\/2016\/11\/yvesrocherxmas-_-weihnachtsevent-yves-rocher1.jpg","contentUrl":"https:\/\/thegoldenbun.com\/wp-content\/uploads\/2016\/11\/yvesrocherxmas-_-weihnachtsevent-yves-rocher1.jpg","width":1400,"height":933,"caption":"yvesrocherxmas _ weihnachtsevent yves rocher _ blogger event m\u00fcnchen"},{"@type":"WebPage","@id":"https:\/\/thegoldenbun.com\/de\/2016\/11\/advent-calendar-yves-rocher\/#webpage","url":"https:\/\/thegoldenbun.com\/de\/2016\/11\/advent-calendar-yves-rocher\/","name":"#yvesrocherxmas |\u00a0win my advent calendar with Yves Rocher","isPartOf":{"@id":"https:\/\/thegoldenbun.com\/#website"},"primaryImageOfPage":{"@id":"https:\/\/thegoldenbun.com\/de\/2016\/11\/advent-calendar-yves-rocher\/#primaryimage"},"datePublished":"2016-11-24T06:30:13+00:00","dateModified":"2017-07-25T16:23:09+00:00","author":{"@id":"https:\/\/thegoldenbun.com\/#\/schema\/person\/a8ed0c60451d5a883d10e21afc630268"},"description":"Two weeks ago Yves Rocher invited a bunch of blogger girls to a festive blogger workshop in order to wrap up tons of their products for an advent calendar.","breadcrumb":{"@id":"https:\/\/thegoldenbun.com\/de\/2016\/11\/advent-calendar-yves-rocher\/#breadcrumb"},"inLanguage":"de","potentialAction":[{"@type":"ReadAction","target":["https:\/\/thegoldenbun.com\/de\/2016\/11\/advent-calendar-yves-rocher\/"]}]},{"@type":"BreadcrumbList","@id":"https:\/\/thegoldenbun.com\/de\/2016\/11\/advent-calendar-yves-rocher\/#breadcrumb","itemListElement":[{"@type":"ListItem","position":1,"name":"Home","item":"https:\/\/thegoldenbun.com\/"},{"@type":"ListItem","position":2,"name":"#yvesrocherxmas |\u00a0win my Advent calendar with Yves Rocher"}]},{"@type":"Person","@id":"https:\/\/thegoldenbun.com\/#\/schema\/person\/a8ed0c60451d5a883d10e21afc630268","name":"Vicky","url":"https:\/\/thegoldenbun.com\/de\/author\/tgb\/"}]}},"jetpack_featured_media_url":"https:\/\/thegoldenbun.com\/wp-content\/uploads\/2016\/11\/yvesrocherxmas-_-weihnachtsevent-yves-rocher1.jpg","jetpack_publicize_connections":[],"jetpack_sharing_enabled":true,"_links":{"self":[{"href":"https:\/\/thegoldenbun.com\/de\/wp-json\/wp\/v2\/posts\/25645"}],"collection":[{"href":"https:\/\/thegoldenbun.com\/de\/wp-json\/wp\/v2\/posts"}],"about":[{"href":"https:\/\/thegoldenbun.com\/de\/wp-json\/wp\/v2\/types\/post"}],"author":[{"embeddable":true,"href":"https:\/\/thegoldenbun.com\/de\/wp-json\/wp\/v2\/users\/1"}],"replies":[{"embeddable":true,"href":"https:\/\/thegoldenbun.com\/de\/wp-json\/wp\/v2\/comments?post=25645"}],"version-history":[{"count":0,"href":"https:\/\/thegoldenbun.com\/de\/wp-json\/wp\/v2\/posts\/25645\/revisions"}],"wp:featuredmedia":[{"embeddable":true,"href":"https:\/\/thegoldenbun.com\/de\/wp-json\/wp\/v2\/media\/25646"}],"wp:attachment":[{"href":"https:\/\/thegoldenbun.com\/de\/wp-json\/wp\/v2\/media?parent=25645"}],"wp:term":[{"taxonomy":"category","embeddable":true,"href":"https:\/\/thegoldenbun.com\/de\/wp-json\/wp\/v2\/categories?post=25645"},{"taxonomy":"post_tag","embeddable":true,"href":"https:\/\/thegoldenbun.com\/de\/wp-json\/wp\/v2\/tags?post=25645"}],"curies":[{"name":"wp","href":"https:\/\/api.w.org\/{rel}","templated":true}]}}