{"id":26126,"date":"2017-02-14T15:37:06","date_gmt":"2017-02-14T14:37:06","guid":{"rendered":"http:\/\/thegoldenbun.com\/?p=26126"},"modified":"2019-04-01T23:36:25","modified_gmt":"2019-04-01T21:36:25","slug":"my-travel-bucket-list-for-2017","status":"publish","type":"post","link":"https:\/\/thegoldenbun.com\/de\/2017\/02\/my-travel-bucket-list-for-2017\/","title":{"rendered":"Meine REISE-Wunschziele f\u00fcr 2017"},"content":{"rendered":"<p><\/p>\n<div class=\"post_images\">\n  <img class=\"post_image_landscape\" src=\"http:\/\/thegoldenbun.com\/wp-content\/uploads\/2016\/06\/piran-portoroz-slovenian-rivierea-istrien-slovenia-slowenien1.jpg\" style=\"height: auto; width: 1080px;\" alt=\"The Golden Bun | M\u00fcnchen Modeblog, German Fashion Blog, Fashionblogger, new trends\" \/><\/div>\n<div class=\"post_text\">\n<div class=\"post_text_content\">\n<div class=\"post_text_en_content\"><strong>Travel-bucket list.<\/strong> Meine diesj\u00e4hrige Reisewunschliste hat etwas l\u00e4nger gedauert, als ich dachte. Ich habe mich schwer getan, mich auf zehn Destinationen zu beschr\u00e4nken. Letztes Jahr war ich sehr flei\u00dfig und habe mehr von meiner Liste abhaken k\u00f6nnte, als ich dachte \u2013 4\/10 Punkte ist nicht schlecht, oder? <a href=\"http:\/\/thegoldenbun.com\/tag\/barcelona\/\">Barcelona<\/a> (werde ich dieses Jahr eindeutig wieder hinfahren), <a href=\"http:\/\/thegoldenbun.com\/tag\/lisbon\/\">Lissabon<\/a>, <a href=\"http:\/\/thegoldenbun.com\/tag\/morocco\/\">Marrakesch<\/a>, sowie das erste Mal in <a href=\"http:\/\/thegoldenbun.com\/tag\/croatia\/\">Kroatien<\/a> (wo ich im Sommer unbedingt nochmal hin m\u00f6chte) stand auf meinem Reiseprogramm. Zudem befand sich <strong>Tokio<\/strong> auf meiner Liste, wo ich n\u00e4chste Woche hinreisen werde. Wie sehr ihr mich freue, k\u00f6nnt ihr euch vorstellen!<\/p>\n<p>Hier ist meine Ideen f\u00fcr Reisedestinationen f\u00fcr dieses Jahr:<\/p>\n<h3 style=\"text-align: center;\"><em>Reise-Wunschliste<\/em> <b><span style=\"text-transform: uppercase;\">Heli-Ski in Kanada<\/span><\/b><\/h3>\n<p>Seitdem ich Jon Olssons Vlogs anschaue und er neulich in Kanada Heli-Ski fahren war, m\u00f6chte ich das unbedingt machen. Ich fahre unheimlich gerne Ski und all der Neuschnee hat mich schwer neidisch gemacht. Ski fahren in Japan steht au\u00dferdem auf meiner Liste (wenn es nicht so teuer w\u00e4re).<\/p><\/div>\n<\/p><\/div>\n<\/div>\n<div class=\"post_images\">\n<img class=\"post_image_landscape\" src=\"http:\/\/thegoldenbun.com\/wp-content\/uploads\/2017\/02\/the-golden-bun-_-travel-bucket-list-2017-1.jpg\" style=\"height: auto; width: 1080px;\" alt=\"The Golden Bun | M\u00fcnchen Modeblog, German Fashion Blog, Fashionblogger, new trends\" \/><\/div>\n<div class=\"post_text_header_credits\"><em>photo credit <a href=\"http:\/\/www.nationalgeographic.com\/adventure\/trips\/bucket-list\/ski-snowboard-selkirks-british-columbia\/#\/40852.jpg\" target=\"_blank\">National Geographic<\/a> <\/em><\/div>\n<div class=\"post_text\">\n<div class=\"post_text_content\">\n<div class=\"post_text_en_content\">\n<h3 style=\"text-align: center;\"><em>Reise-Wunschliste<\/em> <b><span style=\"text-transform: uppercase;\">Thailand<\/span><\/b><\/h3>\n<p>Anfang April geht es f\u00fcr mich das erste Mal nach <em>Thailand<\/em> und ich freue mich schon sehr. Das Land sieht unglaublich inspirierend aus und das Reiseprogramm sieht schon Mal super aus.\n   <\/div><\/div>\n<\/div>\n<div class=\"post_images\">\n<img class=\"post_image_landscape\" src=\"http:\/\/thegoldenbun.com\/wp-content\/uploads\/2017\/02\/the-golden-bun-_-travel-bucket-list-2017-2.jpg\" style=\"height: auto; width: 1080px;\" alt=\"The Golden Bun | M\u00fcnchen Modeblog, German Fashion Blog, Fashionblogger, new trends\" \/><\/div>\n<div class=\"post_text_header_credits\"><em>photo credit <a href=\"https:\/\/pixabay.com\/de\/ayutthaya-alt-ma\u00dfnahme-die-kunst-2021153\/\" target=\"_blank\">Pixabay<\/a><\/em><\/div>\n<div class=\"post_text\">\n<div class=\"post_text_content\">\n<div class=\"post_text_en_content\">\n<h3 style=\"text-align: center;\"><em>Reise-Wunschliste<\/em> <b><span style=\"text-transform: uppercase;\">BraSilien<\/span><\/b><\/h3>\n<p>Ein Freund von mir hat eine Weile in <em>Brasilien<\/em> gewohnt und schw\u00e4rmte nur von dem Land. <em>Rio de Janeiro <\/em>und <em>S\u00e3o Paulo<\/em> schauen so sch\u00f6n aus. Wenn ich aber schon Mal da bin, m\u00f6chte ich unbedingt auch ins Inland fahren.\n<\/div><\/div>\n<\/div>\n<div class=\"post_images\">\n<img class=\"post_image_landscape\" src=\"http:\/\/thegoldenbun.com\/wp-content\/uploads\/2017\/02\/the-golden-bun-_-travel-bucket-list-2017-3.jpg\" style=\"height: auto; width: 1080px;\" alt=\"The Golden Bun | M\u00fcnchen Modeblog, German Fashion Blog, Fashionblogger, new trends\" \/><\/div>\n<div class=\"post_text_header_credits\"><em>photo credit <a href=\"https:\/\/pixabay.com\/de\/ausblick-vom-zuckerhut-1141047\/\" target=\"_blank\">Pixabay<\/a><\/em><\/div>\n<div class=\"post_text\">\n<div class=\"post_text_content\">\n<div class=\"post_text_en_content\">\n<h3 style=\"text-align: center;\"><em>Reise-Wunschliste<\/em> <b><span style=\"text-transform: uppercase;\">Sizilien<\/span><\/b><\/h3>\n<p>Italien ist immer eine gute Idee. Auch wenn ich in Italien aufgewachsen bin und sehr viel davon gesehen habe, war ich noch nie in <em>Sizilien<\/em>. Die Insel soll der Wahnsinn sein! Aber eigentlich hatte ich ja gesagt, dass ich in Europa reisen kann, wenn ich alt bin.\n <\/div><\/div>\n<\/div>\n<div class=\"post_images\">\n<img class=\"post_image_landscape\" src=\"http:\/\/thegoldenbun.com\/wp-content\/uploads\/2017\/02\/the-golden-bun-_-travel-bucket-list-2017-4.jpg\" style=\"height: auto; width: 1080px;\" alt=\"The Golden Bun | M\u00fcnchen Modeblog, German Fashion Blog, Fashionblogger, new trends\" \/><\/div>\n<div class=\"post_text_header_credits\"><em>photo credits <a href=\"http:\/\/www.cntraveler.com\/galleries\/2016-03-23\/the-10-most-beautiful-small-towns-in-italy?mbid=social_pinterest\" target=\"_blank\">CNC Traveler<\/a><\/em><\/div>\n<div class=\"post_text\">\n<div class=\"post_text_content\">\n<div class=\"post_text_en_content\">\n<h3 style=\"text-align: center;\"><em>Reise-Wunschliste<\/em> <b><span style=\"text-transform: uppercase;\">Sieben seen wanderung in S\u00fcdtirol<\/span><\/b><\/h3>\n<p>Den Sommer werde ich wahrscheinlich in S\u00fcdtirol verbringen und die man kann ja auch ein paar Reisedestination in der eigenen Heimat haben. Die <em>7 Seen Wanderung in S\u00fcdtirol<\/em> wollte ich schon l\u00e4nger machen. Ich bin ein gro\u00dfer Wander-Fan geworden und wir haben so eine traumhafte Landschaft in S\u00fcdtirol, die man ausnutzen muss.\n<\/div><\/div>\n<\/div>\n<div class=\"post_images\">\n<img class=\"post_image_landscape\" src=\"http:\/\/thegoldenbun.com\/wp-content\/uploads\/2017\/02\/the-golden-bun-_-travel-bucket-list-2017-5.jpg\" style=\"height: auto; width: 1080px;\" alt=\"The Golden Bun | M\u00fcnchen Modeblog, German Fashion Blog, Fashionblogger, new trends\" \/><\/div>\n<div class=\"post_text_header_credits\"><em>photo credit <a href=\"https:\/\/www.bergwelten.com\/a\/die-sieben-seen-runde\" target=\"_blank\">Bergwelten<\/a><\/em><\/div>\n<div class=\"post_text\">\n<div class=\"post_text_content\">\n<div class=\"post_text_en_content\">\n<h3 style=\"text-align: center;\"><em>Reise-Wunschliste<\/em> <b><span style=\"text-transform: uppercase;\">Oslo<\/span><\/b><\/h3>\n<p>Ein paar Orte in Europa durften nicht fehlen. <em>Oslo<\/em> w\u00e4re super f\u00fcr einen Wochenend-Trip. Die Stadt hat so vieles zu bieten \u2013 gro\u00dfartige Architektur, Kunst und Kulinarik. Derzeit ist es mir noch etwas zu kalt, aber f\u00fcr den Fr\u00fchling w\u00e4re es sch\u00f6n.      <\/div><\/div>\n<\/div>\n<div class=\"post_images\">\n<img class=\"post_image_landscape\" src=\"http:\/\/thegoldenbun.com\/wp-content\/uploads\/2017\/02\/the-golden-bun-_-travel-bucket-list-2017-6.jpg\" style=\"height: auto; width: 1080px;\" alt=\"The Golden Bun | M\u00fcnchen Modeblog, German Fashion Blog, Fashionblogger, new trends\" \/><\/div>\n<div class=\"post_text_header_credits\"><em>photo credit <a href=\"https:\/\/pixabay.com\/de\/norwegen-oslo-oper-opernhaus-1737694\/\" target=\"_blank\">Pixabay<\/a><\/em><\/div>\n<div class=\"post_text\">\n<div class=\"post_text_content\">\n<div class=\"post_text_en_content\">\n<h3 style=\"text-align: center;\"><em>Reise-Wunschliste<\/em> <b><span style=\"text-transform: uppercase;\">kalifornien<\/span><\/b><\/h3>\n<p>Nach <em>Kalifornien<\/em> wollte ich eigentlich im Fr\u00fchjahr, aber leider sind mir andere Reisen dazwischen gekommen. Ich versuche nun im Herbst dorthin zu fliegen, sobald es hier k\u00e4lter wird.\n<\/div><\/div>\n<\/div>\n<div class=\"post_images\">\n<img class=\"post_image_landscape\" src=\"http:\/\/thegoldenbun.com\/wp-content\/uploads\/2017\/02\/the-golden-bun-_-travel-bucket-list-2017-7.jpg\" style=\"height: auto; width: 1080px;\" alt=\"The Golden Bun | M\u00fcnchen Modeblog, German Fashion Blog, Fashionblogger, new trends\" \/><\/div>\n<div class=\"post_text_header_credits\"><em>photo credit <a href=\"https:\/\/pixabay.com\/de\/strand-rettungsschwimmer-turm-1630458\/\" target=\"_blank\">Pixabay<\/a><\/em><\/div>\n<div class=\"post_text\">\n<div class=\"post_text_content\">\n<div class=\"post_text_en_content\">\n<h3 style=\"text-align: center;\"><em>Reise-Wunschliste<\/em> <b><span style=\"text-transform: uppercase;\">Oman<\/span><\/b><\/h3>\n<p>Amandine war vor einigen Monaten im <em>Oman<\/em> und die Bilder sahen so toll aus. Ich bin auch ein gro\u00dfer Indiana Jones Fan und einige Szenen wurden dort gedreht. Das Land sieht unglaublich beeindruckend und authentisch aus.\n<\/div><\/div>\n<\/div>\n<div class=\"post_images\">\n<img src=\"http:\/\/thegoldenbun.com\/wp-content\/uploads\/2017\/02\/the-golden-bun-_-travel-bucket-list-2017-8.jpg\" alt=\"The Golden Bun | M\u00fcnchen Modeblog, German Fashion Blog, Fashionblogger, new trends\"\nclass=\"post_image_portrait_left\" style=\"height: auto; width: 525px;\" \/>\u00a0 \u00a0 \u00a0\u00a0<img src=\"http:\/\/thegoldenbun.com\/wp-content\/uploads\/2017\/02\/the-golden-bun-_-travel-bucket-list-2017-9.jpg\" alt=\"The Golden Bun | M\u00fcnchen Modeblog, German Fashion Blog, Fashionblogger, new trends\"\nclass=\"post_image_portrait_right\" style=\"height: auto; width: 525px;\"\/><\/div>\n<div class=\"post_text_header_credits\"><em>photo credit <a href=\"https:\/\/pixabay.com\/de\/wadi-oman-natur-exotische-tropisch-978455\/\"target=\"_blank\">Pixabay left<\/a><\/em> | <a href=\"https:\/\/pixabay.com\/de\/moschee-oman-tempel-islam-muslim-1457073\/\"target=\"_blank\"><em>Pixabay right<\/em><\/a><\/div>\n<div class=\"post_text\">\n<div class=\"post_text_content\">\n<div class=\"post_text_en_content\">\n<h3 style=\"text-align: center;\"><em>Reise-Wunschliste<\/em> <b><span style=\"text-transform: uppercase;\">S\u00fcdafrika<\/span><\/b><\/h3>\n<p>Wer tr\u00e4umt nicht davon, einmal nach <em>S\u00fcdafrika<\/em> zu fliegen \u2013\u00a0Kapstadt, Johannesburg, Glamping und Safari.<\/div><\/div>\n<\/div>\n<div class=\"post_images\">\n<img class=\"post_image_landscape\" src=\"http:\/\/thegoldenbun.com\/wp-content\/uploads\/2017\/02\/the-golden-bun-_-travel-bucket-list-2017-10.jpg\" style=\"height: auto; width: 1080px;\" alt=\"The Golden Bun | M\u00fcnchen Modeblog, German Fashion Blog, Fashionblogger, new trends\" \/><\/div>\n<div class=\"post_text_header_credits\"><em>photo credit <a href=\"https:\/\/pixabay.com\/de\/pinguine-strand-tropisch-sand-wei\u00df-857206\/\" target=\"_blank\">Pixabay<\/a><\/em><\/div>\n<div class=\"post_text\">\n<div class=\"post_text_content\">\n<div class=\"post_text_en_content\">\n<h3 style=\"text-align: center;\"><em>Reise-Wunschliste<\/em> <b><span style=\"text-transform: uppercase;\">Athen<\/span><\/b><\/h3>\n<p>Eine weitere Destination, die ich im Juni abhaken kann. Zusammen mit Amandine werde ich <em>Athen<\/em> unsicher machen, die historisch super interessant ist. Au\u00dferdem findet dieses Jahr eine der gr\u00f6\u00dften Kunstmessen der Welt in Athen statt &#8211; die <a href=\"http:\/\/www.documenta14.de\/en\/\">Documenta<\/a>. Ich bin ein gro\u00dfer Griechenland-Fan und freue mich auf Gyros und griechischer Salat jeden Tag!\n <\/div><\/div>\n<\/div>\n<div class=\"post_images\">\n<img class=\"post_image_landscape\" src=\"http:\/\/thegoldenbun.com\/wp-content\/uploads\/2017\/02\/the-golden-bun-_-travel-bucket-list-2017-12.jpg\" style=\"height: auto; width: 1080px;\" alt=\"The Golden Bun | M\u00fcnchen Modeblog, German Fashion Blog, Fashionblogger, new trends\" \/><\/div>\n<div class=\"post_text_header_credits\"><em>photo credit <a href=\"https:\/\/pixabay.com\/de\/athen-akropolis-antike-theater-2004353\/\" target=\"_blank\">Pixabay<\/a><\/em><\/div>\n<div class=\"post_text\">\n<div class=\"post_text_content\">\n<div class=\"post_text_en_content\"> Mal schauen, was sich dieses Jahr realisieren l\u00e4sst. Ich bin gespannt!<\/p>\n<p>      <center>\n<h5><i>Was sind eure Reisepl\u00e4ne f\u00fcr 2017?<\/i><\/h5>\n<p><\/center><\/div>\n<\/p><\/div>\n<\/div>\n<p><\/p>","protected":false},"excerpt":{"rendered":"<p>Travel-bucket list. Meine diesj\u00e4hrige Reisewunschliste hat etwas l\u00e4nger gedauert, als ich dachte. Ich habe mich schwer getan, mich auf zehn Destinationen zu beschr\u00e4nken. Letztes Jahr war ich sehr flei\u00dfig und habe mehr von meiner Liste abhaken k\u00f6nnte, als ich dachte \u2013 4\/10 Punkte ist nicht schlecht, oder? Barcelona (werde ich dieses Jahr eindeutig wieder hinfahren), Lissabon, Marrakesch, sowie das erste Mal in Kroatien (wo ich im Sommer unbedingt nochmal hin [&hellip;]<\/p>\n","protected":false},"author":1,"featured_media":23056,"comment_status":"open","ping_status":"open","sticky":false,"template":"","format":"standard","meta":{"_exactmetrics_skip_tracking":false,"_exactmetrics_sitenote_active":false,"_exactmetrics_sitenote_note":"","_exactmetrics_sitenote_category":0,"spay_email":"","jetpack_publicize_message":"","jetpack_is_tweetstorm":false,"jetpack_publicize_feature_enabled":true},"categories":[7],"tags":[740,589,1177],"acf":[],"yoast_head":"<!-- This site is optimized with the Yoast SEO plugin v18.9 - https:\/\/yoast.com\/wordpress\/plugins\/seo\/ -->\n<title>Meine REISE-Wunschziele f\u00fcr 2017 - The Golden Bun<\/title>\n<meta name=\"robots\" content=\"index, follow, max-snippet:-1, max-image-preview:large, max-video-preview:-1\" \/>\n<link rel=\"canonical\" href=\"https:\/\/thegoldenbun.com\/2017\/02\/my-travel-bucket-list-for-2017\/\" \/>\n<meta property=\"og:locale\" content=\"de_DE\" \/>\n<meta property=\"og:type\" content=\"article\" \/>\n<meta property=\"og:title\" content=\"Meine REISE-Wunschziele f\u00fcr 2017 - The Golden Bun\" \/>\n<meta property=\"og:description\" content=\"Travel-bucket list. Meine diesj\u00e4hrige Reisewunschliste hat etwas l\u00e4nger gedauert, als ich dachte. Ich habe mich schwer getan, mich auf zehn Destinationen zu beschr\u00e4nken. Letztes Jahr war ich sehr flei\u00dfig und habe mehr von meiner Liste abhaken k\u00f6nnte, als ich dachte \u2013 4\/10 Punkte ist nicht schlecht, oder? Barcelona (werde ich dieses Jahr eindeutig wieder hinfahren), Lissabon, Marrakesch, sowie das erste Mal in Kroatien (wo ich im Sommer unbedingt nochmal hin [&hellip;]\" \/>\n<meta property=\"og:url\" content=\"https:\/\/thegoldenbun.com\/2017\/02\/my-travel-bucket-list-for-2017\/\" \/>\n<meta property=\"og:site_name\" content=\"The Golden Bun\" \/>\n<meta property=\"article:publisher\" content=\"http:\/\/www.facebook.com\/thegoldenbun\" \/>\n<meta property=\"article:published_time\" content=\"2017-02-14T14:37:06+00:00\" \/>\n<meta property=\"article:modified_time\" content=\"2019-04-01T21:36:25+00:00\" \/>\n<meta property=\"og:image\" content=\"https:\/\/thegoldenbun.com\/wp-content\/uploads\/2016\/06\/piran-portoroz-slovenian-rivierea-istrien-slovenia-slowenien1.jpg\" \/>\n\t<meta property=\"og:image:width\" content=\"1400\" \/>\n\t<meta property=\"og:image:height\" content=\"933\" \/>\n\t<meta property=\"og:image:type\" content=\"image\/jpeg\" \/>\n<meta name=\"twitter:card\" content=\"summary\" \/>\n<meta name=\"twitter:creator\" content=\"@thegoldenbun\" \/>\n<meta name=\"twitter:site\" content=\"@thegoldenbun\" \/>\n<meta name=\"twitter:label1\" content=\"Verfasst von\" \/>\n\t<meta name=\"twitter:data1\" content=\"Vicky\" \/>\n\t<meta name=\"twitter:label2\" content=\"Gesch\u00e4tzte Lesezeit\" \/>\n\t<meta name=\"twitter:data2\" content=\"6\u00a0Minuten\" \/>\n<script type=\"application\/ld+json\" class=\"yoast-schema-graph\">{\"@context\":\"https:\/\/schema.org\",\"@graph\":[{\"@type\":\"WebSite\",\"@id\":\"https:\/\/thegoldenbun.com\/#website\",\"url\":\"https:\/\/thegoldenbun.com\/\",\"name\":\"The Golden Bun\",\"description\":\"Deutscher Reiseblog \/ Modeblog \/ Lifestyleblog \/ Berlin &amp; M\u00fcnchen \/ Reise &amp; Restaurant Tipps\",\"potentialAction\":[{\"@type\":\"SearchAction\",\"target\":{\"@type\":\"EntryPoint\",\"urlTemplate\":\"https:\/\/thegoldenbun.com\/?s={search_term_string}\"},\"query-input\":\"required name=search_term_string\"}],\"inLanguage\":\"de\"},{\"@type\":\"ImageObject\",\"inLanguage\":\"de\",\"@id\":\"https:\/\/thegoldenbun.com\/2017\/02\/my-travel-bucket-list-for-2017\/#primaryimage\",\"url\":\"https:\/\/thegoldenbun.com\/wp-content\/uploads\/2016\/06\/piran-portoroz-slovenian-rivierea-istrien-slovenia-slowenien1.jpg\",\"contentUrl\":\"https:\/\/thegoldenbun.com\/wp-content\/uploads\/2016\/06\/piran-portoroz-slovenian-rivierea-istrien-slovenia-slowenien1.jpg\",\"width\":1400,\"height\":933,\"caption\":\"piran portoroz slovenian riviera istrien slovenia slowenien\"},{\"@type\":\"WebPage\",\"@id\":\"https:\/\/thegoldenbun.com\/2017\/02\/my-travel-bucket-list-for-2017\/#webpage\",\"url\":\"https:\/\/thegoldenbun.com\/2017\/02\/my-travel-bucket-list-for-2017\/\",\"name\":\"Meine REISE-Wunschziele f\u00fcr 2017 - The Golden Bun\",\"isPartOf\":{\"@id\":\"https:\/\/thegoldenbun.com\/#website\"},\"primaryImageOfPage\":{\"@id\":\"https:\/\/thegoldenbun.com\/2017\/02\/my-travel-bucket-list-for-2017\/#primaryimage\"},\"datePublished\":\"2017-02-14T14:37:06+00:00\",\"dateModified\":\"2019-04-01T21:36:25+00:00\",\"author\":{\"@id\":\"https:\/\/thegoldenbun.com\/#\/schema\/person\/a8ed0c60451d5a883d10e21afc630268\"},\"breadcrumb\":{\"@id\":\"https:\/\/thegoldenbun.com\/2017\/02\/my-travel-bucket-list-for-2017\/#breadcrumb\"},\"inLanguage\":\"de\",\"potentialAction\":[{\"@type\":\"ReadAction\",\"target\":[\"https:\/\/thegoldenbun.com\/2017\/02\/my-travel-bucket-list-for-2017\/\"]}]},{\"@type\":\"BreadcrumbList\",\"@id\":\"https:\/\/thegoldenbun.com\/2017\/02\/my-travel-bucket-list-for-2017\/#breadcrumb\",\"itemListElement\":[{\"@type\":\"ListItem\",\"position\":1,\"name\":\"Home\",\"item\":\"https:\/\/thegoldenbun.com\/\"},{\"@type\":\"ListItem\",\"position\":2,\"name\":\"My TRAVEL bucket list for 2017\"}]},{\"@type\":\"Person\",\"@id\":\"https:\/\/thegoldenbun.com\/#\/schema\/person\/a8ed0c60451d5a883d10e21afc630268\",\"name\":\"Vicky\",\"url\":\"https:\/\/thegoldenbun.com\/de\/author\/tgb\/\"}]}<\/script>\n<!-- \/ Yoast SEO plugin. -->","yoast_head_json":{"title":"Meine REISE-Wunschziele f\u00fcr 2017 - The Golden Bun","robots":{"index":"index","follow":"follow","max-snippet":"max-snippet:-1","max-image-preview":"max-image-preview:large","max-video-preview":"max-video-preview:-1"},"canonical":"https:\/\/thegoldenbun.com\/2017\/02\/my-travel-bucket-list-for-2017\/","og_locale":"de_DE","og_type":"article","og_title":"Meine REISE-Wunschziele f\u00fcr 2017 - The Golden Bun","og_description":"Travel-bucket list. Meine diesj\u00e4hrige Reisewunschliste hat etwas l\u00e4nger gedauert, als ich dachte. Ich habe mich schwer getan, mich auf zehn Destinationen zu beschr\u00e4nken. Letztes Jahr war ich sehr flei\u00dfig und habe mehr von meiner Liste abhaken k\u00f6nnte, als ich dachte \u2013 4\/10 Punkte ist nicht schlecht, oder? Barcelona (werde ich dieses Jahr eindeutig wieder hinfahren), Lissabon, Marrakesch, sowie das erste Mal in Kroatien (wo ich im Sommer unbedingt nochmal hin [&hellip;]","og_url":"https:\/\/thegoldenbun.com\/2017\/02\/my-travel-bucket-list-for-2017\/","og_site_name":"The Golden Bun","article_publisher":"http:\/\/www.facebook.com\/thegoldenbun","article_published_time":"2017-02-14T14:37:06+00:00","article_modified_time":"2019-04-01T21:36:25+00:00","og_image":[{"width":1400,"height":933,"url":"https:\/\/thegoldenbun.com\/wp-content\/uploads\/2016\/06\/piran-portoroz-slovenian-rivierea-istrien-slovenia-slowenien1.jpg","type":"image\/jpeg"}],"twitter_card":"summary","twitter_creator":"@thegoldenbun","twitter_site":"@thegoldenbun","twitter_misc":{"Verfasst von":"Vicky","Gesch\u00e4tzte Lesezeit":"6\u00a0Minuten"},"schema":{"@context":"https:\/\/schema.org","@graph":[{"@type":"WebSite","@id":"https:\/\/thegoldenbun.com\/#website","url":"https:\/\/thegoldenbun.com\/","name":"The Golden Bun","description":"Deutscher Reiseblog \/ Modeblog \/ Lifestyleblog \/ Berlin &amp; M\u00fcnchen \/ Reise &amp; Restaurant Tipps","potentialAction":[{"@type":"SearchAction","target":{"@type":"EntryPoint","urlTemplate":"https:\/\/thegoldenbun.com\/?s={search_term_string}"},"query-input":"required name=search_term_string"}],"inLanguage":"de"},{"@type":"ImageObject","inLanguage":"de","@id":"https:\/\/thegoldenbun.com\/2017\/02\/my-travel-bucket-list-for-2017\/#primaryimage","url":"https:\/\/thegoldenbun.com\/wp-content\/uploads\/2016\/06\/piran-portoroz-slovenian-rivierea-istrien-slovenia-slowenien1.jpg","contentUrl":"https:\/\/thegoldenbun.com\/wp-content\/uploads\/2016\/06\/piran-portoroz-slovenian-rivierea-istrien-slovenia-slowenien1.jpg","width":1400,"height":933,"caption":"piran portoroz slovenian riviera istrien slovenia slowenien"},{"@type":"WebPage","@id":"https:\/\/thegoldenbun.com\/2017\/02\/my-travel-bucket-list-for-2017\/#webpage","url":"https:\/\/thegoldenbun.com\/2017\/02\/my-travel-bucket-list-for-2017\/","name":"Meine REISE-Wunschziele f\u00fcr 2017 - The Golden Bun","isPartOf":{"@id":"https:\/\/thegoldenbun.com\/#website"},"primaryImageOfPage":{"@id":"https:\/\/thegoldenbun.com\/2017\/02\/my-travel-bucket-list-for-2017\/#primaryimage"},"datePublished":"2017-02-14T14:37:06+00:00","dateModified":"2019-04-01T21:36:25+00:00","author":{"@id":"https:\/\/thegoldenbun.com\/#\/schema\/person\/a8ed0c60451d5a883d10e21afc630268"},"breadcrumb":{"@id":"https:\/\/thegoldenbun.com\/2017\/02\/my-travel-bucket-list-for-2017\/#breadcrumb"},"inLanguage":"de","potentialAction":[{"@type":"ReadAction","target":["https:\/\/thegoldenbun.com\/2017\/02\/my-travel-bucket-list-for-2017\/"]}]},{"@type":"BreadcrumbList","@id":"https:\/\/thegoldenbun.com\/2017\/02\/my-travel-bucket-list-for-2017\/#breadcrumb","itemListElement":[{"@type":"ListItem","position":1,"name":"Home","item":"https:\/\/thegoldenbun.com\/"},{"@type":"ListItem","position":2,"name":"My TRAVEL bucket list for 2017"}]},{"@type":"Person","@id":"https:\/\/thegoldenbun.com\/#\/schema\/person\/a8ed0c60451d5a883d10e21afc630268","name":"Vicky","url":"https:\/\/thegoldenbun.com\/de\/author\/tgb\/"}]}},"jetpack_featured_media_url":"https:\/\/thegoldenbun.com\/wp-content\/uploads\/2016\/06\/piran-portoroz-slovenian-rivierea-istrien-slovenia-slowenien1.jpg","jetpack_publicize_connections":[],"jetpack_sharing_enabled":true,"_links":{"self":[{"href":"https:\/\/thegoldenbun.com\/de\/wp-json\/wp\/v2\/posts\/26126"}],"collection":[{"href":"https:\/\/thegoldenbun.com\/de\/wp-json\/wp\/v2\/posts"}],"about":[{"href":"https:\/\/thegoldenbun.com\/de\/wp-json\/wp\/v2\/types\/post"}],"author":[{"embeddable":true,"href":"https:\/\/thegoldenbun.com\/de\/wp-json\/wp\/v2\/users\/1"}],"replies":[{"embeddable":true,"href":"https:\/\/thegoldenbun.com\/de\/wp-json\/wp\/v2\/comments?post=26126"}],"version-history":[{"count":0,"href":"https:\/\/thegoldenbun.com\/de\/wp-json\/wp\/v2\/posts\/26126\/revisions"}],"wp:featuredmedia":[{"embeddable":true,"href":"https:\/\/thegoldenbun.com\/de\/wp-json\/wp\/v2\/media\/23056"}],"wp:attachment":[{"href":"https:\/\/thegoldenbun.com\/de\/wp-json\/wp\/v2\/media?parent=26126"}],"wp:term":[{"taxonomy":"category","embeddable":true,"href":"https:\/\/thegoldenbun.com\/de\/wp-json\/wp\/v2\/categories?post=26126"},{"taxonomy":"post_tag","embeddable":true,"href":"https:\/\/thegoldenbun.com\/de\/wp-json\/wp\/v2\/tags?post=26126"}],"curies":[{"name":"wp","href":"https:\/\/api.w.org\/{rel}","templated":true}]}}