{"id":33569,"date":"2017-07-09T08:24:50","date_gmt":"2017-07-09T06:24:50","guid":{"rendered":"http:\/\/thegoldenbun.com\/?p=33569"},"modified":"2019-01-08T09:42:52","modified_gmt":"2019-01-08T08:42:52","slug":"event-tipp-wanderlust-kommt-nach-munchen","status":"publish","type":"post","link":"https:\/\/thegoldenbun.com\/de\/2017\/07\/event-tipp-wanderlust-kommt-nach-munchen\/","title":{"rendered":"Event-Tipp: Wanderlust Festival kommt nach M\u00fcnchen!"},"content":{"rendered":"<p>{Advertisement \/ Anzeige<a href=\"http:\/\/thegoldenbun.com\/advertisement\/\" target=\"_blank\" rel=\"noopener noreferrer\">*<\/a>}<\/p>\n<p>Es ist soweit! Am <strong>Sonntag 16. Juli<\/strong> kommt <a href=\"https:\/\/wanderlust.com\/de\/108-events\/muenchen\/\" target=\"_blank\" rel=\"noopener noreferrer\">WANDERLUST 108 nach M\u00fcnchen<\/a>. WANDERLUST\u00a0\u2013 noch nie davon geh\u00f6rt? Dann wird es f\u00fcr alle Lauf- und Yoga-Begeisterten allerh\u00f6chste Zeit.<\/p>\n<p>Wanderlust ist eine 360\u00b0 Yoga- und Lifestyle-Plattform und umfasst mehrt\u00e4gige Festivals sowie Ein-Tages-Mindful-Triathlons, die\u00a0<strong>Wanderlust 108\u2019s<\/strong>.<\/p>\n<img loading=\"lazy\" class=\"alignnone wp-image-33571 size-full\" src=\"http:\/\/thegoldenbun.com\/wp-content\/uploads\/2017\/07\/wanderlust-108-\u2013-wanderlust-m\u00fcnchen-mindful-living-event-Ein-Tages-Mindful-Triathlon1.jpg\" alt=\"wanderlust 108 \u2013 wanderlust festival - wanderlust m\u00fcnchen mindful living event, Ein-Tages-Mindful-Triathlon\" width=\"1500\" height=\"1000\" srcset=\"https:\/\/thegoldenbun.com\/wp-content\/uploads\/2017\/07\/wanderlust-108-\u2013-wanderlust-m\u00fcnchen-mindful-living-event-Ein-Tages-Mindful-Triathlon1.jpg 1500w, https:\/\/thegoldenbun.com\/wp-content\/uploads\/2017\/07\/wanderlust-108-\u2013-wanderlust-m\u00fcnchen-mindful-living-event-Ein-Tages-Mindful-Triathlon1-350x233.jpg 350w, https:\/\/thegoldenbun.com\/wp-content\/uploads\/2017\/07\/wanderlust-108-\u2013-wanderlust-m\u00fcnchen-mindful-living-event-Ein-Tages-Mindful-Triathlon1-800x533.jpg 800w, https:\/\/thegoldenbun.com\/wp-content\/uploads\/2017\/07\/wanderlust-108-\u2013-wanderlust-m\u00fcnchen-mindful-living-event-Ein-Tages-Mindful-Triathlon1-768x512.jpg 768w, https:\/\/thegoldenbun.com\/wp-content\/uploads\/2017\/07\/wanderlust-108-\u2013-wanderlust-m\u00fcnchen-mindful-living-event-Ein-Tages-Mindful-Triathlon1-24x16.jpg 24w, https:\/\/thegoldenbun.com\/wp-content\/uploads\/2017\/07\/wanderlust-108-\u2013-wanderlust-m\u00fcnchen-mindful-living-event-Ein-Tages-Mindful-Triathlon1-36x24.jpg 36w, https:\/\/thegoldenbun.com\/wp-content\/uploads\/2017\/07\/wanderlust-108-\u2013-wanderlust-m\u00fcnchen-mindful-living-event-Ein-Tages-Mindful-Triathlon1-48x32.jpg 48w, https:\/\/thegoldenbun.com\/wp-content\/uploads\/2017\/07\/wanderlust-108-\u2013-wanderlust-m\u00fcnchen-mindful-living-event-Ein-Tages-Mindful-Triathlon1-1200x800.jpg 1200w\" sizes=\"(max-width: 1500px) 100vw, 1500px\" \/>\n<h1>Mindful triathlon<\/h1>\n<p>Ankommen statt aufbrechen. Finden statt suchen. Die Antwort bei sich selbst finden. All dies zeichnet die Mindful-Living Bewegung aus.\u00a0Wanderlust Events schaffen Erlebnisse, die inspirieren und transformieren. Wir bringen die Mindful Seekers zusammen und erschaffen eine lebendige Gemeinschaft.<\/p>\n<p>Drei Events fanden letztes Jahr in Deutschland statt \u2013 \u00fcber 2.000 Besucher nahmen daran teil. Wahnsinn!\u00a0Die Wanderlust-Events finden auch weltweit statt \u2013 Denver, Moskau, Whistler, Calgary &#8230; Besonders sch\u00f6n, soll das <strong>Wanderlust Festival in New York<\/strong> sein. Dies w\u00e4re Mal wieder ein Grund nach New York zu reisen!<\/p>\n<h3 style=\"text-align: center;\">Lauf \u2013 Yoga \u2013 Meditation<\/h3>\n<img loading=\"lazy\" class=\"alignnone wp-image-33572 size-full\" src=\"http:\/\/thegoldenbun.com\/wp-content\/uploads\/2017\/07\/wanderlust-108-\u2013-wanderlust-m\u00fcnchen-mindful-living-event-Ein-Tages-Mindful-Triathlon2.jpg\" alt=\"wanderlust 108 \u2013 wanderlust festival - wanderlust m\u00fcnchen mindful living event, Ein-Tages-Mindful-Triathlon\" width=\"1500\" height=\"1001\" srcset=\"https:\/\/thegoldenbun.com\/wp-content\/uploads\/2017\/07\/wanderlust-108-\u2013-wanderlust-m\u00fcnchen-mindful-living-event-Ein-Tages-Mindful-Triathlon2.jpg 1500w, https:\/\/thegoldenbun.com\/wp-content\/uploads\/2017\/07\/wanderlust-108-\u2013-wanderlust-m\u00fcnchen-mindful-living-event-Ein-Tages-Mindful-Triathlon2-350x234.jpg 350w, https:\/\/thegoldenbun.com\/wp-content\/uploads\/2017\/07\/wanderlust-108-\u2013-wanderlust-m\u00fcnchen-mindful-living-event-Ein-Tages-Mindful-Triathlon2-800x534.jpg 800w, https:\/\/thegoldenbun.com\/wp-content\/uploads\/2017\/07\/wanderlust-108-\u2013-wanderlust-m\u00fcnchen-mindful-living-event-Ein-Tages-Mindful-Triathlon2-768x513.jpg 768w, https:\/\/thegoldenbun.com\/wp-content\/uploads\/2017\/07\/wanderlust-108-\u2013-wanderlust-m\u00fcnchen-mindful-living-event-Ein-Tages-Mindful-Triathlon2-24x16.jpg 24w, https:\/\/thegoldenbun.com\/wp-content\/uploads\/2017\/07\/wanderlust-108-\u2013-wanderlust-m\u00fcnchen-mindful-living-event-Ein-Tages-Mindful-Triathlon2-36x24.jpg 36w, https:\/\/thegoldenbun.com\/wp-content\/uploads\/2017\/07\/wanderlust-108-\u2013-wanderlust-m\u00fcnchen-mindful-living-event-Ein-Tages-Mindful-Triathlon2-48x32.jpg 48w, https:\/\/thegoldenbun.com\/wp-content\/uploads\/2017\/07\/wanderlust-108-\u2013-wanderlust-m\u00fcnchen-mindful-living-event-Ein-Tages-Mindful-Triathlon2-1200x801.jpg 1200w\" sizes=\"(max-width: 1500px) 100vw, 1500px\" \/>\n<img loading=\"lazy\" class=\"alignnone wp-image-33573 size-full\" src=\"http:\/\/thegoldenbun.com\/wp-content\/uploads\/2017\/07\/wanderlust-108-\u2013-wanderlust-m\u00fcnchen-mindful-living-event-Ein-Tages-Mindful-Triathlon3.jpg\" alt=\"wanderlust 108 \u2013 wanderlust festival - wanderlust m\u00fcnchen mindful living event, Ein-Tages-Mindful-Triathlon\" width=\"1500\" height=\"1000\" srcset=\"https:\/\/thegoldenbun.com\/wp-content\/uploads\/2017\/07\/wanderlust-108-\u2013-wanderlust-m\u00fcnchen-mindful-living-event-Ein-Tages-Mindful-Triathlon3.jpg 1500w, https:\/\/thegoldenbun.com\/wp-content\/uploads\/2017\/07\/wanderlust-108-\u2013-wanderlust-m\u00fcnchen-mindful-living-event-Ein-Tages-Mindful-Triathlon3-350x233.jpg 350w, https:\/\/thegoldenbun.com\/wp-content\/uploads\/2017\/07\/wanderlust-108-\u2013-wanderlust-m\u00fcnchen-mindful-living-event-Ein-Tages-Mindful-Triathlon3-800x533.jpg 800w, https:\/\/thegoldenbun.com\/wp-content\/uploads\/2017\/07\/wanderlust-108-\u2013-wanderlust-m\u00fcnchen-mindful-living-event-Ein-Tages-Mindful-Triathlon3-768x512.jpg 768w, https:\/\/thegoldenbun.com\/wp-content\/uploads\/2017\/07\/wanderlust-108-\u2013-wanderlust-m\u00fcnchen-mindful-living-event-Ein-Tages-Mindful-Triathlon3-24x16.jpg 24w, https:\/\/thegoldenbun.com\/wp-content\/uploads\/2017\/07\/wanderlust-108-\u2013-wanderlust-m\u00fcnchen-mindful-living-event-Ein-Tages-Mindful-Triathlon3-36x24.jpg 36w, https:\/\/thegoldenbun.com\/wp-content\/uploads\/2017\/07\/wanderlust-108-\u2013-wanderlust-m\u00fcnchen-mindful-living-event-Ein-Tages-Mindful-Triathlon3-48x32.jpg 48w, https:\/\/thegoldenbun.com\/wp-content\/uploads\/2017\/07\/wanderlust-108-\u2013-wanderlust-m\u00fcnchen-mindful-living-event-Ein-Tages-Mindful-Triathlon3-1200x800.jpg 1200w\" sizes=\"(max-width: 1500px) 100vw, 1500px\" \/>\n<blockquote><p>\u201eA dream you dream alone is only a dream. A dream you dream together is reality.\u201c (Yoko Ono)<\/p><\/blockquote>\n<div class=\"tgb_left\"><img loading=\"lazy\" class=\"alignnone wp-image-33575 size-full\" src=\"http:\/\/thegoldenbun.com\/wp-content\/uploads\/2017\/07\/wanderlust-108-\u2013-wanderlust-m\u00fcnchen-mindful-living-event-Ein-Tages-Mindful-Triathlon4.jpg\" alt=\"wanderlust 108 \u2013 wanderlust festival - wanderlust m\u00fcnchen mindful living event, Ein-Tages-Mindful-Triathlon\" width=\"1500\" height=\"1000\" srcset=\"https:\/\/thegoldenbun.com\/wp-content\/uploads\/2017\/07\/wanderlust-108-\u2013-wanderlust-m\u00fcnchen-mindful-living-event-Ein-Tages-Mindful-Triathlon4.jpg 1500w, https:\/\/thegoldenbun.com\/wp-content\/uploads\/2017\/07\/wanderlust-108-\u2013-wanderlust-m\u00fcnchen-mindful-living-event-Ein-Tages-Mindful-Triathlon4-350x233.jpg 350w, https:\/\/thegoldenbun.com\/wp-content\/uploads\/2017\/07\/wanderlust-108-\u2013-wanderlust-m\u00fcnchen-mindful-living-event-Ein-Tages-Mindful-Triathlon4-800x533.jpg 800w, https:\/\/thegoldenbun.com\/wp-content\/uploads\/2017\/07\/wanderlust-108-\u2013-wanderlust-m\u00fcnchen-mindful-living-event-Ein-Tages-Mindful-Triathlon4-768x512.jpg 768w, https:\/\/thegoldenbun.com\/wp-content\/uploads\/2017\/07\/wanderlust-108-\u2013-wanderlust-m\u00fcnchen-mindful-living-event-Ein-Tages-Mindful-Triathlon4-24x16.jpg 24w, https:\/\/thegoldenbun.com\/wp-content\/uploads\/2017\/07\/wanderlust-108-\u2013-wanderlust-m\u00fcnchen-mindful-living-event-Ein-Tages-Mindful-Triathlon4-36x24.jpg 36w, https:\/\/thegoldenbun.com\/wp-content\/uploads\/2017\/07\/wanderlust-108-\u2013-wanderlust-m\u00fcnchen-mindful-living-event-Ein-Tages-Mindful-Triathlon4-48x32.jpg 48w, https:\/\/thegoldenbun.com\/wp-content\/uploads\/2017\/07\/wanderlust-108-\u2013-wanderlust-m\u00fcnchen-mindful-living-event-Ein-Tages-Mindful-Triathlon4-1200x800.jpg 1200w\" sizes=\"(max-width: 1500px) 100vw, 1500px\" \/><\/div>\n<div class=\"tgb_right\"><img loading=\"lazy\" class=\"alignnone wp-image-33576 size-full\" src=\"http:\/\/thegoldenbun.com\/wp-content\/uploads\/2017\/07\/wanderlust-108-\u2013-wanderlust-m\u00fcnchen-mindful-living-event-Ein-Tages-Mindful-Triathlon5.jpg\" alt=\"wanderlust 108 \u2013 wanderlust festival - wanderlust m\u00fcnchen mindful living event, Ein-Tages-Mindful-Triathlon\" width=\"1500\" height=\"1000\" srcset=\"https:\/\/thegoldenbun.com\/wp-content\/uploads\/2017\/07\/wanderlust-108-\u2013-wanderlust-m\u00fcnchen-mindful-living-event-Ein-Tages-Mindful-Triathlon5.jpg 1500w, https:\/\/thegoldenbun.com\/wp-content\/uploads\/2017\/07\/wanderlust-108-\u2013-wanderlust-m\u00fcnchen-mindful-living-event-Ein-Tages-Mindful-Triathlon5-350x233.jpg 350w, https:\/\/thegoldenbun.com\/wp-content\/uploads\/2017\/07\/wanderlust-108-\u2013-wanderlust-m\u00fcnchen-mindful-living-event-Ein-Tages-Mindful-Triathlon5-800x533.jpg 800w, https:\/\/thegoldenbun.com\/wp-content\/uploads\/2017\/07\/wanderlust-108-\u2013-wanderlust-m\u00fcnchen-mindful-living-event-Ein-Tages-Mindful-Triathlon5-768x512.jpg 768w, https:\/\/thegoldenbun.com\/wp-content\/uploads\/2017\/07\/wanderlust-108-\u2013-wanderlust-m\u00fcnchen-mindful-living-event-Ein-Tages-Mindful-Triathlon5-24x16.jpg 24w, https:\/\/thegoldenbun.com\/wp-content\/uploads\/2017\/07\/wanderlust-108-\u2013-wanderlust-m\u00fcnchen-mindful-living-event-Ein-Tages-Mindful-Triathlon5-36x24.jpg 36w, https:\/\/thegoldenbun.com\/wp-content\/uploads\/2017\/07\/wanderlust-108-\u2013-wanderlust-m\u00fcnchen-mindful-living-event-Ein-Tages-Mindful-Triathlon5-48x32.jpg 48w, https:\/\/thegoldenbun.com\/wp-content\/uploads\/2017\/07\/wanderlust-108-\u2013-wanderlust-m\u00fcnchen-mindful-living-event-Ein-Tages-Mindful-Triathlon5-1200x800.jpg 1200w\" sizes=\"(max-width: 1500px) 100vw, 1500px\" \/><\/div>\n<img loading=\"lazy\" class=\"alignnone wp-image-33577 size-full\" src=\"http:\/\/thegoldenbun.com\/wp-content\/uploads\/2017\/07\/wanderlust-108-\u2013-wanderlust-m\u00fcnchen-mindful-living-event-Ein-Tages-Mindful-Triathlon6.jpg\" alt=\"wanderlust 108 \u2013 wanderlust festival - wanderlust m\u00fcnchen mindful living event, Ein-Tages-Mindful-Triathlon\" width=\"1500\" height=\"1000\" srcset=\"https:\/\/thegoldenbun.com\/wp-content\/uploads\/2017\/07\/wanderlust-108-\u2013-wanderlust-m\u00fcnchen-mindful-living-event-Ein-Tages-Mindful-Triathlon6.jpg 1500w, https:\/\/thegoldenbun.com\/wp-content\/uploads\/2017\/07\/wanderlust-108-\u2013-wanderlust-m\u00fcnchen-mindful-living-event-Ein-Tages-Mindful-Triathlon6-350x233.jpg 350w, https:\/\/thegoldenbun.com\/wp-content\/uploads\/2017\/07\/wanderlust-108-\u2013-wanderlust-m\u00fcnchen-mindful-living-event-Ein-Tages-Mindful-Triathlon6-800x533.jpg 800w, https:\/\/thegoldenbun.com\/wp-content\/uploads\/2017\/07\/wanderlust-108-\u2013-wanderlust-m\u00fcnchen-mindful-living-event-Ein-Tages-Mindful-Triathlon6-768x512.jpg 768w, https:\/\/thegoldenbun.com\/wp-content\/uploads\/2017\/07\/wanderlust-108-\u2013-wanderlust-m\u00fcnchen-mindful-living-event-Ein-Tages-Mindful-Triathlon6-24x16.jpg 24w, https:\/\/thegoldenbun.com\/wp-content\/uploads\/2017\/07\/wanderlust-108-\u2013-wanderlust-m\u00fcnchen-mindful-living-event-Ein-Tages-Mindful-Triathlon6-36x24.jpg 36w, https:\/\/thegoldenbun.com\/wp-content\/uploads\/2017\/07\/wanderlust-108-\u2013-wanderlust-m\u00fcnchen-mindful-living-event-Ein-Tages-Mindful-Triathlon6-48x32.jpg 48w, https:\/\/thegoldenbun.com\/wp-content\/uploads\/2017\/07\/wanderlust-108-\u2013-wanderlust-m\u00fcnchen-mindful-living-event-Ein-Tages-Mindful-Triathlon6-1200x800.jpg 1200w\" sizes=\"(max-width: 1500px) 100vw, 1500px\" \/>\n<div class=\"post-box\">\n<h5><strong>HIER NOCHMALS ALLE ECKDATEN!<\/strong><\/h5>\n<p>Sonntag, 16. Juli<br \/>\n7:30 &#8211; 15:30 | Olympiapark M\u00fcnchen<br \/>\n<a href=\"https:\/\/wanderlust.com\/de\/108-events\/muenchen\/\" target=\"_blank\" rel=\"noopener noreferrer\">Tickets gibt es hier!<br \/>\n<\/a><\/p>\n<h5>DIE N\u00c4CHSTEN TERMINE IN EUROPA:<\/h5>\n<p style=\"text-align: left;\">Wanderlust 108 <strong>K\u00f6ln<\/strong>\u00a0\u2013\u00a0<strong>13\/08<\/strong><br \/>\nWanderlust 108 <strong>Wien <\/strong>\u2013<strong> 20\/08<\/strong><br \/>\nWanderlust 108 <strong>Z\u00fcrich <\/strong>\u2013<strong> 27\/08<\/strong><br \/>\nWanderlust 108<strong> Berlin <\/strong>\u2013<strong> 03\/09<\/strong><br \/>\nWanderlust 108 <strong>Frankfurt <\/strong>\u2013<strong> 10\/09<\/strong><\/p>\n<\/div>\n<img loading=\"lazy\" class=\"alignnone size-full wp-image-33578\" src=\"http:\/\/thegoldenbun.com\/wp-content\/uploads\/2017\/07\/wanderlust-108-\u2013-wanderlust-m\u00fcnchen-mindful-living-event-Ein-Tages-Mindful-Triathlon7.jpg\" alt=\"wanderlust 108 \u2013 wanderlust m\u00fcnchen mindful living event, Ein-Tages-Mindful-Triathlon\" width=\"1500\" height=\"1000\" srcset=\"https:\/\/thegoldenbun.com\/wp-content\/uploads\/2017\/07\/wanderlust-108-\u2013-wanderlust-m\u00fcnchen-mindful-living-event-Ein-Tages-Mindful-Triathlon7.jpg 1500w, https:\/\/thegoldenbun.com\/wp-content\/uploads\/2017\/07\/wanderlust-108-\u2013-wanderlust-m\u00fcnchen-mindful-living-event-Ein-Tages-Mindful-Triathlon7-350x233.jpg 350w, https:\/\/thegoldenbun.com\/wp-content\/uploads\/2017\/07\/wanderlust-108-\u2013-wanderlust-m\u00fcnchen-mindful-living-event-Ein-Tages-Mindful-Triathlon7-800x533.jpg 800w, https:\/\/thegoldenbun.com\/wp-content\/uploads\/2017\/07\/wanderlust-108-\u2013-wanderlust-m\u00fcnchen-mindful-living-event-Ein-Tages-Mindful-Triathlon7-768x512.jpg 768w, https:\/\/thegoldenbun.com\/wp-content\/uploads\/2017\/07\/wanderlust-108-\u2013-wanderlust-m\u00fcnchen-mindful-living-event-Ein-Tages-Mindful-Triathlon7-24x16.jpg 24w, https:\/\/thegoldenbun.com\/wp-content\/uploads\/2017\/07\/wanderlust-108-\u2013-wanderlust-m\u00fcnchen-mindful-living-event-Ein-Tages-Mindful-Triathlon7-36x24.jpg 36w, https:\/\/thegoldenbun.com\/wp-content\/uploads\/2017\/07\/wanderlust-108-\u2013-wanderlust-m\u00fcnchen-mindful-living-event-Ein-Tages-Mindful-Triathlon7-48x32.jpg 48w, https:\/\/thegoldenbun.com\/wp-content\/uploads\/2017\/07\/wanderlust-108-\u2013-wanderlust-m\u00fcnchen-mindful-living-event-Ein-Tages-Mindful-Triathlon7-1200x800.jpg 1200w\" sizes=\"(max-width: 1500px) 100vw, 1500px\" \/>\n<div class=\"post-signature\">Ich w\u00fcnsche euch einen sch\u00f6nen Tag!<br \/>\n<img src=\"http:\/\/thegoldenbun.com\/wp-content\/uploads\/2017\/05\/handschrift_Vicky.png\" \/><\/div>\n<p><\/p>","protected":false},"excerpt":{"rendered":"<p>{Advertisement \/ Anzeige*} Es ist soweit! Am Sonntag 16. Juli kommt WANDERLUST 108 nach M\u00fcnchen. WANDERLUST\u00a0\u2013 noch nie davon geh\u00f6rt? Dann wird es f\u00fcr alle Lauf- und Yoga-Begeisterten allerh\u00f6chste Zeit. Wanderlust ist eine 360\u00b0 Yoga- und Lifestyle-Plattform und umfasst mehrt\u00e4gige Festivals sowie Ein-Tages-Mindful-Triathlons, die\u00a0Wanderlust 108\u2019s. Mindful triathlon Ankommen statt aufbrechen. Finden statt suchen. Die Antwort bei sich selbst finden. All dies zeichnet die Mindful-Living Bewegung aus.\u00a0Wanderlust Events schaffen Erlebnisse, die [&hellip;]<\/p>\n","protected":false},"author":1,"featured_media":33582,"comment_status":"open","ping_status":"open","sticky":false,"template":"","format":"standard","meta":{"_exactmetrics_skip_tracking":false,"_exactmetrics_sitenote_active":false,"_exactmetrics_sitenote_note":"","_exactmetrics_sitenote_category":0,"spay_email":"","jetpack_publicize_message":"","jetpack_is_tweetstorm":false,"jetpack_publicize_feature_enabled":true},"categories":[42,875],"tags":[236,999,998],"acf":[],"yoast_head":"<!-- This site is optimized with the Yoast SEO plugin v18.9 - https:\/\/yoast.com\/wordpress\/plugins\/seo\/ -->\n<title>(English) Event-Tipp: Wanderlust Festival kommt nach M\u00fcnchen!<\/title>\n<meta name=\"description\" content=\"(English) Es ist soweit! Am Sonntag 16. Juli kommt WANDERLUST 108 nach M\u00fcnchen. WANDERLUST \u2013 noch nie davon geh\u00f6rt? Dann wird es f\u00fcr alle Lauf- und Yoga-Begeisterten\" \/>\n<meta name=\"robots\" content=\"index, follow, max-snippet:-1, max-image-preview:large, max-video-preview:-1\" \/>\n<link rel=\"canonical\" href=\"https:\/\/thegoldenbun.com\/de\/2017\/07\/event-tipp-wanderlust-kommt-nach-munchen\/\" \/>\n<meta property=\"og:locale\" content=\"de_DE\" \/>\n<meta property=\"og:type\" content=\"article\" \/>\n<meta property=\"og:title\" content=\"(English) Event-Tipp: Wanderlust Festival kommt nach M\u00fcnchen!\" \/>\n<meta property=\"og:description\" content=\"(English) Es ist soweit! Am Sonntag 16. Juli kommt WANDERLUST 108 nach M\u00fcnchen. WANDERLUST \u2013 noch nie davon geh\u00f6rt? Dann wird es f\u00fcr alle Lauf- und Yoga-Begeisterten\" \/>\n<meta property=\"og:url\" content=\"https:\/\/thegoldenbun.com\/de\/2017\/07\/event-tipp-wanderlust-kommt-nach-munchen\/\" \/>\n<meta property=\"og:site_name\" content=\"The Golden Bun\" \/>\n<meta property=\"article:publisher\" content=\"http:\/\/www.facebook.com\/thegoldenbun\" \/>\n<meta property=\"article:published_time\" content=\"2017-07-09T06:24:50+00:00\" \/>\n<meta property=\"article:modified_time\" content=\"2019-01-08T08:42:52+00:00\" \/>\n<meta property=\"og:image\" content=\"https:\/\/thegoldenbun.com\/wp-content\/uploads\/2017\/07\/wanderlust-108-\u2013-wanderlust-m\u00fcnchen-mindful-living-event-Ein-Tages-Mindful-Triathlon1-Kopie.jpg\" \/>\n\t<meta property=\"og:image:width\" content=\"668\" \/>\n\t<meta property=\"og:image:height\" content=\"1002\" \/>\n\t<meta property=\"og:image:type\" content=\"image\/jpeg\" \/>\n<meta name=\"twitter:card\" content=\"summary\" \/>\n<meta name=\"twitter:creator\" content=\"@thegoldenbun\" \/>\n<meta name=\"twitter:site\" content=\"@thegoldenbun\" \/>\n<meta name=\"twitter:label1\" content=\"Verfasst von\" \/>\n\t<meta name=\"twitter:data1\" content=\"Vicky\" \/>\n\t<meta name=\"twitter:label2\" content=\"Gesch\u00e4tzte Lesezeit\" \/>\n\t<meta name=\"twitter:data2\" content=\"2\u00a0Minuten\" \/>\n<script type=\"application\/ld+json\" class=\"yoast-schema-graph\">{\"@context\":\"https:\/\/schema.org\",\"@graph\":[{\"@type\":\"WebSite\",\"@id\":\"https:\/\/thegoldenbun.com\/#website\",\"url\":\"https:\/\/thegoldenbun.com\/\",\"name\":\"The Golden Bun\",\"description\":\"Deutscher Reiseblog \/ Modeblog \/ Lifestyleblog \/ Berlin &amp; M\u00fcnchen \/ Reise &amp; Restaurant Tipps\",\"potentialAction\":[{\"@type\":\"SearchAction\",\"target\":{\"@type\":\"EntryPoint\",\"urlTemplate\":\"https:\/\/thegoldenbun.com\/?s={search_term_string}\"},\"query-input\":\"required name=search_term_string\"}],\"inLanguage\":\"de\"},{\"@type\":\"ImageObject\",\"inLanguage\":\"de\",\"@id\":\"https:\/\/thegoldenbun.com\/de\/2017\/07\/event-tipp-wanderlust-kommt-nach-munchen\/#primaryimage\",\"url\":\"https:\/\/thegoldenbun.com\/wp-content\/uploads\/2017\/07\/wanderlust-108-\u2013-wanderlust-m\u00fcnchen-mindful-living-event-Ein-Tages-Mindful-Triathlon1-Kopie.jpg\",\"contentUrl\":\"https:\/\/thegoldenbun.com\/wp-content\/uploads\/2017\/07\/wanderlust-108-\u2013-wanderlust-m\u00fcnchen-mindful-living-event-Ein-Tages-Mindful-Triathlon1-Kopie.jpg\",\"width\":668,\"height\":1002,\"caption\":\"wanderlust 108 \u2013 wanderlust festival - wanderlust m\u00fcnchen mindful living event, Ein-Tages-Mindful-Triathlon\"},{\"@type\":\"WebPage\",\"@id\":\"https:\/\/thegoldenbun.com\/de\/2017\/07\/event-tipp-wanderlust-kommt-nach-munchen\/#webpage\",\"url\":\"https:\/\/thegoldenbun.com\/de\/2017\/07\/event-tipp-wanderlust-kommt-nach-munchen\/\",\"name\":\"(English) Event-Tipp: Wanderlust Festival kommt nach M\u00fcnchen!\",\"isPartOf\":{\"@id\":\"https:\/\/thegoldenbun.com\/#website\"},\"primaryImageOfPage\":{\"@id\":\"https:\/\/thegoldenbun.com\/de\/2017\/07\/event-tipp-wanderlust-kommt-nach-munchen\/#primaryimage\"},\"datePublished\":\"2017-07-09T06:24:50+00:00\",\"dateModified\":\"2019-01-08T08:42:52+00:00\",\"author\":{\"@id\":\"https:\/\/thegoldenbun.com\/#\/schema\/person\/a8ed0c60451d5a883d10e21afc630268\"},\"description\":\"(English) Es ist soweit! Am Sonntag 16. Juli kommt WANDERLUST 108 nach M\u00fcnchen. WANDERLUST \u2013 noch nie davon geh\u00f6rt? Dann wird es f\u00fcr alle Lauf- und Yoga-Begeisterten\",\"breadcrumb\":{\"@id\":\"https:\/\/thegoldenbun.com\/de\/2017\/07\/event-tipp-wanderlust-kommt-nach-munchen\/#breadcrumb\"},\"inLanguage\":\"de\",\"potentialAction\":[{\"@type\":\"ReadAction\",\"target\":[\"https:\/\/thegoldenbun.com\/de\/2017\/07\/event-tipp-wanderlust-kommt-nach-munchen\/\"]}]},{\"@type\":\"BreadcrumbList\",\"@id\":\"https:\/\/thegoldenbun.com\/de\/2017\/07\/event-tipp-wanderlust-kommt-nach-munchen\/#breadcrumb\",\"itemListElement\":[{\"@type\":\"ListItem\",\"position\":1,\"name\":\"Home\",\"item\":\"https:\/\/thegoldenbun.com\/\"},{\"@type\":\"ListItem\",\"position\":2,\"name\":\"Event-Tipp: Wanderlust Festival kommt nach M\u00fcnchen!\"}]},{\"@type\":\"Person\",\"@id\":\"https:\/\/thegoldenbun.com\/#\/schema\/person\/a8ed0c60451d5a883d10e21afc630268\",\"name\":\"Vicky\",\"url\":\"https:\/\/thegoldenbun.com\/de\/author\/tgb\/\"}]}<\/script>\n<!-- \/ Yoast SEO plugin. -->","yoast_head_json":{"title":"(English) Event-Tipp: Wanderlust Festival kommt nach M\u00fcnchen!","description":"(English) Es ist soweit! Am Sonntag 16. Juli kommt WANDERLUST 108 nach M\u00fcnchen. WANDERLUST \u2013 noch nie davon geh\u00f6rt? Dann wird es f\u00fcr alle Lauf- und Yoga-Begeisterten","robots":{"index":"index","follow":"follow","max-snippet":"max-snippet:-1","max-image-preview":"max-image-preview:large","max-video-preview":"max-video-preview:-1"},"canonical":"https:\/\/thegoldenbun.com\/de\/2017\/07\/event-tipp-wanderlust-kommt-nach-munchen\/","og_locale":"de_DE","og_type":"article","og_title":"(English) Event-Tipp: Wanderlust Festival kommt nach M\u00fcnchen!","og_description":"(English) Es ist soweit! Am Sonntag 16. Juli kommt WANDERLUST 108 nach M\u00fcnchen. WANDERLUST \u2013 noch nie davon geh\u00f6rt? Dann wird es f\u00fcr alle Lauf- und Yoga-Begeisterten","og_url":"https:\/\/thegoldenbun.com\/de\/2017\/07\/event-tipp-wanderlust-kommt-nach-munchen\/","og_site_name":"The Golden Bun","article_publisher":"http:\/\/www.facebook.com\/thegoldenbun","article_published_time":"2017-07-09T06:24:50+00:00","article_modified_time":"2019-01-08T08:42:52+00:00","og_image":[{"width":668,"height":1002,"url":"https:\/\/thegoldenbun.com\/wp-content\/uploads\/2017\/07\/wanderlust-108-\u2013-wanderlust-m\u00fcnchen-mindful-living-event-Ein-Tages-Mindful-Triathlon1-Kopie.jpg","type":"image\/jpeg"}],"twitter_card":"summary","twitter_creator":"@thegoldenbun","twitter_site":"@thegoldenbun","twitter_misc":{"Verfasst von":"Vicky","Gesch\u00e4tzte Lesezeit":"2\u00a0Minuten"},"schema":{"@context":"https:\/\/schema.org","@graph":[{"@type":"WebSite","@id":"https:\/\/thegoldenbun.com\/#website","url":"https:\/\/thegoldenbun.com\/","name":"The Golden Bun","description":"Deutscher Reiseblog \/ Modeblog \/ Lifestyleblog \/ Berlin &amp; M\u00fcnchen \/ Reise &amp; Restaurant Tipps","potentialAction":[{"@type":"SearchAction","target":{"@type":"EntryPoint","urlTemplate":"https:\/\/thegoldenbun.com\/?s={search_term_string}"},"query-input":"required name=search_term_string"}],"inLanguage":"de"},{"@type":"ImageObject","inLanguage":"de","@id":"https:\/\/thegoldenbun.com\/de\/2017\/07\/event-tipp-wanderlust-kommt-nach-munchen\/#primaryimage","url":"https:\/\/thegoldenbun.com\/wp-content\/uploads\/2017\/07\/wanderlust-108-\u2013-wanderlust-m\u00fcnchen-mindful-living-event-Ein-Tages-Mindful-Triathlon1-Kopie.jpg","contentUrl":"https:\/\/thegoldenbun.com\/wp-content\/uploads\/2017\/07\/wanderlust-108-\u2013-wanderlust-m\u00fcnchen-mindful-living-event-Ein-Tages-Mindful-Triathlon1-Kopie.jpg","width":668,"height":1002,"caption":"wanderlust 108 \u2013 wanderlust festival - wanderlust m\u00fcnchen mindful living event, Ein-Tages-Mindful-Triathlon"},{"@type":"WebPage","@id":"https:\/\/thegoldenbun.com\/de\/2017\/07\/event-tipp-wanderlust-kommt-nach-munchen\/#webpage","url":"https:\/\/thegoldenbun.com\/de\/2017\/07\/event-tipp-wanderlust-kommt-nach-munchen\/","name":"(English) Event-Tipp: Wanderlust Festival kommt nach M\u00fcnchen!","isPartOf":{"@id":"https:\/\/thegoldenbun.com\/#website"},"primaryImageOfPage":{"@id":"https:\/\/thegoldenbun.com\/de\/2017\/07\/event-tipp-wanderlust-kommt-nach-munchen\/#primaryimage"},"datePublished":"2017-07-09T06:24:50+00:00","dateModified":"2019-01-08T08:42:52+00:00","author":{"@id":"https:\/\/thegoldenbun.com\/#\/schema\/person\/a8ed0c60451d5a883d10e21afc630268"},"description":"(English) Es ist soweit! Am Sonntag 16. Juli kommt WANDERLUST 108 nach M\u00fcnchen. WANDERLUST \u2013 noch nie davon geh\u00f6rt? Dann wird es f\u00fcr alle Lauf- und Yoga-Begeisterten","breadcrumb":{"@id":"https:\/\/thegoldenbun.com\/de\/2017\/07\/event-tipp-wanderlust-kommt-nach-munchen\/#breadcrumb"},"inLanguage":"de","potentialAction":[{"@type":"ReadAction","target":["https:\/\/thegoldenbun.com\/de\/2017\/07\/event-tipp-wanderlust-kommt-nach-munchen\/"]}]},{"@type":"BreadcrumbList","@id":"https:\/\/thegoldenbun.com\/de\/2017\/07\/event-tipp-wanderlust-kommt-nach-munchen\/#breadcrumb","itemListElement":[{"@type":"ListItem","position":1,"name":"Home","item":"https:\/\/thegoldenbun.com\/"},{"@type":"ListItem","position":2,"name":"Event-Tipp: Wanderlust Festival kommt nach M\u00fcnchen!"}]},{"@type":"Person","@id":"https:\/\/thegoldenbun.com\/#\/schema\/person\/a8ed0c60451d5a883d10e21afc630268","name":"Vicky","url":"https:\/\/thegoldenbun.com\/de\/author\/tgb\/"}]}},"jetpack_featured_media_url":"https:\/\/thegoldenbun.com\/wp-content\/uploads\/2017\/07\/wanderlust-108-\u2013-wanderlust-m\u00fcnchen-mindful-living-event-Ein-Tages-Mindful-Triathlon1-Kopie.jpg","jetpack_publicize_connections":[],"jetpack_sharing_enabled":true,"_links":{"self":[{"href":"https:\/\/thegoldenbun.com\/de\/wp-json\/wp\/v2\/posts\/33569"}],"collection":[{"href":"https:\/\/thegoldenbun.com\/de\/wp-json\/wp\/v2\/posts"}],"about":[{"href":"https:\/\/thegoldenbun.com\/de\/wp-json\/wp\/v2\/types\/post"}],"author":[{"embeddable":true,"href":"https:\/\/thegoldenbun.com\/de\/wp-json\/wp\/v2\/users\/1"}],"replies":[{"embeddable":true,"href":"https:\/\/thegoldenbun.com\/de\/wp-json\/wp\/v2\/comments?post=33569"}],"version-history":[{"count":0,"href":"https:\/\/thegoldenbun.com\/de\/wp-json\/wp\/v2\/posts\/33569\/revisions"}],"wp:featuredmedia":[{"embeddable":true,"href":"https:\/\/thegoldenbun.com\/de\/wp-json\/wp\/v2\/media\/33582"}],"wp:attachment":[{"href":"https:\/\/thegoldenbun.com\/de\/wp-json\/wp\/v2\/media?parent=33569"}],"wp:term":[{"taxonomy":"category","embeddable":true,"href":"https:\/\/thegoldenbun.com\/de\/wp-json\/wp\/v2\/categories?post=33569"},{"taxonomy":"post_tag","embeddable":true,"href":"https:\/\/thegoldenbun.com\/de\/wp-json\/wp\/v2\/tags?post=33569"}],"curies":[{"name":"wp","href":"https:\/\/api.w.org\/{rel}","templated":true}]}}