{"id":39687,"date":"2018-06-24T10:08:50","date_gmt":"2018-06-24T08:08:50","guid":{"rendered":"https:\/\/thegoldenbun.com\/?p=39687"},"modified":"2018-07-11T14:52:01","modified_gmt":"2018-07-11T12:52:01","slug":"two-weeks-more-holiday-educational-leave-with-ef-education-first-in-japan","status":"publish","type":"post","link":"https:\/\/thegoldenbun.com\/de\/2018\/06\/two-weeks-more-holiday-educational-leave-with-ef-education-first-in-japan\/","title":{"rendered":"Zwei Wochen mehr Urlaub! <br>Bildungsurlaub mit EF Education First in Japan"},"content":{"rendered":"<p>Wie <strong>ihr zwei Wochen Urlaub mehr <\/strong>bekommt, verrate ich euch in diesem Beitrag. Ich war n\u00e4mlich f\u00fcr zwei Wochen mit <strong>EF\u00a0Education First in Tokyo\u00a0<\/strong>und habe einen Bildungsurlaub gemacht. \u201eBildungsurlaub?\u201c Ja, auch ich wusste nicht, dass man einen solchen Urlaub einreichen kann. In Kooperation mit EF Deutschland und der lieben Julia im Schlepptau flog ich f\u00fcr zwei Wochen nach Japan. Wir machten dort die japanische Hauptstadt unsicher und dr\u00fcckten halbtags die Schulbank, um das eine oder andere Wort auf Japanisch mitzunehmen. Viele von euch verfolgten dies schon auf Instagram mit. Hier ein ausf\u00fchrlicher Beitrag mit allen Informationen<\/p>\n<p><iframe loading=\"lazy\" src=\"https:\/\/www.youtube.com\/embed\/eetUlYJrv1k?showinfo=0\" width=\"560\" height=\"315\" frameborder=\"0\" allowfullscreen=\"allowfullscreen\"><\/iframe><\/p>\n<p style=\"text-align: center;\"><em>If you like the video, give it a &#8222;thumbs up&#8220;<\/em><\/p>\n<ul>\n<li><a href=\"https:\/\/thegoldenbun.com\/tag\/japan\/\">Hier gelangt ihr zu meinen Japan-Beitr\u00e4gen vom letzten Jahr!<\/a><\/li>\n<\/ul>\n<div class=\"tgb_left\"><img loading=\"lazy\" class=\"alignnone size-full wp-image-39697\" src=\"https:\/\/thegoldenbun.com\/wp-content\/uploads\/2018\/06\/Education-First_Bildungsurlaub-Sprachreise__2018-05-29_08-42-56.jpg\" alt=\"Education First_Bildungsurlaub Sprachreise EF Erfahrungsbericht\" width=\"1000\" height=\"1500\" srcset=\"https:\/\/thegoldenbun.com\/wp-content\/uploads\/2018\/06\/Education-First_Bildungsurlaub-Sprachreise__2018-05-29_08-42-56.jpg 1000w, https:\/\/thegoldenbun.com\/wp-content\/uploads\/2018\/06\/Education-First_Bildungsurlaub-Sprachreise__2018-05-29_08-42-56-233x350.jpg 233w, https:\/\/thegoldenbun.com\/wp-content\/uploads\/2018\/06\/Education-First_Bildungsurlaub-Sprachreise__2018-05-29_08-42-56-683x1024.jpg 683w, https:\/\/thegoldenbun.com\/wp-content\/uploads\/2018\/06\/Education-First_Bildungsurlaub-Sprachreise__2018-05-29_08-42-56-768x1152.jpg 768w, https:\/\/thegoldenbun.com\/wp-content\/uploads\/2018\/06\/Education-First_Bildungsurlaub-Sprachreise__2018-05-29_08-42-56-16x24.jpg 16w, https:\/\/thegoldenbun.com\/wp-content\/uploads\/2018\/06\/Education-First_Bildungsurlaub-Sprachreise__2018-05-29_08-42-56-24x36.jpg 24w, https:\/\/thegoldenbun.com\/wp-content\/uploads\/2018\/06\/Education-First_Bildungsurlaub-Sprachreise__2018-05-29_08-42-56-32x48.jpg 32w\" sizes=\"(max-width: 1000px) 100vw, 1000px\" \/><\/div>\n<div class=\"tgb_right\"><img loading=\"lazy\" class=\"alignnone size-full wp-image-39698\" src=\"https:\/\/thegoldenbun.com\/wp-content\/uploads\/2018\/06\/Education-First_Bildungsurlaub-Sprachreise__2018-05-29_10-01-28.jpg\" alt=\"Education First_Bildungsurlaub Sprachreise EF Erfahrungsbericht\" width=\"1000\" height=\"1500\" srcset=\"https:\/\/thegoldenbun.com\/wp-content\/uploads\/2018\/06\/Education-First_Bildungsurlaub-Sprachreise__2018-05-29_10-01-28.jpg 1000w, https:\/\/thegoldenbun.com\/wp-content\/uploads\/2018\/06\/Education-First_Bildungsurlaub-Sprachreise__2018-05-29_10-01-28-233x350.jpg 233w, https:\/\/thegoldenbun.com\/wp-content\/uploads\/2018\/06\/Education-First_Bildungsurlaub-Sprachreise__2018-05-29_10-01-28-683x1024.jpg 683w, https:\/\/thegoldenbun.com\/wp-content\/uploads\/2018\/06\/Education-First_Bildungsurlaub-Sprachreise__2018-05-29_10-01-28-768x1152.jpg 768w, https:\/\/thegoldenbun.com\/wp-content\/uploads\/2018\/06\/Education-First_Bildungsurlaub-Sprachreise__2018-05-29_10-01-28-16x24.jpg 16w, https:\/\/thegoldenbun.com\/wp-content\/uploads\/2018\/06\/Education-First_Bildungsurlaub-Sprachreise__2018-05-29_10-01-28-24x36.jpg 24w, https:\/\/thegoldenbun.com\/wp-content\/uploads\/2018\/06\/Education-First_Bildungsurlaub-Sprachreise__2018-05-29_10-01-28-32x48.jpg 32w\" sizes=\"(max-width: 1000px) 100vw, 1000px\" \/><\/div>\n<h1><em>Zwei Wochen mehr Urlaub\u00a0<\/em><strong>MIT BILDUNGSURLAUB!<\/strong><\/h1>\n<p>Bildungsurlaub gibt Arbeitnehmern in Deutschland die M\u00f6glichkeit, eine bestimmte Anzahl von Tagen pro Kalenderjahr, f\u00fcr die individuellen Fort-und Weiterbildung zu nutzen. Alle zwei Jahre hat man\u00a0<strong>Anspruch auf 10 Arbeitstage Bildungsurlaub<\/strong> (bei Vollzeitanstellung). Nat\u00fcrlich muss euer Arbeitsgeber euch den Bildungsurlaub genehmigen.<\/p>\n<p>Ausf\u00fchrliche Informationen findet ihr auf folgenden Seiten:<\/p>\n<ul>\n<li><a href=\"https:\/\/www.ef.de\/bildungsurlaub\/\">https:\/\/www.ef.de\/bildungsurlaub\/<\/a><\/li>\n<li><a href=\"https:\/\/www.berlin.de\/sen\/arbeit\/berlinarbeit-ziel-3\/bildungsurlaub\/\">https:\/\/www.berlin.de\/sen\/arbeit\/berlinarbeit-ziel-3\/bildungsurlaub\/<\/a><\/li>\n<\/ul>\n<img loading=\"lazy\" class=\"alignnone size-full wp-image-39718\" src=\"https:\/\/thegoldenbun.com\/wp-content\/uploads\/2018\/06\/Education-First_Bildungsurlaub-Sprachreise__2018-06-03_18-24-57.jpg\" alt=\"Education First_Bildungsurlaub Sprachreise EF Erfahrungsbericht\" width=\"1500\" height=\"1000\" srcset=\"https:\/\/thegoldenbun.com\/wp-content\/uploads\/2018\/06\/Education-First_Bildungsurlaub-Sprachreise__2018-06-03_18-24-57.jpg 1500w, https:\/\/thegoldenbun.com\/wp-content\/uploads\/2018\/06\/Education-First_Bildungsurlaub-Sprachreise__2018-06-03_18-24-57-350x233.jpg 350w, https:\/\/thegoldenbun.com\/wp-content\/uploads\/2018\/06\/Education-First_Bildungsurlaub-Sprachreise__2018-06-03_18-24-57-800x533.jpg 800w, https:\/\/thegoldenbun.com\/wp-content\/uploads\/2018\/06\/Education-First_Bildungsurlaub-Sprachreise__2018-06-03_18-24-57-768x512.jpg 768w, https:\/\/thegoldenbun.com\/wp-content\/uploads\/2018\/06\/Education-First_Bildungsurlaub-Sprachreise__2018-06-03_18-24-57-24x16.jpg 24w, https:\/\/thegoldenbun.com\/wp-content\/uploads\/2018\/06\/Education-First_Bildungsurlaub-Sprachreise__2018-06-03_18-24-57-36x24.jpg 36w, https:\/\/thegoldenbun.com\/wp-content\/uploads\/2018\/06\/Education-First_Bildungsurlaub-Sprachreise__2018-06-03_18-24-57-48x32.jpg 48w, https:\/\/thegoldenbun.com\/wp-content\/uploads\/2018\/06\/Education-First_Bildungsurlaub-Sprachreise__2018-06-03_18-24-57-1200x800.jpg 1200w\" sizes=\"(max-width: 1500px) 100vw, 1500px\" \/><span class=\"caption\">Awww&#8230; bereits schon so viel Liebe f\u00fcr diese Stadt!<\/span>\n<img loading=\"lazy\" class=\"alignnone size-full wp-image-39713\" src=\"https:\/\/thegoldenbun.com\/wp-content\/uploads\/2018\/06\/Education-First_Bildungsurlaub-Sprachreise__2018-06-02_17-11-46.jpg\" alt=\"Education First_Bildungsurlaub Sprachreise EF Erfahrungsbericht\" width=\"1500\" height=\"1000\" srcset=\"https:\/\/thegoldenbun.com\/wp-content\/uploads\/2018\/06\/Education-First_Bildungsurlaub-Sprachreise__2018-06-02_17-11-46.jpg 1500w, https:\/\/thegoldenbun.com\/wp-content\/uploads\/2018\/06\/Education-First_Bildungsurlaub-Sprachreise__2018-06-02_17-11-46-350x233.jpg 350w, https:\/\/thegoldenbun.com\/wp-content\/uploads\/2018\/06\/Education-First_Bildungsurlaub-Sprachreise__2018-06-02_17-11-46-800x533.jpg 800w, https:\/\/thegoldenbun.com\/wp-content\/uploads\/2018\/06\/Education-First_Bildungsurlaub-Sprachreise__2018-06-02_17-11-46-768x512.jpg 768w, https:\/\/thegoldenbun.com\/wp-content\/uploads\/2018\/06\/Education-First_Bildungsurlaub-Sprachreise__2018-06-02_17-11-46-24x16.jpg 24w, https:\/\/thegoldenbun.com\/wp-content\/uploads\/2018\/06\/Education-First_Bildungsurlaub-Sprachreise__2018-06-02_17-11-46-36x24.jpg 36w, https:\/\/thegoldenbun.com\/wp-content\/uploads\/2018\/06\/Education-First_Bildungsurlaub-Sprachreise__2018-06-02_17-11-46-48x32.jpg 48w, https:\/\/thegoldenbun.com\/wp-content\/uploads\/2018\/06\/Education-First_Bildungsurlaub-Sprachreise__2018-06-02_17-11-46-1200x800.jpg 1200w\" sizes=\"(max-width: 1500px) 100vw, 1500px\" \/>\n<h1><em>Japanisch Intensivkurs bei\u00a0<\/em><strong>EF TOKYO<\/strong><\/h1>\n<p>Ich sage ja stets, dass man noch genug Zeit hat neue Sprachen zu lernen. Je mehr Sprachen man spricht, umso einfacher wird es weitere zu lernen. Na gut. Dann rein ins Japanisch! Ich finde, dies ist auch immer ein Zeichen von Respekt und Freundlichkeit den Einheimischen gegen\u00fcber, wenn man ein bisschen die Landessprache praktiziert. Bereits bei meinem letzten Besuch fand ich immer, dass Japanisch durch das rollende \u201er\u201c leicht italienisch angehaucht ist. Ein gro\u00dfer Vorteil f\u00fcr uns, da Japanisch genau akzentuiert gesprochen wird. Anders als Chinesisch oder Vietnamesisch, wo bei falscher Aussprache ein ganz anderes Wort entsteht. Nichtsdestotrotz ist die Sprache sehr komplex.<\/p>\n<p>Das japanische Schriftsystem verwendet die chinesischen Schriftzeichen (Kanji), aber auch die Silbenschriften Hiragana und Katakana. Wir belegten eine Spin-Class (hier k\u00f6nnt ihr verschiedene Themen w\u00e4hlen \u2013\u00a0mehr \u00fcber die Kultur erfahren, Schriftzeichen \u00fcben usw.), in der wir Hiragana und Katakana \u00fcbten. Ein, zwei Wochen mehr und wir w\u00e4ren schon voll die Pro-s in der Schrift gewesen. Lesen an sich kein Problem, aber dann muss man ja auch noch wissen, was das Wort bedeutet.<\/p>\n<p>Der Sprachkurs hat unglaublich viel Spa\u00df gemacht. Unsere Lehrerin war sehr eisern und sprach nur Japanisch. Hin und wieder war sie gn\u00e4dig und gab die \u00dcbersetzung auf Englisch.<\/p>\n<div class=\"post-box\">\n<p style=\"text-align: left;\">Eine Unterrichtseinheit bei EF Tokyo dauerte 80 Minuten. Wir hatten entweder vormittags von 09:00 \u2013 11:50 Unterricht gefolgt von einer Spin-Class von 12:20 \u2013 13:40 oder nachmittags von 15:20 \u2013 18:10.<\/p>\n<\/div>\n<img loading=\"lazy\" class=\"alignnone size-full wp-image-39725\" src=\"https:\/\/thegoldenbun.com\/wp-content\/uploads\/2018\/06\/Education-First_Bildungsurlaub-Sprachreise__2018-06-08_13-58-07.jpg\" alt=\"Education First_Bildungsurlaub Sprachreise EF Erfahrungsbericht\" width=\"1500\" height=\"1000\" srcset=\"https:\/\/thegoldenbun.com\/wp-content\/uploads\/2018\/06\/Education-First_Bildungsurlaub-Sprachreise__2018-06-08_13-58-07.jpg 1500w, https:\/\/thegoldenbun.com\/wp-content\/uploads\/2018\/06\/Education-First_Bildungsurlaub-Sprachreise__2018-06-08_13-58-07-350x233.jpg 350w, https:\/\/thegoldenbun.com\/wp-content\/uploads\/2018\/06\/Education-First_Bildungsurlaub-Sprachreise__2018-06-08_13-58-07-800x533.jpg 800w, https:\/\/thegoldenbun.com\/wp-content\/uploads\/2018\/06\/Education-First_Bildungsurlaub-Sprachreise__2018-06-08_13-58-07-768x512.jpg 768w, https:\/\/thegoldenbun.com\/wp-content\/uploads\/2018\/06\/Education-First_Bildungsurlaub-Sprachreise__2018-06-08_13-58-07-24x16.jpg 24w, https:\/\/thegoldenbun.com\/wp-content\/uploads\/2018\/06\/Education-First_Bildungsurlaub-Sprachreise__2018-06-08_13-58-07-36x24.jpg 36w, https:\/\/thegoldenbun.com\/wp-content\/uploads\/2018\/06\/Education-First_Bildungsurlaub-Sprachreise__2018-06-08_13-58-07-48x32.jpg 48w, https:\/\/thegoldenbun.com\/wp-content\/uploads\/2018\/06\/Education-First_Bildungsurlaub-Sprachreise__2018-06-08_13-58-07-1200x800.jpg 1200w\" sizes=\"(max-width: 1500px) 100vw, 1500px\" \/>\n<p>Am letzten Tag fand unsere &#8222;Graduation&#8220; statt. Wir bekamen unser Diplom und durften etwas auf Japanisch zum Abschied sagen.<\/p>\n<blockquote><p>\u305b\u3093\u305b\u3044 EF Tokyo staff \u3042\u308a\u304c\u3068\u3046 \u3054\u3056\u3044\u307e\u3059<br \/>\n\u3055\u3088\u3046\u306a\u3089<br \/>\n\u307e\u305f\u306d<\/p>\n<p>Sensei EF Tokyo staff arigatou gozaimasu<br \/>\nSayounara<br \/>\nmata ne<\/p><\/blockquote>\n<p>Nach uns wurden die Langzeitstudenten gek\u00fcrt, die alle l\u00e4ngere Reden vorbereitet hatten. Es war ein sehr sch\u00f6ner Abschluss!<\/p>\n<div class=\"tgb_left\"><img loading=\"lazy\" class=\"alignnone size-full wp-image-39726\" src=\"https:\/\/thegoldenbun.com\/wp-content\/uploads\/2018\/06\/Education-First_Bildungsurlaub-Sprachreise__2018-06-08_14-59-39.jpg\" alt=\"Education First_Bildungsurlaub Sprachreise EF Erfahrungsbericht\" width=\"1000\" height=\"1500\" srcset=\"https:\/\/thegoldenbun.com\/wp-content\/uploads\/2018\/06\/Education-First_Bildungsurlaub-Sprachreise__2018-06-08_14-59-39.jpg 1000w, https:\/\/thegoldenbun.com\/wp-content\/uploads\/2018\/06\/Education-First_Bildungsurlaub-Sprachreise__2018-06-08_14-59-39-233x350.jpg 233w, https:\/\/thegoldenbun.com\/wp-content\/uploads\/2018\/06\/Education-First_Bildungsurlaub-Sprachreise__2018-06-08_14-59-39-683x1024.jpg 683w, https:\/\/thegoldenbun.com\/wp-content\/uploads\/2018\/06\/Education-First_Bildungsurlaub-Sprachreise__2018-06-08_14-59-39-768x1152.jpg 768w, https:\/\/thegoldenbun.com\/wp-content\/uploads\/2018\/06\/Education-First_Bildungsurlaub-Sprachreise__2018-06-08_14-59-39-16x24.jpg 16w, https:\/\/thegoldenbun.com\/wp-content\/uploads\/2018\/06\/Education-First_Bildungsurlaub-Sprachreise__2018-06-08_14-59-39-24x36.jpg 24w, https:\/\/thegoldenbun.com\/wp-content\/uploads\/2018\/06\/Education-First_Bildungsurlaub-Sprachreise__2018-06-08_14-59-39-32x48.jpg 32w\" sizes=\"(max-width: 1000px) 100vw, 1000px\" \/><\/div>\n<div class=\"tgb_right\"><img loading=\"lazy\" class=\"alignnone size-full wp-image-39727\" src=\"https:\/\/thegoldenbun.com\/wp-content\/uploads\/2018\/06\/Education-First_Bildungsurlaub-Sprachreise__2018-06-08_15-07-00.jpg\" alt=\"Education First_Bildungsurlaub Sprachreise EF Erfahrungsbericht\" width=\"1000\" height=\"1500\" srcset=\"https:\/\/thegoldenbun.com\/wp-content\/uploads\/2018\/06\/Education-First_Bildungsurlaub-Sprachreise__2018-06-08_15-07-00.jpg 1000w, https:\/\/thegoldenbun.com\/wp-content\/uploads\/2018\/06\/Education-First_Bildungsurlaub-Sprachreise__2018-06-08_15-07-00-233x350.jpg 233w, https:\/\/thegoldenbun.com\/wp-content\/uploads\/2018\/06\/Education-First_Bildungsurlaub-Sprachreise__2018-06-08_15-07-00-683x1024.jpg 683w, https:\/\/thegoldenbun.com\/wp-content\/uploads\/2018\/06\/Education-First_Bildungsurlaub-Sprachreise__2018-06-08_15-07-00-768x1152.jpg 768w, https:\/\/thegoldenbun.com\/wp-content\/uploads\/2018\/06\/Education-First_Bildungsurlaub-Sprachreise__2018-06-08_15-07-00-16x24.jpg 16w, https:\/\/thegoldenbun.com\/wp-content\/uploads\/2018\/06\/Education-First_Bildungsurlaub-Sprachreise__2018-06-08_15-07-00-24x36.jpg 24w, https:\/\/thegoldenbun.com\/wp-content\/uploads\/2018\/06\/Education-First_Bildungsurlaub-Sprachreise__2018-06-08_15-07-00-32x48.jpg 32w\" sizes=\"(max-width: 1000px) 100vw, 1000px\" \/><\/div>\n<h3><strong>LOCATION<\/strong><\/h3>\n<p>Die Sprachschule von EF Tokio und das HQ von EF Japan befinden sich in bester Lage mitten in Shibuya. Hoch oben im 27. Stock des Shibuya Cross Tower hat man einen gro\u00dfartigen Blick auf die Metropole, von dem man sich aber w\u00e4hrend des Unterrichts nicht ablenken lassen darf.<\/p>\n<div class=\"tgb_left\"><img loading=\"lazy\" class=\"alignnone size-full wp-image-39733\" src=\"https:\/\/thegoldenbun.com\/wp-content\/uploads\/2018\/06\/Education-First_Bildungsurlaub-Sprachreise__2018-05-28_15-17-13.jpg\" alt=\"Education First_Bildungsurlaub Sprachreise EF Erfahrungsbericht\" width=\"1000\" height=\"1500\" srcset=\"https:\/\/thegoldenbun.com\/wp-content\/uploads\/2018\/06\/Education-First_Bildungsurlaub-Sprachreise__2018-05-28_15-17-13.jpg 1000w, https:\/\/thegoldenbun.com\/wp-content\/uploads\/2018\/06\/Education-First_Bildungsurlaub-Sprachreise__2018-05-28_15-17-13-233x350.jpg 233w, https:\/\/thegoldenbun.com\/wp-content\/uploads\/2018\/06\/Education-First_Bildungsurlaub-Sprachreise__2018-05-28_15-17-13-683x1024.jpg 683w, https:\/\/thegoldenbun.com\/wp-content\/uploads\/2018\/06\/Education-First_Bildungsurlaub-Sprachreise__2018-05-28_15-17-13-768x1152.jpg 768w, https:\/\/thegoldenbun.com\/wp-content\/uploads\/2018\/06\/Education-First_Bildungsurlaub-Sprachreise__2018-05-28_15-17-13-16x24.jpg 16w, https:\/\/thegoldenbun.com\/wp-content\/uploads\/2018\/06\/Education-First_Bildungsurlaub-Sprachreise__2018-05-28_15-17-13-24x36.jpg 24w, https:\/\/thegoldenbun.com\/wp-content\/uploads\/2018\/06\/Education-First_Bildungsurlaub-Sprachreise__2018-05-28_15-17-13-32x48.jpg 32w\" sizes=\"(max-width: 1000px) 100vw, 1000px\" \/><\/div>\n<div class=\"tgb_right\"><img loading=\"lazy\" class=\"alignnone size-full wp-image-39734\" src=\"https:\/\/thegoldenbun.com\/wp-content\/uploads\/2018\/06\/Education-First_Bildungsurlaub-Sprachreise__2018-06-04_14-12-44.jpg\" alt=\"Education First_Bildungsurlaub Sprachreise EF Erfahrungsbericht\" width=\"1000\" height=\"1500\" srcset=\"https:\/\/thegoldenbun.com\/wp-content\/uploads\/2018\/06\/Education-First_Bildungsurlaub-Sprachreise__2018-06-04_14-12-44.jpg 1000w, https:\/\/thegoldenbun.com\/wp-content\/uploads\/2018\/06\/Education-First_Bildungsurlaub-Sprachreise__2018-06-04_14-12-44-233x350.jpg 233w, https:\/\/thegoldenbun.com\/wp-content\/uploads\/2018\/06\/Education-First_Bildungsurlaub-Sprachreise__2018-06-04_14-12-44-683x1024.jpg 683w, https:\/\/thegoldenbun.com\/wp-content\/uploads\/2018\/06\/Education-First_Bildungsurlaub-Sprachreise__2018-06-04_14-12-44-768x1152.jpg 768w, https:\/\/thegoldenbun.com\/wp-content\/uploads\/2018\/06\/Education-First_Bildungsurlaub-Sprachreise__2018-06-04_14-12-44-16x24.jpg 16w, https:\/\/thegoldenbun.com\/wp-content\/uploads\/2018\/06\/Education-First_Bildungsurlaub-Sprachreise__2018-06-04_14-12-44-24x36.jpg 24w, https:\/\/thegoldenbun.com\/wp-content\/uploads\/2018\/06\/Education-First_Bildungsurlaub-Sprachreise__2018-06-04_14-12-44-32x48.jpg 32w\" sizes=\"(max-width: 1000px) 100vw, 1000px\" \/><\/div>\n<h1><strong>SPRACHKURS-ALLTAG\u00a0<\/strong><em>in Tokio!<\/em><\/h1>\n<p>Vor oder nach dem Kurs ging es f\u00fcr uns gleich auf Entdeckungstour. Gl\u00fccklicherweise war ich vor einem Jahr <a href=\"https:\/\/thegoldenbun.com\/2017\/10\/48-hours-tokyo-japanese-architecture-guide\/\">bereits zwei Tage in Tokio gewesen<\/a>, sodass ich das \u201eBig Picture\u201c der Stadt bereits eingepr\u00e4gt hatte. Mit Julia besuchte ich die eine oder andere Attraktion nochmal. Gl\u00fccklicherweise war sie mit allem d\u2019accord, sodass ich das Freizeitprogramm ganz nach meinem Gutd\u00fcnken gestalten konnte \u2013\u00a0dies bedeutete: <strong>Viel Essen und ganz viel Architektur!<\/strong><\/p>\n<img loading=\"lazy\" class=\"alignnone size-full wp-image-39721\" src=\"https:\/\/thegoldenbun.com\/wp-content\/uploads\/2018\/06\/Education-First_Bildungsurlaub-Sprachreise__2018-06-05_15-34-40.jpg\" alt=\"Education First_Bildungsurlaub Sprachreise EF Erfahrungsbericht\" width=\"1500\" height=\"1000\" srcset=\"https:\/\/thegoldenbun.com\/wp-content\/uploads\/2018\/06\/Education-First_Bildungsurlaub-Sprachreise__2018-06-05_15-34-40.jpg 1500w, https:\/\/thegoldenbun.com\/wp-content\/uploads\/2018\/06\/Education-First_Bildungsurlaub-Sprachreise__2018-06-05_15-34-40-350x233.jpg 350w, https:\/\/thegoldenbun.com\/wp-content\/uploads\/2018\/06\/Education-First_Bildungsurlaub-Sprachreise__2018-06-05_15-34-40-800x533.jpg 800w, https:\/\/thegoldenbun.com\/wp-content\/uploads\/2018\/06\/Education-First_Bildungsurlaub-Sprachreise__2018-06-05_15-34-40-768x512.jpg 768w, https:\/\/thegoldenbun.com\/wp-content\/uploads\/2018\/06\/Education-First_Bildungsurlaub-Sprachreise__2018-06-05_15-34-40-24x16.jpg 24w, https:\/\/thegoldenbun.com\/wp-content\/uploads\/2018\/06\/Education-First_Bildungsurlaub-Sprachreise__2018-06-05_15-34-40-36x24.jpg 36w, https:\/\/thegoldenbun.com\/wp-content\/uploads\/2018\/06\/Education-First_Bildungsurlaub-Sprachreise__2018-06-05_15-34-40-48x32.jpg 48w, https:\/\/thegoldenbun.com\/wp-content\/uploads\/2018\/06\/Education-First_Bildungsurlaub-Sprachreise__2018-06-05_15-34-40-1200x800.jpg 1200w\" sizes=\"(max-width: 1500px) 100vw, 1500px\" \/> <img loading=\"lazy\" class=\"alignnone size-full wp-image-39722\" src=\"https:\/\/thegoldenbun.com\/wp-content\/uploads\/2018\/06\/Education-First_Bildungsurlaub-Sprachreise__2018-06-08_13-26-04.jpg\" alt=\"Education First_Bildungsurlaub Sprachreise EF Erfahrungsbericht\" width=\"1500\" height=\"1000\" srcset=\"https:\/\/thegoldenbun.com\/wp-content\/uploads\/2018\/06\/Education-First_Bildungsurlaub-Sprachreise__2018-06-08_13-26-04.jpg 1500w, https:\/\/thegoldenbun.com\/wp-content\/uploads\/2018\/06\/Education-First_Bildungsurlaub-Sprachreise__2018-06-08_13-26-04-350x233.jpg 350w, https:\/\/thegoldenbun.com\/wp-content\/uploads\/2018\/06\/Education-First_Bildungsurlaub-Sprachreise__2018-06-08_13-26-04-800x533.jpg 800w, https:\/\/thegoldenbun.com\/wp-content\/uploads\/2018\/06\/Education-First_Bildungsurlaub-Sprachreise__2018-06-08_13-26-04-768x512.jpg 768w, https:\/\/thegoldenbun.com\/wp-content\/uploads\/2018\/06\/Education-First_Bildungsurlaub-Sprachreise__2018-06-08_13-26-04-24x16.jpg 24w, https:\/\/thegoldenbun.com\/wp-content\/uploads\/2018\/06\/Education-First_Bildungsurlaub-Sprachreise__2018-06-08_13-26-04-36x24.jpg 36w, https:\/\/thegoldenbun.com\/wp-content\/uploads\/2018\/06\/Education-First_Bildungsurlaub-Sprachreise__2018-06-08_13-26-04-48x32.jpg 48w, https:\/\/thegoldenbun.com\/wp-content\/uploads\/2018\/06\/Education-First_Bildungsurlaub-Sprachreise__2018-06-08_13-26-04-1200x800.jpg 1200w\" sizes=\"(max-width: 1500px) 100vw, 1500px\" \/><span class=\"caption\">Unterwegs in Shibuya<\/span>\n<img loading=\"lazy\" class=\"alignnone size-full wp-image-39723\" src=\"https:\/\/thegoldenbun.com\/wp-content\/uploads\/2018\/06\/Education-First_Bildungsurlaub-Sprachreise__2018-06-08_13-27-33.jpg\" alt=\"Education First_Bildungsurlaub Sprachreise EF Erfahrungsbericht\" width=\"1500\" height=\"1000\" srcset=\"https:\/\/thegoldenbun.com\/wp-content\/uploads\/2018\/06\/Education-First_Bildungsurlaub-Sprachreise__2018-06-08_13-27-33.jpg 1500w, https:\/\/thegoldenbun.com\/wp-content\/uploads\/2018\/06\/Education-First_Bildungsurlaub-Sprachreise__2018-06-08_13-27-33-350x233.jpg 350w, https:\/\/thegoldenbun.com\/wp-content\/uploads\/2018\/06\/Education-First_Bildungsurlaub-Sprachreise__2018-06-08_13-27-33-800x533.jpg 800w, https:\/\/thegoldenbun.com\/wp-content\/uploads\/2018\/06\/Education-First_Bildungsurlaub-Sprachreise__2018-06-08_13-27-33-768x512.jpg 768w, https:\/\/thegoldenbun.com\/wp-content\/uploads\/2018\/06\/Education-First_Bildungsurlaub-Sprachreise__2018-06-08_13-27-33-24x16.jpg 24w, https:\/\/thegoldenbun.com\/wp-content\/uploads\/2018\/06\/Education-First_Bildungsurlaub-Sprachreise__2018-06-08_13-27-33-36x24.jpg 36w, https:\/\/thegoldenbun.com\/wp-content\/uploads\/2018\/06\/Education-First_Bildungsurlaub-Sprachreise__2018-06-08_13-27-33-48x32.jpg 48w, https:\/\/thegoldenbun.com\/wp-content\/uploads\/2018\/06\/Education-First_Bildungsurlaub-Sprachreise__2018-06-08_13-27-33-1200x800.jpg 1200w\" sizes=\"(max-width: 1500px) 100vw, 1500px\" \/>\n<img loading=\"lazy\" class=\"alignnone size-full wp-image-39728\" src=\"https:\/\/thegoldenbun.com\/wp-content\/uploads\/2018\/06\/Education-First_Bildungsurlaub-Sprachreise__2018-06-08_15-07-001.jpg\" alt=\"Education First_Bildungsurlaub Sprachreise EF Erfahrungsbericht\" width=\"1500\" height=\"1000\" srcset=\"https:\/\/thegoldenbun.com\/wp-content\/uploads\/2018\/06\/Education-First_Bildungsurlaub-Sprachreise__2018-06-08_15-07-001.jpg 1500w, https:\/\/thegoldenbun.com\/wp-content\/uploads\/2018\/06\/Education-First_Bildungsurlaub-Sprachreise__2018-06-08_15-07-001-350x233.jpg 350w, https:\/\/thegoldenbun.com\/wp-content\/uploads\/2018\/06\/Education-First_Bildungsurlaub-Sprachreise__2018-06-08_15-07-001-800x533.jpg 800w, https:\/\/thegoldenbun.com\/wp-content\/uploads\/2018\/06\/Education-First_Bildungsurlaub-Sprachreise__2018-06-08_15-07-001-768x512.jpg 768w, https:\/\/thegoldenbun.com\/wp-content\/uploads\/2018\/06\/Education-First_Bildungsurlaub-Sprachreise__2018-06-08_15-07-001-24x16.jpg 24w, https:\/\/thegoldenbun.com\/wp-content\/uploads\/2018\/06\/Education-First_Bildungsurlaub-Sprachreise__2018-06-08_15-07-001-36x24.jpg 36w, https:\/\/thegoldenbun.com\/wp-content\/uploads\/2018\/06\/Education-First_Bildungsurlaub-Sprachreise__2018-06-08_15-07-001-48x32.jpg 48w, https:\/\/thegoldenbun.com\/wp-content\/uploads\/2018\/06\/Education-First_Bildungsurlaub-Sprachreise__2018-06-08_15-07-001-1200x800.jpg 1200w\" sizes=\"(max-width: 1500px) 100vw, 1500px\" \/>\n<div class=\"tgb_left\"><img loading=\"lazy\" class=\"alignnone size-full wp-image-39700\" src=\"https:\/\/thegoldenbun.com\/wp-content\/uploads\/2018\/06\/Education-First_Bildungsurlaub-Sprachreise__2018-05-29_10-39-56.jpg\" alt=\"Education First_Bildungsurlaub Sprachreise EF Erfahrungsbericht\" width=\"1000\" height=\"1500\" srcset=\"https:\/\/thegoldenbun.com\/wp-content\/uploads\/2018\/06\/Education-First_Bildungsurlaub-Sprachreise__2018-05-29_10-39-56.jpg 1000w, https:\/\/thegoldenbun.com\/wp-content\/uploads\/2018\/06\/Education-First_Bildungsurlaub-Sprachreise__2018-05-29_10-39-56-233x350.jpg 233w, https:\/\/thegoldenbun.com\/wp-content\/uploads\/2018\/06\/Education-First_Bildungsurlaub-Sprachreise__2018-05-29_10-39-56-683x1024.jpg 683w, https:\/\/thegoldenbun.com\/wp-content\/uploads\/2018\/06\/Education-First_Bildungsurlaub-Sprachreise__2018-05-29_10-39-56-768x1152.jpg 768w, https:\/\/thegoldenbun.com\/wp-content\/uploads\/2018\/06\/Education-First_Bildungsurlaub-Sprachreise__2018-05-29_10-39-56-16x24.jpg 16w, https:\/\/thegoldenbun.com\/wp-content\/uploads\/2018\/06\/Education-First_Bildungsurlaub-Sprachreise__2018-05-29_10-39-56-24x36.jpg 24w, https:\/\/thegoldenbun.com\/wp-content\/uploads\/2018\/06\/Education-First_Bildungsurlaub-Sprachreise__2018-05-29_10-39-56-32x48.jpg 32w\" sizes=\"(max-width: 1000px) 100vw, 1000px\" \/><\/div>\n<div class=\"tgb_right\"><img loading=\"lazy\" class=\"alignnone size-full wp-image-39740\" src=\"https:\/\/thegoldenbun.com\/wp-content\/uploads\/2018\/06\/Education-First_Bildungsurlaub-Sprachreise__2018-05-28_11-33-57.jpg\" alt=\"Education First_Bildungsurlaub Sprachreise EF Erfahrungsbericht\" width=\"1000\" height=\"1500\" srcset=\"https:\/\/thegoldenbun.com\/wp-content\/uploads\/2018\/06\/Education-First_Bildungsurlaub-Sprachreise__2018-05-28_11-33-57.jpg 1000w, https:\/\/thegoldenbun.com\/wp-content\/uploads\/2018\/06\/Education-First_Bildungsurlaub-Sprachreise__2018-05-28_11-33-57-233x350.jpg 233w, https:\/\/thegoldenbun.com\/wp-content\/uploads\/2018\/06\/Education-First_Bildungsurlaub-Sprachreise__2018-05-28_11-33-57-683x1024.jpg 683w, https:\/\/thegoldenbun.com\/wp-content\/uploads\/2018\/06\/Education-First_Bildungsurlaub-Sprachreise__2018-05-28_11-33-57-768x1152.jpg 768w, https:\/\/thegoldenbun.com\/wp-content\/uploads\/2018\/06\/Education-First_Bildungsurlaub-Sprachreise__2018-05-28_11-33-57-16x24.jpg 16w, https:\/\/thegoldenbun.com\/wp-content\/uploads\/2018\/06\/Education-First_Bildungsurlaub-Sprachreise__2018-05-28_11-33-57-24x36.jpg 24w, https:\/\/thegoldenbun.com\/wp-content\/uploads\/2018\/06\/Education-First_Bildungsurlaub-Sprachreise__2018-05-28_11-33-57-32x48.jpg 32w\" sizes=\"(max-width: 1000px) 100vw, 1000px\" \/><\/div>\n<p><span class=\"caption\">Ein Foto mit diesen lustigen Schulkindern. Sie und viele mehr warteten f\u00fcr einen Launch vor einem Store!<\/span><\/p>\n<img loading=\"lazy\" class=\"alignnone size-full wp-image-39699\" src=\"https:\/\/thegoldenbun.com\/wp-content\/uploads\/2018\/06\/Education-First_Bildungsurlaub-Sprachreise__2018-05-29_10-11-26.jpg\" alt=\"Education First_Bildungsurlaub Sprachreise EF Erfahrungsbericht\" width=\"1500\" height=\"1000\" srcset=\"https:\/\/thegoldenbun.com\/wp-content\/uploads\/2018\/06\/Education-First_Bildungsurlaub-Sprachreise__2018-05-29_10-11-26.jpg 1500w, https:\/\/thegoldenbun.com\/wp-content\/uploads\/2018\/06\/Education-First_Bildungsurlaub-Sprachreise__2018-05-29_10-11-26-350x233.jpg 350w, https:\/\/thegoldenbun.com\/wp-content\/uploads\/2018\/06\/Education-First_Bildungsurlaub-Sprachreise__2018-05-29_10-11-26-800x533.jpg 800w, https:\/\/thegoldenbun.com\/wp-content\/uploads\/2018\/06\/Education-First_Bildungsurlaub-Sprachreise__2018-05-29_10-11-26-768x512.jpg 768w, https:\/\/thegoldenbun.com\/wp-content\/uploads\/2018\/06\/Education-First_Bildungsurlaub-Sprachreise__2018-05-29_10-11-26-24x16.jpg 24w, https:\/\/thegoldenbun.com\/wp-content\/uploads\/2018\/06\/Education-First_Bildungsurlaub-Sprachreise__2018-05-29_10-11-26-36x24.jpg 36w, https:\/\/thegoldenbun.com\/wp-content\/uploads\/2018\/06\/Education-First_Bildungsurlaub-Sprachreise__2018-05-29_10-11-26-48x32.jpg 48w, https:\/\/thegoldenbun.com\/wp-content\/uploads\/2018\/06\/Education-First_Bildungsurlaub-Sprachreise__2018-05-29_10-11-26-1200x800.jpg 1200w\" sizes=\"(max-width: 1500px) 100vw, 1500px\" \/>\n<p>Jedes Viertel ist so unterschiedlich \u2013\u00a0die Menschen, Architektur, Restaurants. Zwei Wochen sind wirklich perfekt, um eine Stadt so richtig zu erleben: Fr\u00fchst\u00fccken zu gehen, auch zwischendrin ein paar St\u00fcndchen in einem Caf\u00e9 arbeiten, durch die verschiedenen Viertel schlendern. Mittags landeten wir meistens in einem Nudelsuppen-Restaurant (Udon for the win!). Abends trafen wir uns meistens mit japanischen Bekannten von mir, die ich aus unterschiedlichen Reisen kannte. Sie brachten uns in typische Izakayas (japanische Kneipe. Setzt sich zusammen aus <i>i<\/i> (sitzen) und <i>sakaya<\/i> (Sake-Gesch\u00e4ft)\u00a0\u201eSake-Laden zum Sitzen\u201c) und wir konnten unser gelerntes Japanisch auch gleich anwenden. Aber Hauptsache erstmals ein k\u00fchles Sake und \u201e<em>\u304b\u3093\u3071\u3044<\/em><em>kanpai<\/em>\u201c!<\/p>\n<div class=\"tgb_left\"><img loading=\"lazy\" class=\"alignnone size-full wp-image-39735\" src=\"https:\/\/thegoldenbun.com\/wp-content\/uploads\/2018\/06\/896690ac-1748-4a1a-bf70-28893caf934f.jpg\" alt=\"\" width=\"1500\" height=\"999\" srcset=\"https:\/\/thegoldenbun.com\/wp-content\/uploads\/2018\/06\/896690ac-1748-4a1a-bf70-28893caf934f.jpg 1500w, https:\/\/thegoldenbun.com\/wp-content\/uploads\/2018\/06\/896690ac-1748-4a1a-bf70-28893caf934f-350x233.jpg 350w, https:\/\/thegoldenbun.com\/wp-content\/uploads\/2018\/06\/896690ac-1748-4a1a-bf70-28893caf934f-800x533.jpg 800w, https:\/\/thegoldenbun.com\/wp-content\/uploads\/2018\/06\/896690ac-1748-4a1a-bf70-28893caf934f-768x511.jpg 768w, https:\/\/thegoldenbun.com\/wp-content\/uploads\/2018\/06\/896690ac-1748-4a1a-bf70-28893caf934f-24x16.jpg 24w, https:\/\/thegoldenbun.com\/wp-content\/uploads\/2018\/06\/896690ac-1748-4a1a-bf70-28893caf934f-36x24.jpg 36w, https:\/\/thegoldenbun.com\/wp-content\/uploads\/2018\/06\/896690ac-1748-4a1a-bf70-28893caf934f-48x32.jpg 48w, https:\/\/thegoldenbun.com\/wp-content\/uploads\/2018\/06\/896690ac-1748-4a1a-bf70-28893caf934f-1200x799.jpg 1200w\" sizes=\"(max-width: 1500px) 100vw, 1500px\" \/><\/div>\n<div class=\"tgb_right\"><img loading=\"lazy\" class=\"alignnone size-full wp-image-39736\" src=\"https:\/\/thegoldenbun.com\/wp-content\/uploads\/2018\/06\/354e02d3-361e-428e-8772-20801f1ceea0.jpg\" alt=\"\" width=\"1500\" height=\"999\" srcset=\"https:\/\/thegoldenbun.com\/wp-content\/uploads\/2018\/06\/354e02d3-361e-428e-8772-20801f1ceea0.jpg 1500w, https:\/\/thegoldenbun.com\/wp-content\/uploads\/2018\/06\/354e02d3-361e-428e-8772-20801f1ceea0-350x233.jpg 350w, https:\/\/thegoldenbun.com\/wp-content\/uploads\/2018\/06\/354e02d3-361e-428e-8772-20801f1ceea0-800x533.jpg 800w, https:\/\/thegoldenbun.com\/wp-content\/uploads\/2018\/06\/354e02d3-361e-428e-8772-20801f1ceea0-768x511.jpg 768w, https:\/\/thegoldenbun.com\/wp-content\/uploads\/2018\/06\/354e02d3-361e-428e-8772-20801f1ceea0-24x16.jpg 24w, https:\/\/thegoldenbun.com\/wp-content\/uploads\/2018\/06\/354e02d3-361e-428e-8772-20801f1ceea0-36x24.jpg 36w, https:\/\/thegoldenbun.com\/wp-content\/uploads\/2018\/06\/354e02d3-361e-428e-8772-20801f1ceea0-48x32.jpg 48w, https:\/\/thegoldenbun.com\/wp-content\/uploads\/2018\/06\/354e02d3-361e-428e-8772-20801f1ceea0-1200x799.jpg 1200w\" sizes=\"(max-width: 1500px) 100vw, 1500px\" \/><\/div>\n<p><span class=\"caption\">Julia und ich in einem Izakaya mit unseren japanischen Freunden<\/span><\/p>\n<img loading=\"lazy\" class=\"alignnone size-full wp-image-39730\" src=\"https:\/\/thegoldenbun.com\/wp-content\/uploads\/2018\/06\/Education-First_Bildungsurlaub-Sprachreise__2018-06-08_15-07-003.jpg\" alt=\"Education First_Bildungsurlaub Sprachreise EF Erfahrungsbericht\" width=\"1500\" height=\"1000\" srcset=\"https:\/\/thegoldenbun.com\/wp-content\/uploads\/2018\/06\/Education-First_Bildungsurlaub-Sprachreise__2018-06-08_15-07-003.jpg 1500w, https:\/\/thegoldenbun.com\/wp-content\/uploads\/2018\/06\/Education-First_Bildungsurlaub-Sprachreise__2018-06-08_15-07-003-350x233.jpg 350w, https:\/\/thegoldenbun.com\/wp-content\/uploads\/2018\/06\/Education-First_Bildungsurlaub-Sprachreise__2018-06-08_15-07-003-800x533.jpg 800w, https:\/\/thegoldenbun.com\/wp-content\/uploads\/2018\/06\/Education-First_Bildungsurlaub-Sprachreise__2018-06-08_15-07-003-768x512.jpg 768w, https:\/\/thegoldenbun.com\/wp-content\/uploads\/2018\/06\/Education-First_Bildungsurlaub-Sprachreise__2018-06-08_15-07-003-24x16.jpg 24w, https:\/\/thegoldenbun.com\/wp-content\/uploads\/2018\/06\/Education-First_Bildungsurlaub-Sprachreise__2018-06-08_15-07-003-36x24.jpg 36w, https:\/\/thegoldenbun.com\/wp-content\/uploads\/2018\/06\/Education-First_Bildungsurlaub-Sprachreise__2018-06-08_15-07-003-48x32.jpg 48w, https:\/\/thegoldenbun.com\/wp-content\/uploads\/2018\/06\/Education-First_Bildungsurlaub-Sprachreise__2018-06-08_15-07-003-1200x800.jpg 1200w\" sizes=\"(max-width: 1500px) 100vw, 1500px\" \/>\n<img loading=\"lazy\" class=\"alignnone size-full wp-image-39731\" src=\"https:\/\/thegoldenbun.com\/wp-content\/uploads\/2018\/06\/Education-First_Bildungsurlaub-Sprachreise__2018-06-08_15-07-004.jpg\" alt=\"Education First_Bildungsurlaub Sprachreise EF Erfahrungsbericht\" width=\"1500\" height=\"1000\" srcset=\"https:\/\/thegoldenbun.com\/wp-content\/uploads\/2018\/06\/Education-First_Bildungsurlaub-Sprachreise__2018-06-08_15-07-004.jpg 1500w, https:\/\/thegoldenbun.com\/wp-content\/uploads\/2018\/06\/Education-First_Bildungsurlaub-Sprachreise__2018-06-08_15-07-004-350x233.jpg 350w, https:\/\/thegoldenbun.com\/wp-content\/uploads\/2018\/06\/Education-First_Bildungsurlaub-Sprachreise__2018-06-08_15-07-004-800x533.jpg 800w, https:\/\/thegoldenbun.com\/wp-content\/uploads\/2018\/06\/Education-First_Bildungsurlaub-Sprachreise__2018-06-08_15-07-004-768x512.jpg 768w, https:\/\/thegoldenbun.com\/wp-content\/uploads\/2018\/06\/Education-First_Bildungsurlaub-Sprachreise__2018-06-08_15-07-004-24x16.jpg 24w, https:\/\/thegoldenbun.com\/wp-content\/uploads\/2018\/06\/Education-First_Bildungsurlaub-Sprachreise__2018-06-08_15-07-004-36x24.jpg 36w, https:\/\/thegoldenbun.com\/wp-content\/uploads\/2018\/06\/Education-First_Bildungsurlaub-Sprachreise__2018-06-08_15-07-004-48x32.jpg 48w, https:\/\/thegoldenbun.com\/wp-content\/uploads\/2018\/06\/Education-First_Bildungsurlaub-Sprachreise__2018-06-08_15-07-004-1200x800.jpg 1200w\" sizes=\"(max-width: 1500px) 100vw, 1500px\" \/><span class=\"caption\">Genau so kennt man Tokyo &#8211; die bunt beleuchteten Hochh\u00e4user nachts<\/span>\n<p>Wir \u00fcbernachteten im Studentenwohnheim nahe der Tama Plaza Station, welche mit dem Express Train 20 Minuten von der Shibuya Station entfernt ist. Da Tokio nicht die kleinste Stadt der Welt ist, brauchten wir f\u00fcr die R\u00fcckreise aus der Stadt immer bis zu 50 Minuten. So kamen wir immer erst sp\u00e4t gegen 11 Uhr in unserem Zimmer an. Der Tag war dann aber nicht zu Ende, denn dann hie\u00df es erstmals Bilder bearbeiten und posten.<\/p>\n<blockquote><p><em>#nevernotworking<\/em>.<\/p><\/blockquote>\n<p>Jetlag hatte ich die ersten Tage nicht, aber erst gegen 02:00 Uhr nachts schlafen gehen und dann um 7:00 Uhr wieder aufzustehen, ist nicht besonders f\u00f6rderlich f\u00fcr den Rhythmus. Ihr k\u00f6nnt euch vorstellen, dass wir nach den ersten 5 Tagen erstmals v\u00f6llig ersch\u00f6pft waren. Es sollte eher Bildungsreise als Urlaub hei\u00dfen. Das n\u00e4chste Mal buche ich mir meinen Bildungsurlaub auf Okinawa im S\u00fcden Japans.<\/p>\n<img loading=\"lazy\" class=\"alignnone size-full wp-image-39717\" src=\"https:\/\/thegoldenbun.com\/wp-content\/uploads\/2018\/06\/Education-First_Bildungsurlaub-Sprachreise__2018-06-02_17-34-42.jpg\" alt=\"Education First_Bildungsurlaub Sprachreise EF Erfahrungsbericht\" width=\"1500\" height=\"1000\" srcset=\"https:\/\/thegoldenbun.com\/wp-content\/uploads\/2018\/06\/Education-First_Bildungsurlaub-Sprachreise__2018-06-02_17-34-42.jpg 1500w, https:\/\/thegoldenbun.com\/wp-content\/uploads\/2018\/06\/Education-First_Bildungsurlaub-Sprachreise__2018-06-02_17-34-42-350x233.jpg 350w, https:\/\/thegoldenbun.com\/wp-content\/uploads\/2018\/06\/Education-First_Bildungsurlaub-Sprachreise__2018-06-02_17-34-42-800x533.jpg 800w, https:\/\/thegoldenbun.com\/wp-content\/uploads\/2018\/06\/Education-First_Bildungsurlaub-Sprachreise__2018-06-02_17-34-42-768x512.jpg 768w, https:\/\/thegoldenbun.com\/wp-content\/uploads\/2018\/06\/Education-First_Bildungsurlaub-Sprachreise__2018-06-02_17-34-42-24x16.jpg 24w, https:\/\/thegoldenbun.com\/wp-content\/uploads\/2018\/06\/Education-First_Bildungsurlaub-Sprachreise__2018-06-02_17-34-42-36x24.jpg 36w, https:\/\/thegoldenbun.com\/wp-content\/uploads\/2018\/06\/Education-First_Bildungsurlaub-Sprachreise__2018-06-02_17-34-42-48x32.jpg 48w, https:\/\/thegoldenbun.com\/wp-content\/uploads\/2018\/06\/Education-First_Bildungsurlaub-Sprachreise__2018-06-02_17-34-42-1200x800.jpg 1200w\" sizes=\"(max-width: 1500px) 100vw, 1500px\" \/><span class=\"caption\">der ber\u00fchmte Tokyo Sky Tree in Asakusa im Nordosten Tokios<\/span>\n<h1><em>Meine <\/em><strong>TOKIO HIGHLIGHTS<\/strong><\/h1>\n<p>Tokio ist wortw\u00f6rtlich <strong>CRAZY!<\/strong> In Shibuya findet ihr beispielsweise Eulencaf\u00e9s, Roboter-Shows, Katzencaf\u00e9s und vieles mehr. Diese Aktivit\u00e4ten waren aber weit entfernt von unseren Interessen. Ich liebe Tokio f\u00fcr seine Vielfalt an Design, Architektur und historischen Denkm\u00e4lern. Die allbekannten Sightseeingsspots solltet ihr euch unbedingt ansehen.<\/p>\n<img loading=\"lazy\" class=\"alignnone size-full wp-image-39696\" src=\"https:\/\/thegoldenbun.com\/wp-content\/uploads\/2018\/06\/Education-First_Bildungsurlaub-Sprachreise__2018-05-27_17-35-51.jpg\" alt=\"Education First_Bildungsurlaub Sprachreise EF Erfahrungsbericht\" width=\"1000\" height=\"1500\" srcset=\"https:\/\/thegoldenbun.com\/wp-content\/uploads\/2018\/06\/Education-First_Bildungsurlaub-Sprachreise__2018-05-27_17-35-51.jpg 1000w, https:\/\/thegoldenbun.com\/wp-content\/uploads\/2018\/06\/Education-First_Bildungsurlaub-Sprachreise__2018-05-27_17-35-51-233x350.jpg 233w, https:\/\/thegoldenbun.com\/wp-content\/uploads\/2018\/06\/Education-First_Bildungsurlaub-Sprachreise__2018-05-27_17-35-51-683x1024.jpg 683w, https:\/\/thegoldenbun.com\/wp-content\/uploads\/2018\/06\/Education-First_Bildungsurlaub-Sprachreise__2018-05-27_17-35-51-768x1152.jpg 768w, https:\/\/thegoldenbun.com\/wp-content\/uploads\/2018\/06\/Education-First_Bildungsurlaub-Sprachreise__2018-05-27_17-35-51-16x24.jpg 16w, https:\/\/thegoldenbun.com\/wp-content\/uploads\/2018\/06\/Education-First_Bildungsurlaub-Sprachreise__2018-05-27_17-35-51-24x36.jpg 24w, https:\/\/thegoldenbun.com\/wp-content\/uploads\/2018\/06\/Education-First_Bildungsurlaub-Sprachreise__2018-05-27_17-35-51-32x48.jpg 32w\" sizes=\"(max-width: 1000px) 100vw, 1000px\" \/><span class=\"caption\">vor dem Eingang des Meiji-Jingu Shreins<\/span>\n<div class=\"tgb_left\"><img loading=\"lazy\" class=\"alignnone size-full wp-image-39716\" src=\"https:\/\/thegoldenbun.com\/wp-content\/uploads\/2018\/06\/Education-First_Bildungsurlaub-Sprachreise__2018-06-02_17-29-53.jpg\" alt=\"Education First_Bildungsurlaub Sprachreise EF Erfahrungsbericht\" width=\"1000\" height=\"1500\" srcset=\"https:\/\/thegoldenbun.com\/wp-content\/uploads\/2018\/06\/Education-First_Bildungsurlaub-Sprachreise__2018-06-02_17-29-53.jpg 1000w, https:\/\/thegoldenbun.com\/wp-content\/uploads\/2018\/06\/Education-First_Bildungsurlaub-Sprachreise__2018-06-02_17-29-53-233x350.jpg 233w, https:\/\/thegoldenbun.com\/wp-content\/uploads\/2018\/06\/Education-First_Bildungsurlaub-Sprachreise__2018-06-02_17-29-53-683x1024.jpg 683w, https:\/\/thegoldenbun.com\/wp-content\/uploads\/2018\/06\/Education-First_Bildungsurlaub-Sprachreise__2018-06-02_17-29-53-768x1152.jpg 768w, https:\/\/thegoldenbun.com\/wp-content\/uploads\/2018\/06\/Education-First_Bildungsurlaub-Sprachreise__2018-06-02_17-29-53-16x24.jpg 16w, https:\/\/thegoldenbun.com\/wp-content\/uploads\/2018\/06\/Education-First_Bildungsurlaub-Sprachreise__2018-06-02_17-29-53-24x36.jpg 24w, https:\/\/thegoldenbun.com\/wp-content\/uploads\/2018\/06\/Education-First_Bildungsurlaub-Sprachreise__2018-06-02_17-29-53-32x48.jpg 32w\" sizes=\"(max-width: 1000px) 100vw, 1000px\" \/><\/div>\n<div class=\"tgb_right\"><img loading=\"lazy\" class=\"alignnone size-full wp-image-39715\" src=\"https:\/\/thegoldenbun.com\/wp-content\/uploads\/2018\/06\/Education-First_Bildungsurlaub-Sprachreise__2018-06-02_17-26-36.jpg\" alt=\"Education First_Bildungsurlaub Sprachreise EF Erfahrungsbericht\" width=\"1000\" height=\"1500\" srcset=\"https:\/\/thegoldenbun.com\/wp-content\/uploads\/2018\/06\/Education-First_Bildungsurlaub-Sprachreise__2018-06-02_17-26-36.jpg 1000w, https:\/\/thegoldenbun.com\/wp-content\/uploads\/2018\/06\/Education-First_Bildungsurlaub-Sprachreise__2018-06-02_17-26-36-233x350.jpg 233w, https:\/\/thegoldenbun.com\/wp-content\/uploads\/2018\/06\/Education-First_Bildungsurlaub-Sprachreise__2018-06-02_17-26-36-683x1024.jpg 683w, https:\/\/thegoldenbun.com\/wp-content\/uploads\/2018\/06\/Education-First_Bildungsurlaub-Sprachreise__2018-06-02_17-26-36-768x1152.jpg 768w, https:\/\/thegoldenbun.com\/wp-content\/uploads\/2018\/06\/Education-First_Bildungsurlaub-Sprachreise__2018-06-02_17-26-36-16x24.jpg 16w, https:\/\/thegoldenbun.com\/wp-content\/uploads\/2018\/06\/Education-First_Bildungsurlaub-Sprachreise__2018-06-02_17-26-36-24x36.jpg 24w, https:\/\/thegoldenbun.com\/wp-content\/uploads\/2018\/06\/Education-First_Bildungsurlaub-Sprachreise__2018-06-02_17-26-36-32x48.jpg 32w\" sizes=\"(max-width: 1000px) 100vw, 1000px\" \/><\/div>\n<img loading=\"lazy\" class=\"alignnone size-full wp-image-39711\" src=\"https:\/\/thegoldenbun.com\/wp-content\/uploads\/2018\/06\/Education-First_Bildungsurlaub-Sprachreise__2018-06-02_15-53-18.jpg\" alt=\"Education First_Bildungsurlaub Sprachreise EF Erfahrungsbericht\" width=\"1500\" height=\"1000\" srcset=\"https:\/\/thegoldenbun.com\/wp-content\/uploads\/2018\/06\/Education-First_Bildungsurlaub-Sprachreise__2018-06-02_15-53-18.jpg 1500w, https:\/\/thegoldenbun.com\/wp-content\/uploads\/2018\/06\/Education-First_Bildungsurlaub-Sprachreise__2018-06-02_15-53-18-350x233.jpg 350w, https:\/\/thegoldenbun.com\/wp-content\/uploads\/2018\/06\/Education-First_Bildungsurlaub-Sprachreise__2018-06-02_15-53-18-800x533.jpg 800w, https:\/\/thegoldenbun.com\/wp-content\/uploads\/2018\/06\/Education-First_Bildungsurlaub-Sprachreise__2018-06-02_15-53-18-768x512.jpg 768w, https:\/\/thegoldenbun.com\/wp-content\/uploads\/2018\/06\/Education-First_Bildungsurlaub-Sprachreise__2018-06-02_15-53-18-24x16.jpg 24w, https:\/\/thegoldenbun.com\/wp-content\/uploads\/2018\/06\/Education-First_Bildungsurlaub-Sprachreise__2018-06-02_15-53-18-36x24.jpg 36w, https:\/\/thegoldenbun.com\/wp-content\/uploads\/2018\/06\/Education-First_Bildungsurlaub-Sprachreise__2018-06-02_15-53-18-48x32.jpg 48w, https:\/\/thegoldenbun.com\/wp-content\/uploads\/2018\/06\/Education-First_Bildungsurlaub-Sprachreise__2018-06-02_15-53-18-1200x800.jpg 1200w\" sizes=\"(max-width: 1500px) 100vw, 1500px\" \/><span class=\"caption\">Matcha Latte und ein K\u014dh\u012b (japanisch f\u00fcr Kaffee) &#8211; Pause<\/span>\n<img loading=\"lazy\" class=\"alignnone size-full wp-image-39702\" src=\"https:\/\/thegoldenbun.com\/wp-content\/uploads\/2018\/06\/Education-First_Bildungsurlaub-Sprachreise__2018-05-29_16-33-57.jpg\" alt=\"Education First_Bildungsurlaub Sprachreise EF Erfahrungsbericht\" width=\"1500\" height=\"1000\" srcset=\"https:\/\/thegoldenbun.com\/wp-content\/uploads\/2018\/06\/Education-First_Bildungsurlaub-Sprachreise__2018-05-29_16-33-57.jpg 1500w, https:\/\/thegoldenbun.com\/wp-content\/uploads\/2018\/06\/Education-First_Bildungsurlaub-Sprachreise__2018-05-29_16-33-57-350x233.jpg 350w, https:\/\/thegoldenbun.com\/wp-content\/uploads\/2018\/06\/Education-First_Bildungsurlaub-Sprachreise__2018-05-29_16-33-57-800x533.jpg 800w, https:\/\/thegoldenbun.com\/wp-content\/uploads\/2018\/06\/Education-First_Bildungsurlaub-Sprachreise__2018-05-29_16-33-57-768x512.jpg 768w, https:\/\/thegoldenbun.com\/wp-content\/uploads\/2018\/06\/Education-First_Bildungsurlaub-Sprachreise__2018-05-29_16-33-57-24x16.jpg 24w, https:\/\/thegoldenbun.com\/wp-content\/uploads\/2018\/06\/Education-First_Bildungsurlaub-Sprachreise__2018-05-29_16-33-57-36x24.jpg 36w, https:\/\/thegoldenbun.com\/wp-content\/uploads\/2018\/06\/Education-First_Bildungsurlaub-Sprachreise__2018-05-29_16-33-57-48x32.jpg 48w, https:\/\/thegoldenbun.com\/wp-content\/uploads\/2018\/06\/Education-First_Bildungsurlaub-Sprachreise__2018-05-29_16-33-57-1200x800.jpg 1200w\" sizes=\"(max-width: 1500px) 100vw, 1500px\" \/><span class=\"caption\">fantastische Aussicht vom Tokyo City View And Sky Deck auf den Tokyo Tower<\/span>\n<ul>\n<li>Mein Highlight war die Aussicht auf die Stadt vom 54. Stock des Mori Towers. Von dort habt ihr einen 360\u00b0 Panorama Blick des <strong>Tokyo City View And Sky Deck<\/strong>.<\/li>\n<li><strong>Tsujiki-Fischmarkt<\/strong> \u2013\u00a0am besten geht ihr gegen 10 Uhr hin, denn vorher ist der Zutritt Touristen nicht gestattet. Mittlerweile war ich schon drei Mal am Fischmarkt, aber nicht um Fisch zu essen oder kaufen, sondern Porzellan (mehr dar\u00fcber in meinem Shopping Guide).<\/li>\n<\/ul>\n<img loading=\"lazy\" class=\"alignnone size-full wp-image-39705\" src=\"https:\/\/thegoldenbun.com\/wp-content\/uploads\/2018\/06\/Education-First_Bildungsurlaub-Sprachreise__2018-05-30_12-47-59.jpg\" alt=\"Education First_Bildungsurlaub Sprachreise EF Erfahrungsbericht\" width=\"1500\" height=\"1000\" srcset=\"https:\/\/thegoldenbun.com\/wp-content\/uploads\/2018\/06\/Education-First_Bildungsurlaub-Sprachreise__2018-05-30_12-47-59.jpg 1500w, https:\/\/thegoldenbun.com\/wp-content\/uploads\/2018\/06\/Education-First_Bildungsurlaub-Sprachreise__2018-05-30_12-47-59-350x233.jpg 350w, https:\/\/thegoldenbun.com\/wp-content\/uploads\/2018\/06\/Education-First_Bildungsurlaub-Sprachreise__2018-05-30_12-47-59-800x533.jpg 800w, https:\/\/thegoldenbun.com\/wp-content\/uploads\/2018\/06\/Education-First_Bildungsurlaub-Sprachreise__2018-05-30_12-47-59-768x512.jpg 768w, https:\/\/thegoldenbun.com\/wp-content\/uploads\/2018\/06\/Education-First_Bildungsurlaub-Sprachreise__2018-05-30_12-47-59-24x16.jpg 24w, https:\/\/thegoldenbun.com\/wp-content\/uploads\/2018\/06\/Education-First_Bildungsurlaub-Sprachreise__2018-05-30_12-47-59-36x24.jpg 36w, https:\/\/thegoldenbun.com\/wp-content\/uploads\/2018\/06\/Education-First_Bildungsurlaub-Sprachreise__2018-05-30_12-47-59-48x32.jpg 48w, https:\/\/thegoldenbun.com\/wp-content\/uploads\/2018\/06\/Education-First_Bildungsurlaub-Sprachreise__2018-05-30_12-47-59-1200x800.jpg 1200w\" sizes=\"(max-width: 1500px) 100vw, 1500px\" \/> <span class=\"caption\">leckere Austern und wundersch\u00f6nes Porzellan auf dem Tsujiki Fischmarkt<\/span><img loading=\"lazy\" class=\"alignnone size-full wp-image-39706\" src=\"https:\/\/thegoldenbun.com\/wp-content\/uploads\/2018\/06\/Education-First_Bildungsurlaub-Sprachreise__2018-05-30_13-42-16.jpg\" alt=\"Education First_Bildungsurlaub Sprachreise EF Erfahrungsbericht\" width=\"1500\" height=\"1000\" srcset=\"https:\/\/thegoldenbun.com\/wp-content\/uploads\/2018\/06\/Education-First_Bildungsurlaub-Sprachreise__2018-05-30_13-42-16.jpg 1500w, https:\/\/thegoldenbun.com\/wp-content\/uploads\/2018\/06\/Education-First_Bildungsurlaub-Sprachreise__2018-05-30_13-42-16-350x233.jpg 350w, https:\/\/thegoldenbun.com\/wp-content\/uploads\/2018\/06\/Education-First_Bildungsurlaub-Sprachreise__2018-05-30_13-42-16-800x533.jpg 800w, https:\/\/thegoldenbun.com\/wp-content\/uploads\/2018\/06\/Education-First_Bildungsurlaub-Sprachreise__2018-05-30_13-42-16-768x512.jpg 768w, https:\/\/thegoldenbun.com\/wp-content\/uploads\/2018\/06\/Education-First_Bildungsurlaub-Sprachreise__2018-05-30_13-42-16-24x16.jpg 24w, https:\/\/thegoldenbun.com\/wp-content\/uploads\/2018\/06\/Education-First_Bildungsurlaub-Sprachreise__2018-05-30_13-42-16-36x24.jpg 36w, https:\/\/thegoldenbun.com\/wp-content\/uploads\/2018\/06\/Education-First_Bildungsurlaub-Sprachreise__2018-05-30_13-42-16-48x32.jpg 48w, https:\/\/thegoldenbun.com\/wp-content\/uploads\/2018\/06\/Education-First_Bildungsurlaub-Sprachreise__2018-05-30_13-42-16-1200x800.jpg 1200w\" sizes=\"(max-width: 1500px) 100vw, 1500px\" \/>\n<ul>\n<li><strong>Shibuya Crossing<\/strong> von oben ansehen. Es gibt nicht viele Orte, von wo ihr die ber\u00fchmte Kreuzung von oben sehen k\u00f6nnt. Haltet einfach nach dem h\u00f6chsten Geb\u00e4ude am Platz Ausschau und versucht so weit wie m\u00f6glich nach oben zu kommen.<\/li>\n<li><strong>Architektur-Tour<\/strong> durch die Wohngebiete Tokios mit Highlights von Soj Fujimoto, Atelier Tekuto und vielen mehr<\/li>\n<\/ul>\n<img loading=\"lazy\" class=\"alignnone size-full wp-image-39745\" src=\"https:\/\/thegoldenbun.com\/wp-content\/uploads\/2018\/06\/Education-First_Bildungsurlaub-Sprachreise__2018-06-07_19-40-43.jpg\" alt=\"Education First_Bildungsurlaub Sprachreise EF Erfahrungsbericht\" width=\"1500\" height=\"1000\" srcset=\"https:\/\/thegoldenbun.com\/wp-content\/uploads\/2018\/06\/Education-First_Bildungsurlaub-Sprachreise__2018-06-07_19-40-43.jpg 1500w, https:\/\/thegoldenbun.com\/wp-content\/uploads\/2018\/06\/Education-First_Bildungsurlaub-Sprachreise__2018-06-07_19-40-43-350x233.jpg 350w, https:\/\/thegoldenbun.com\/wp-content\/uploads\/2018\/06\/Education-First_Bildungsurlaub-Sprachreise__2018-06-07_19-40-43-800x533.jpg 800w, https:\/\/thegoldenbun.com\/wp-content\/uploads\/2018\/06\/Education-First_Bildungsurlaub-Sprachreise__2018-06-07_19-40-43-768x512.jpg 768w, https:\/\/thegoldenbun.com\/wp-content\/uploads\/2018\/06\/Education-First_Bildungsurlaub-Sprachreise__2018-06-07_19-40-43-24x16.jpg 24w, https:\/\/thegoldenbun.com\/wp-content\/uploads\/2018\/06\/Education-First_Bildungsurlaub-Sprachreise__2018-06-07_19-40-43-36x24.jpg 36w, https:\/\/thegoldenbun.com\/wp-content\/uploads\/2018\/06\/Education-First_Bildungsurlaub-Sprachreise__2018-06-07_19-40-43-48x32.jpg 48w, https:\/\/thegoldenbun.com\/wp-content\/uploads\/2018\/06\/Education-First_Bildungsurlaub-Sprachreise__2018-06-07_19-40-43-1200x800.jpg 1200w\" sizes=\"(max-width: 1500px) 100vw, 1500px\" \/> <img loading=\"lazy\" class=\"alignnone size-full wp-image-39744\" src=\"https:\/\/thegoldenbun.com\/wp-content\/uploads\/2018\/06\/Education-First_Bildungsurlaub-Sprachreise__2018-06-07_19-38-52.jpg\" alt=\"Education First_Bildungsurlaub Sprachreise EF Erfahrungsbericht\" width=\"1500\" height=\"1000\" srcset=\"https:\/\/thegoldenbun.com\/wp-content\/uploads\/2018\/06\/Education-First_Bildungsurlaub-Sprachreise__2018-06-07_19-38-52.jpg 1500w, https:\/\/thegoldenbun.com\/wp-content\/uploads\/2018\/06\/Education-First_Bildungsurlaub-Sprachreise__2018-06-07_19-38-52-350x233.jpg 350w, https:\/\/thegoldenbun.com\/wp-content\/uploads\/2018\/06\/Education-First_Bildungsurlaub-Sprachreise__2018-06-07_19-38-52-800x533.jpg 800w, https:\/\/thegoldenbun.com\/wp-content\/uploads\/2018\/06\/Education-First_Bildungsurlaub-Sprachreise__2018-06-07_19-38-52-768x512.jpg 768w, https:\/\/thegoldenbun.com\/wp-content\/uploads\/2018\/06\/Education-First_Bildungsurlaub-Sprachreise__2018-06-07_19-38-52-24x16.jpg 24w, https:\/\/thegoldenbun.com\/wp-content\/uploads\/2018\/06\/Education-First_Bildungsurlaub-Sprachreise__2018-06-07_19-38-52-36x24.jpg 36w, https:\/\/thegoldenbun.com\/wp-content\/uploads\/2018\/06\/Education-First_Bildungsurlaub-Sprachreise__2018-06-07_19-38-52-48x32.jpg 48w, https:\/\/thegoldenbun.com\/wp-content\/uploads\/2018\/06\/Education-First_Bildungsurlaub-Sprachreise__2018-06-07_19-38-52-1200x800.jpg 1200w\" sizes=\"(max-width: 1500px) 100vw, 1500px\" \/><span class=\"caption\">N\u00e4chtliches Gewusel auf dem Shibuya Crossing (am Wochenende ist es noch viel mehr)<\/span>\n<ul>\n<li>Ein klassisches oder <strong>modernes Tea-Tasting<\/strong>. Mehr dazu in meinem Food-Guide<\/li>\n<li><strong>Souvenir Shopping<\/strong> in Tokio. Dies bedeutete f\u00fcr uns ganz viele Lebensmittel kaufen! Ich ver\u00f6ffentliche einen separaten Blogbeitrag hierzu.<\/li>\n<li>Eine <strong>Auszeit in einem Onsen<\/strong>, ein japanische Therme mit hei\u00dfen B\u00e4dern. An einem regnerischen Tag war dies genau das Richtige!<\/li>\n<\/ul>\n<img loading=\"lazy\" class=\"alignnone size-full wp-image-39709\" src=\"https:\/\/thegoldenbun.com\/wp-content\/uploads\/2018\/06\/Education-First_Bildungsurlaub-Sprachreise__2018-05-30_19-55-11.jpg\" alt=\"Education First_Bildungsurlaub Sprachreise EF Erfahrungsbericht\" width=\"1000\" height=\"1500\" srcset=\"https:\/\/thegoldenbun.com\/wp-content\/uploads\/2018\/06\/Education-First_Bildungsurlaub-Sprachreise__2018-05-30_19-55-11.jpg 1000w, https:\/\/thegoldenbun.com\/wp-content\/uploads\/2018\/06\/Education-First_Bildungsurlaub-Sprachreise__2018-05-30_19-55-11-233x350.jpg 233w, https:\/\/thegoldenbun.com\/wp-content\/uploads\/2018\/06\/Education-First_Bildungsurlaub-Sprachreise__2018-05-30_19-55-11-683x1024.jpg 683w, https:\/\/thegoldenbun.com\/wp-content\/uploads\/2018\/06\/Education-First_Bildungsurlaub-Sprachreise__2018-05-30_19-55-11-768x1152.jpg 768w, https:\/\/thegoldenbun.com\/wp-content\/uploads\/2018\/06\/Education-First_Bildungsurlaub-Sprachreise__2018-05-30_19-55-11-16x24.jpg 16w, https:\/\/thegoldenbun.com\/wp-content\/uploads\/2018\/06\/Education-First_Bildungsurlaub-Sprachreise__2018-05-30_19-55-11-24x36.jpg 24w, https:\/\/thegoldenbun.com\/wp-content\/uploads\/2018\/06\/Education-First_Bildungsurlaub-Sprachreise__2018-05-30_19-55-11-32x48.jpg 32w\" sizes=\"(max-width: 1000px) 100vw, 1000px\" \/> <img loading=\"lazy\" class=\"alignnone size-full wp-image-39708\" src=\"https:\/\/thegoldenbun.com\/wp-content\/uploads\/2018\/06\/Education-First_Bildungsurlaub-Sprachreise__2018-05-30_19-49-07.jpg\" alt=\"Education First_Bildungsurlaub Sprachreise EF Erfahrungsbericht\" width=\"1500\" height=\"1000\" srcset=\"https:\/\/thegoldenbun.com\/wp-content\/uploads\/2018\/06\/Education-First_Bildungsurlaub-Sprachreise__2018-05-30_19-49-07.jpg 1500w, https:\/\/thegoldenbun.com\/wp-content\/uploads\/2018\/06\/Education-First_Bildungsurlaub-Sprachreise__2018-05-30_19-49-07-350x233.jpg 350w, https:\/\/thegoldenbun.com\/wp-content\/uploads\/2018\/06\/Education-First_Bildungsurlaub-Sprachreise__2018-05-30_19-49-07-800x533.jpg 800w, https:\/\/thegoldenbun.com\/wp-content\/uploads\/2018\/06\/Education-First_Bildungsurlaub-Sprachreise__2018-05-30_19-49-07-768x512.jpg 768w, https:\/\/thegoldenbun.com\/wp-content\/uploads\/2018\/06\/Education-First_Bildungsurlaub-Sprachreise__2018-05-30_19-49-07-24x16.jpg 24w, https:\/\/thegoldenbun.com\/wp-content\/uploads\/2018\/06\/Education-First_Bildungsurlaub-Sprachreise__2018-05-30_19-49-07-36x24.jpg 36w, https:\/\/thegoldenbun.com\/wp-content\/uploads\/2018\/06\/Education-First_Bildungsurlaub-Sprachreise__2018-05-30_19-49-07-48x32.jpg 48w, https:\/\/thegoldenbun.com\/wp-content\/uploads\/2018\/06\/Education-First_Bildungsurlaub-Sprachreise__2018-05-30_19-49-07-1200x800.jpg 1200w\" sizes=\"(max-width: 1500px) 100vw, 1500px\" \/> <img loading=\"lazy\" class=\"alignnone size-full wp-image-39710\" src=\"https:\/\/thegoldenbun.com\/wp-content\/uploads\/2018\/06\/Education-First_Bildungsurlaub-Sprachreise__2018-05-30_20-25-16.jpg\" alt=\"Education First_Bildungsurlaub Sprachreise EF Erfahrungsbericht\" width=\"1500\" height=\"1000\" srcset=\"https:\/\/thegoldenbun.com\/wp-content\/uploads\/2018\/06\/Education-First_Bildungsurlaub-Sprachreise__2018-05-30_20-25-16.jpg 1500w, https:\/\/thegoldenbun.com\/wp-content\/uploads\/2018\/06\/Education-First_Bildungsurlaub-Sprachreise__2018-05-30_20-25-16-350x233.jpg 350w, https:\/\/thegoldenbun.com\/wp-content\/uploads\/2018\/06\/Education-First_Bildungsurlaub-Sprachreise__2018-05-30_20-25-16-800x533.jpg 800w, https:\/\/thegoldenbun.com\/wp-content\/uploads\/2018\/06\/Education-First_Bildungsurlaub-Sprachreise__2018-05-30_20-25-16-768x512.jpg 768w, https:\/\/thegoldenbun.com\/wp-content\/uploads\/2018\/06\/Education-First_Bildungsurlaub-Sprachreise__2018-05-30_20-25-16-24x16.jpg 24w, https:\/\/thegoldenbun.com\/wp-content\/uploads\/2018\/06\/Education-First_Bildungsurlaub-Sprachreise__2018-05-30_20-25-16-36x24.jpg 36w, https:\/\/thegoldenbun.com\/wp-content\/uploads\/2018\/06\/Education-First_Bildungsurlaub-Sprachreise__2018-05-30_20-25-16-48x32.jpg 48w, https:\/\/thegoldenbun.com\/wp-content\/uploads\/2018\/06\/Education-First_Bildungsurlaub-Sprachreise__2018-05-30_20-25-16-1200x800.jpg 1200w\" sizes=\"(max-width: 1500px) 100vw, 1500px\" \/>\n<img loading=\"lazy\" class=\"alignnone size-full wp-image-39741\" src=\"https:\/\/thegoldenbun.com\/wp-content\/uploads\/2018\/06\/Education-First_Bildungsurlaub-Sprachreise__2018-05-28_12-53-33.jpg\" alt=\"Education First_Bildungsurlaub Sprachreise EF Erfahrungsbericht\" width=\"1500\" height=\"1000\" srcset=\"https:\/\/thegoldenbun.com\/wp-content\/uploads\/2018\/06\/Education-First_Bildungsurlaub-Sprachreise__2018-05-28_12-53-33.jpg 1500w, https:\/\/thegoldenbun.com\/wp-content\/uploads\/2018\/06\/Education-First_Bildungsurlaub-Sprachreise__2018-05-28_12-53-33-350x233.jpg 350w, https:\/\/thegoldenbun.com\/wp-content\/uploads\/2018\/06\/Education-First_Bildungsurlaub-Sprachreise__2018-05-28_12-53-33-800x533.jpg 800w, https:\/\/thegoldenbun.com\/wp-content\/uploads\/2018\/06\/Education-First_Bildungsurlaub-Sprachreise__2018-05-28_12-53-33-768x512.jpg 768w, https:\/\/thegoldenbun.com\/wp-content\/uploads\/2018\/06\/Education-First_Bildungsurlaub-Sprachreise__2018-05-28_12-53-33-24x16.jpg 24w, https:\/\/thegoldenbun.com\/wp-content\/uploads\/2018\/06\/Education-First_Bildungsurlaub-Sprachreise__2018-05-28_12-53-33-36x24.jpg 36w, https:\/\/thegoldenbun.com\/wp-content\/uploads\/2018\/06\/Education-First_Bildungsurlaub-Sprachreise__2018-05-28_12-53-33-48x32.jpg 48w, https:\/\/thegoldenbun.com\/wp-content\/uploads\/2018\/06\/Education-First_Bildungsurlaub-Sprachreise__2018-05-28_12-53-33-1200x800.jpg 1200w\" sizes=\"(max-width: 1500px) 100vw, 1500px\" \/>\n<h1><strong>SO VIEL KOSTET TOKIO!<\/strong><\/h1>\n<p>Zu guter Letzt m\u00f6chte ich noch kurz \u00fcber die Kosten sprechen. Ich bekam viele Fragen, wieviel ein solcher Sprachkurs kosten w\u00fcrde. Dies h\u00e4ngt immer davon ab, in welcher Art der Unterkunft ihr untergebracht seid und welche Stufe des Kurses ihr w\u00e4hlt. Bei einem zwei-w\u00f6chigen Sprachkurs mit Unterkunft im Studentenwohnheim liegt ihr inklusive Flug bei ca. 2000\u20ac. Tokio ist einfach teuer, aber das teuerste ist nicht Mal essen gehen, sondern die \u00f6ffentlichen Verkehrsmittel.<\/p>\n<ul>\n<li>Wenn ihr bei einer Gastfamilie wohnt, behaltet im Hinterkopf, dass diese meistens sehr weit au\u00dferhalb Tokios wohnen. Viele unserer Mitsch\u00fcler brauchten nicht nur \u00fcber 1,5 Stunden bis zur Schule und zahlten dementsprechend auch viel f\u00fcr die \u00f6ffentlichen Verkehrsmittel (ca. 5\u20ac pro Fahrt). Etwas spart man sich aber, da man abends bei der Gastfamilie isst.<\/li>\n<\/ul>\n<div class=\"post-box\">\n<p style=\"text-align: left;\">Hier eine kleine Kostenaufstellung, wieviel wir in den <strong>zwei Wochen pro Kopf<\/strong> in etwa ausgegeben haben:<\/p>\n<ul>\n<li style=\"text-align: left;\">600-700\u20ac Flug<\/li>\n<li style=\"text-align: left;\">100\u20ac \u00f6ffentliche Verkehrsmittel<\/li>\n<li style=\"text-align: left;\">300\u20ac f\u00fcr unseren zwei-Tages Ausflug nach Kyoto (Shinkansen hin und retour, Unterkunft, exklusive Essen)<\/li>\n<li style=\"text-align: left;\">18\u20ac f\u00fcr Mori-Tower<\/li>\n<li style=\"text-align: left;\">100\u20ac f\u00fcr Unlimited Internet mit Pocket Wifi vom Flughafen (als Student von EF bekommt ihr es in Shibuya f\u00fcr die H\u00e4lfte)<\/li>\n<li style=\"text-align: left;\">200\u20ac f\u00fcr Essen, Caf\u00e9s (meistens eine Kombi aus g\u00fcnstig und normal essen gehen)<\/li>\n<li style=\"text-align: left;\">100\u20ac f\u00fcr Souvenirs (Porzellan, Stoffe und Essens-Souvenirs)<br \/>\n_____________________<\/li>\n<\/ul>\n<ul>\n<li style=\"text-align: left;\">718\u20ac (exklusive Fl\u00fcge \/ Unterkunft)<\/li>\n<\/ul>\n<\/div>\n<img loading=\"lazy\" class=\"alignnone size-full wp-image-39701\" src=\"https:\/\/thegoldenbun.com\/wp-content\/uploads\/2018\/06\/Education-First_Bildungsurlaub-Sprachreise__2018-05-29_15-01-46.jpg\" alt=\"Education First_Bildungsurlaub Sprachreise EF Erfahrungsbericht\" width=\"1500\" height=\"1000\" srcset=\"https:\/\/thegoldenbun.com\/wp-content\/uploads\/2018\/06\/Education-First_Bildungsurlaub-Sprachreise__2018-05-29_15-01-46.jpg 1500w, https:\/\/thegoldenbun.com\/wp-content\/uploads\/2018\/06\/Education-First_Bildungsurlaub-Sprachreise__2018-05-29_15-01-46-350x233.jpg 350w, https:\/\/thegoldenbun.com\/wp-content\/uploads\/2018\/06\/Education-First_Bildungsurlaub-Sprachreise__2018-05-29_15-01-46-800x533.jpg 800w, https:\/\/thegoldenbun.com\/wp-content\/uploads\/2018\/06\/Education-First_Bildungsurlaub-Sprachreise__2018-05-29_15-01-46-768x512.jpg 768w, https:\/\/thegoldenbun.com\/wp-content\/uploads\/2018\/06\/Education-First_Bildungsurlaub-Sprachreise__2018-05-29_15-01-46-24x16.jpg 24w, https:\/\/thegoldenbun.com\/wp-content\/uploads\/2018\/06\/Education-First_Bildungsurlaub-Sprachreise__2018-05-29_15-01-46-36x24.jpg 36w, https:\/\/thegoldenbun.com\/wp-content\/uploads\/2018\/06\/Education-First_Bildungsurlaub-Sprachreise__2018-05-29_15-01-46-48x32.jpg 48w, https:\/\/thegoldenbun.com\/wp-content\/uploads\/2018\/06\/Education-First_Bildungsurlaub-Sprachreise__2018-05-29_15-01-46-1200x800.jpg 1200w\" sizes=\"(max-width: 1500px) 100vw, 1500px\" \/>\n<p><strong>Ich liebe, liebe, liebe diese Stadt einfach!<\/strong> Meine n\u00e4chste Reise ist bereits f\u00fcr 2019 im Herbst geplant.<\/p>\n<p>F\u00fcr Fragen rund um den Sprachkurs, k\u00f6nnt ihr mir sehr gerne Eure Fragen in die Kommentare schreiben.<\/p>\n<ul>\n<li><strong>Falls euch auch das Japan-Fieber gepackt hat (was ich vermute), bestellt euch <a href=\"https:\/\/www.ef.de\/hub\/17\/tokyo-influencer\/?source=007042,vickytokio\">hier kostenlos den EF Katalog<\/a> <span lang=\"DE\">und spare 200\u20ac.<\/span><\/strong><\/li>\n<\/ul>\n<div class=\"post-signature\">\u3055\u3088\u3046\u306a\u3089 say\u014dnara<br \/>\n<img src=\"http:\/\/thegoldenbun.com\/wp-content\/uploads\/2017\/05\/handschrift_Vicky.png\" \/><\/div>\n<p><\/p>","protected":false},"excerpt":{"rendered":"<p>Wie ihr zwei Wochen Urlaub mehr bekommt, verrate ich euch in diesem Beitrag. Ich war n\u00e4mlich f\u00fcr zwei Wochen mit EF\u00a0Education First in Tokyo\u00a0und habe einen Bildungsurlaub gemacht. \u201eBildungsurlaub?\u201c Ja, auch ich wusste nicht, dass man einen solchen Urlaub einreichen kann. In Kooperation mit EF Deutschland und der lieben Julia im Schlepptau flog ich f\u00fcr zwei Wochen nach Japan. Wir machten dort die japanische Hauptstadt unsicher und dr\u00fcckten halbtags die [&hellip;]<\/p>\n","protected":false},"author":1,"featured_media":39697,"comment_status":"open","ping_status":"open","sticky":false,"template":"","format":"standard","meta":{"_exactmetrics_skip_tracking":false,"_exactmetrics_sitenote_active":false,"_exactmetrics_sitenote_note":"","_exactmetrics_sitenote_category":0,"spay_email":"","jetpack_publicize_message":"","jetpack_is_tweetstorm":false,"jetpack_publicize_feature_enabled":true},"categories":[7],"tags":[932,848,849],"acf":[],"yoast_head":"<!-- This site is optimized with the Yoast SEO plugin v18.9 - https:\/\/yoast.com\/wordpress\/plugins\/seo\/ -->\n<title>Zwei Wochen mehr Urlaub Bildungsurlaub Sprachreise mit EF Deutschland<\/title>\n<meta name=\"description\" content=\"This post is not only a huge travel diary from Tokyo but I&#039;ll also explain\u00a0how to get two weeks more holidays. I&#039;ve recently been to\u00a0Tokyo with Bildungsurlaub EF Education First for a language holidayand took an educational leave. &quot;Educational leave?&quot; Yes, I didn&#039;t even know that something like this existed.\" \/>\n<meta name=\"robots\" content=\"index, follow, max-snippet:-1, max-image-preview:large, max-video-preview:-1\" \/>\n<link rel=\"canonical\" href=\"https:\/\/thegoldenbun.com\/2018\/06\/two-weeks-more-holiday-educational-leave-with-ef-education-first-in-japan\/\" \/>\n<meta property=\"og:locale\" content=\"de_DE\" \/>\n<meta property=\"og:type\" content=\"article\" \/>\n<meta property=\"og:title\" content=\"Two weeks more holiday! Educational leave with EF Education First in Japan\" \/>\n<meta property=\"og:description\" content=\"This post is not only a huge travel diary from Tokyo but I&#039;ll also explain\u00a0how to get two weeks more holidays. I&#039;ve recently been to\u00a0Tokyo with EF Education First for a language holidayand took an educational leave. &quot;Educational leave?&quot; Yes, I didn&#039;t even know that something like this existed. In Germany you can submit educational leave, which of course your employer has to approve. In collaboration with\u00a0EF Germanyand my darling\u00a0Julia we flew to\" \/>\n<meta property=\"og:url\" content=\"https:\/\/thegoldenbun.com\/2018\/06\/two-weeks-more-holiday-educational-leave-with-ef-education-first-in-japan\/\" \/>\n<meta property=\"og:site_name\" content=\"The Golden Bun\" \/>\n<meta property=\"article:publisher\" content=\"http:\/\/www.facebook.com\/thegoldenbun\" \/>\n<meta property=\"article:published_time\" content=\"2018-06-24T08:08:50+00:00\" \/>\n<meta property=\"article:modified_time\" content=\"2018-07-11T12:52:01+00:00\" \/>\n<meta property=\"og:image\" content=\"https:\/\/thegoldenbun.com\/wp-content\/uploads\/2018\/06\/Education-First_Bildungsurlaub-Sprachreise__2018-05-29_08-42-56.jpg\" \/>\n\t<meta property=\"og:image:width\" content=\"1000\" \/>\n\t<meta property=\"og:image:height\" content=\"1500\" \/>\n\t<meta property=\"og:image:type\" content=\"image\/jpeg\" \/>\n<meta name=\"twitter:card\" content=\"summary\" \/>\n<meta name=\"twitter:creator\" content=\"@thegoldenbun\" \/>\n<meta name=\"twitter:site\" content=\"@thegoldenbun\" \/>\n<meta name=\"twitter:label1\" content=\"Verfasst von\" \/>\n\t<meta name=\"twitter:data1\" content=\"Vicky\" \/>\n\t<meta name=\"twitter:label2\" content=\"Gesch\u00e4tzte Lesezeit\" \/>\n\t<meta name=\"twitter:data2\" content=\"15\u00a0Minuten\" \/>\n<script type=\"application\/ld+json\" class=\"yoast-schema-graph\">{\"@context\":\"https:\/\/schema.org\",\"@graph\":[{\"@type\":\"WebSite\",\"@id\":\"https:\/\/thegoldenbun.com\/#website\",\"url\":\"https:\/\/thegoldenbun.com\/\",\"name\":\"The Golden Bun\",\"description\":\"Deutscher Reiseblog \/ Modeblog \/ Lifestyleblog \/ Berlin &amp; M\u00fcnchen \/ Reise &amp; Restaurant Tipps\",\"potentialAction\":[{\"@type\":\"SearchAction\",\"target\":{\"@type\":\"EntryPoint\",\"urlTemplate\":\"https:\/\/thegoldenbun.com\/?s={search_term_string}\"},\"query-input\":\"required name=search_term_string\"}],\"inLanguage\":\"de\"},{\"@type\":\"ImageObject\",\"inLanguage\":\"de\",\"@id\":\"https:\/\/thegoldenbun.com\/2018\/06\/two-weeks-more-holiday-educational-leave-with-ef-education-first-in-japan\/#primaryimage\",\"url\":\"https:\/\/thegoldenbun.com\/wp-content\/uploads\/2018\/06\/Education-First_Bildungsurlaub-Sprachreise__2018-05-29_08-42-56.jpg\",\"contentUrl\":\"https:\/\/thegoldenbun.com\/wp-content\/uploads\/2018\/06\/Education-First_Bildungsurlaub-Sprachreise__2018-05-29_08-42-56.jpg\",\"width\":1000,\"height\":1500,\"caption\":\"Education First_Bildungsurlaub Sprachreise EF Erfahrungsbericht\"},{\"@type\":\"WebPage\",\"@id\":\"https:\/\/thegoldenbun.com\/2018\/06\/two-weeks-more-holiday-educational-leave-with-ef-education-first-in-japan\/#webpage\",\"url\":\"https:\/\/thegoldenbun.com\/2018\/06\/two-weeks-more-holiday-educational-leave-with-ef-education-first-in-japan\/\",\"name\":\"Zwei Wochen mehr Urlaub Bildungsurlaub Sprachreise mit EF Deutschland\",\"isPartOf\":{\"@id\":\"https:\/\/thegoldenbun.com\/#website\"},\"primaryImageOfPage\":{\"@id\":\"https:\/\/thegoldenbun.com\/2018\/06\/two-weeks-more-holiday-educational-leave-with-ef-education-first-in-japan\/#primaryimage\"},\"datePublished\":\"2018-06-24T08:08:50+00:00\",\"dateModified\":\"2018-07-11T12:52:01+00:00\",\"author\":{\"@id\":\"https:\/\/thegoldenbun.com\/#\/schema\/person\/a8ed0c60451d5a883d10e21afc630268\"},\"description\":\"This post is not only a huge travel diary from Tokyo but I'll also explain\u00a0how to get two weeks more holidays. I've recently been to\u00a0Tokyo with Bildungsurlaub EF Education First for a language holidayand took an educational leave. \\\"Educational leave?\\\" Yes, I didn't even know that something like this existed.\",\"breadcrumb\":{\"@id\":\"https:\/\/thegoldenbun.com\/2018\/06\/two-weeks-more-holiday-educational-leave-with-ef-education-first-in-japan\/#breadcrumb\"},\"inLanguage\":\"de\",\"potentialAction\":[{\"@type\":\"ReadAction\",\"target\":[\"https:\/\/thegoldenbun.com\/2018\/06\/two-weeks-more-holiday-educational-leave-with-ef-education-first-in-japan\/\"]}]},{\"@type\":\"BreadcrumbList\",\"@id\":\"https:\/\/thegoldenbun.com\/2018\/06\/two-weeks-more-holiday-educational-leave-with-ef-education-first-in-japan\/#breadcrumb\",\"itemListElement\":[{\"@type\":\"ListItem\",\"position\":1,\"name\":\"Home\",\"item\":\"https:\/\/thegoldenbun.com\/\"},{\"@type\":\"ListItem\",\"position\":2,\"name\":\"Two weeks more holiday! Educational leave with EF Education First in Japan\"}]},{\"@type\":\"Person\",\"@id\":\"https:\/\/thegoldenbun.com\/#\/schema\/person\/a8ed0c60451d5a883d10e21afc630268\",\"name\":\"Vicky\",\"url\":\"https:\/\/thegoldenbun.com\/de\/author\/tgb\/\"}]}<\/script>\n<!-- \/ Yoast SEO plugin. -->","yoast_head_json":{"title":"Zwei Wochen mehr Urlaub Bildungsurlaub Sprachreise mit EF Deutschland","description":"This post is not only a huge travel diary from Tokyo but I'll also explain\u00a0how to get two weeks more holidays. I've recently been to\u00a0Tokyo with Bildungsurlaub EF Education First for a language holidayand took an educational leave. \"Educational leave?\" Yes, I didn't even know that something like this existed.","robots":{"index":"index","follow":"follow","max-snippet":"max-snippet:-1","max-image-preview":"max-image-preview:large","max-video-preview":"max-video-preview:-1"},"canonical":"https:\/\/thegoldenbun.com\/2018\/06\/two-weeks-more-holiday-educational-leave-with-ef-education-first-in-japan\/","og_locale":"de_DE","og_type":"article","og_title":"Two weeks more holiday! Educational leave with EF Education First in Japan","og_description":"This post is not only a huge travel diary from Tokyo but I'll also explain\u00a0how to get two weeks more holidays. I've recently been to\u00a0Tokyo with EF Education First for a language holidayand took an educational leave. \"Educational leave?\" Yes, I didn't even know that something like this existed. In Germany you can submit educational leave, which of course your employer has to approve. In collaboration with\u00a0EF Germanyand my darling\u00a0Julia we flew to","og_url":"https:\/\/thegoldenbun.com\/2018\/06\/two-weeks-more-holiday-educational-leave-with-ef-education-first-in-japan\/","og_site_name":"The Golden Bun","article_publisher":"http:\/\/www.facebook.com\/thegoldenbun","article_published_time":"2018-06-24T08:08:50+00:00","article_modified_time":"2018-07-11T12:52:01+00:00","og_image":[{"width":1000,"height":1500,"url":"https:\/\/thegoldenbun.com\/wp-content\/uploads\/2018\/06\/Education-First_Bildungsurlaub-Sprachreise__2018-05-29_08-42-56.jpg","type":"image\/jpeg"}],"twitter_card":"summary","twitter_creator":"@thegoldenbun","twitter_site":"@thegoldenbun","twitter_misc":{"Verfasst von":"Vicky","Gesch\u00e4tzte Lesezeit":"15\u00a0Minuten"},"schema":{"@context":"https:\/\/schema.org","@graph":[{"@type":"WebSite","@id":"https:\/\/thegoldenbun.com\/#website","url":"https:\/\/thegoldenbun.com\/","name":"The Golden Bun","description":"Deutscher Reiseblog \/ Modeblog \/ Lifestyleblog \/ Berlin &amp; M\u00fcnchen \/ Reise &amp; Restaurant Tipps","potentialAction":[{"@type":"SearchAction","target":{"@type":"EntryPoint","urlTemplate":"https:\/\/thegoldenbun.com\/?s={search_term_string}"},"query-input":"required name=search_term_string"}],"inLanguage":"de"},{"@type":"ImageObject","inLanguage":"de","@id":"https:\/\/thegoldenbun.com\/2018\/06\/two-weeks-more-holiday-educational-leave-with-ef-education-first-in-japan\/#primaryimage","url":"https:\/\/thegoldenbun.com\/wp-content\/uploads\/2018\/06\/Education-First_Bildungsurlaub-Sprachreise__2018-05-29_08-42-56.jpg","contentUrl":"https:\/\/thegoldenbun.com\/wp-content\/uploads\/2018\/06\/Education-First_Bildungsurlaub-Sprachreise__2018-05-29_08-42-56.jpg","width":1000,"height":1500,"caption":"Education First_Bildungsurlaub Sprachreise EF Erfahrungsbericht"},{"@type":"WebPage","@id":"https:\/\/thegoldenbun.com\/2018\/06\/two-weeks-more-holiday-educational-leave-with-ef-education-first-in-japan\/#webpage","url":"https:\/\/thegoldenbun.com\/2018\/06\/two-weeks-more-holiday-educational-leave-with-ef-education-first-in-japan\/","name":"Zwei Wochen mehr Urlaub Bildungsurlaub Sprachreise mit EF Deutschland","isPartOf":{"@id":"https:\/\/thegoldenbun.com\/#website"},"primaryImageOfPage":{"@id":"https:\/\/thegoldenbun.com\/2018\/06\/two-weeks-more-holiday-educational-leave-with-ef-education-first-in-japan\/#primaryimage"},"datePublished":"2018-06-24T08:08:50+00:00","dateModified":"2018-07-11T12:52:01+00:00","author":{"@id":"https:\/\/thegoldenbun.com\/#\/schema\/person\/a8ed0c60451d5a883d10e21afc630268"},"description":"This post is not only a huge travel diary from Tokyo but I'll also explain\u00a0how to get two weeks more holidays. I've recently been to\u00a0Tokyo with Bildungsurlaub EF Education First for a language holidayand took an educational leave. \"Educational leave?\" Yes, I didn't even know that something like this existed.","breadcrumb":{"@id":"https:\/\/thegoldenbun.com\/2018\/06\/two-weeks-more-holiday-educational-leave-with-ef-education-first-in-japan\/#breadcrumb"},"inLanguage":"de","potentialAction":[{"@type":"ReadAction","target":["https:\/\/thegoldenbun.com\/2018\/06\/two-weeks-more-holiday-educational-leave-with-ef-education-first-in-japan\/"]}]},{"@type":"BreadcrumbList","@id":"https:\/\/thegoldenbun.com\/2018\/06\/two-weeks-more-holiday-educational-leave-with-ef-education-first-in-japan\/#breadcrumb","itemListElement":[{"@type":"ListItem","position":1,"name":"Home","item":"https:\/\/thegoldenbun.com\/"},{"@type":"ListItem","position":2,"name":"Two weeks more holiday! Educational leave with EF Education First in Japan"}]},{"@type":"Person","@id":"https:\/\/thegoldenbun.com\/#\/schema\/person\/a8ed0c60451d5a883d10e21afc630268","name":"Vicky","url":"https:\/\/thegoldenbun.com\/de\/author\/tgb\/"}]}},"jetpack_featured_media_url":"https:\/\/thegoldenbun.com\/wp-content\/uploads\/2018\/06\/Education-First_Bildungsurlaub-Sprachreise__2018-05-29_08-42-56.jpg","jetpack_publicize_connections":[],"jetpack_sharing_enabled":true,"_links":{"self":[{"href":"https:\/\/thegoldenbun.com\/de\/wp-json\/wp\/v2\/posts\/39687"}],"collection":[{"href":"https:\/\/thegoldenbun.com\/de\/wp-json\/wp\/v2\/posts"}],"about":[{"href":"https:\/\/thegoldenbun.com\/de\/wp-json\/wp\/v2\/types\/post"}],"author":[{"embeddable":true,"href":"https:\/\/thegoldenbun.com\/de\/wp-json\/wp\/v2\/users\/1"}],"replies":[{"embeddable":true,"href":"https:\/\/thegoldenbun.com\/de\/wp-json\/wp\/v2\/comments?post=39687"}],"version-history":[{"count":0,"href":"https:\/\/thegoldenbun.com\/de\/wp-json\/wp\/v2\/posts\/39687\/revisions"}],"wp:featuredmedia":[{"embeddable":true,"href":"https:\/\/thegoldenbun.com\/de\/wp-json\/wp\/v2\/media\/39697"}],"wp:attachment":[{"href":"https:\/\/thegoldenbun.com\/de\/wp-json\/wp\/v2\/media?parent=39687"}],"wp:term":[{"taxonomy":"category","embeddable":true,"href":"https:\/\/thegoldenbun.com\/de\/wp-json\/wp\/v2\/categories?post=39687"},{"taxonomy":"post_tag","embeddable":true,"href":"https:\/\/thegoldenbun.com\/de\/wp-json\/wp\/v2\/tags?post=39687"}],"curies":[{"name":"wp","href":"https:\/\/api.w.org\/{rel}","templated":true}]}}