{"id":40673,"date":"2018-09-13T07:30:28","date_gmt":"2018-09-13T05:30:28","guid":{"rendered":"https:\/\/thegoldenbun.com\/?p=40673"},"modified":"2018-09-13T18:22:43","modified_gmt":"2018-09-13T16:22:43","slug":"oh-celine-belt-bag-berlin-style-blog","status":"publish","type":"post","link":"https:\/\/thegoldenbun.com\/de\/2018\/09\/oh-celine-belt-bag-berlin-style-blog\/","title":{"rendered":"Oh C\u00e9line"},"content":{"rendered":"<p>Die Woche startete schon mit einer neuen Restaurant-Empfehlung f\u00fcr Berlin, die ihr euch eindeutig nicht entgehen lassen k\u00f6nnt. Und nach der langen Sommerpause war ein neuer Look eindeutig \u00fcberf\u00e4llig. Etwas ungewohnt f\u00fchlte es sich doch an Mal wieder vor und hinter der Kamera zu stehen.<\/p>\n<p>Heute beginnen wir mit einem Typisch-Vicky-Look: Spitze, sommerliche Sandalen, oversized Sonnenbrillen und dazu meine neueste Errungenschaft. Wie lange schmachtete ich die C\u00e9line Belt Bag an&#8230; ein paar Jahre. Das wundersch\u00f6ne Teil werdet ihr hier bestimmt noch \u00f6fter sehen. So viel f\u00fcr heute &#8230; ich halte euch auf dem Laufenden!<\/p>\n<p><em>Fotos: Nadine \/ <a href=\"http:\/\/style-taxi.com\">Style Taxi<\/a><\/em><\/p>\n<img loading=\"lazy\" class=\"alignnone size-full wp-image-40675\" src=\"https:\/\/thegoldenbun.com\/wp-content\/uploads\/2018\/09\/red-lace-dress-celine-belt-bag1.jpg\" alt=\"red-lace-dress-celine-belt-bag\" width=\"1500\" height=\"1000\" srcset=\"https:\/\/thegoldenbun.com\/wp-content\/uploads\/2018\/09\/red-lace-dress-celine-belt-bag1.jpg 1500w, https:\/\/thegoldenbun.com\/wp-content\/uploads\/2018\/09\/red-lace-dress-celine-belt-bag1-350x233.jpg 350w, https:\/\/thegoldenbun.com\/wp-content\/uploads\/2018\/09\/red-lace-dress-celine-belt-bag1-800x533.jpg 800w, https:\/\/thegoldenbun.com\/wp-content\/uploads\/2018\/09\/red-lace-dress-celine-belt-bag1-768x512.jpg 768w, https:\/\/thegoldenbun.com\/wp-content\/uploads\/2018\/09\/red-lace-dress-celine-belt-bag1-24x16.jpg 24w, https:\/\/thegoldenbun.com\/wp-content\/uploads\/2018\/09\/red-lace-dress-celine-belt-bag1-36x24.jpg 36w, https:\/\/thegoldenbun.com\/wp-content\/uploads\/2018\/09\/red-lace-dress-celine-belt-bag1-48x32.jpg 48w, https:\/\/thegoldenbun.com\/wp-content\/uploads\/2018\/09\/red-lace-dress-celine-belt-bag1-1200x800.jpg 1200w\" sizes=\"(max-width: 1500px) 100vw, 1500px\" \/>\n<div class=\"tgb_left\"><img loading=\"lazy\" class=\"alignnone size-full wp-image-40676\" src=\"https:\/\/thegoldenbun.com\/wp-content\/uploads\/2018\/09\/red-lace-dress-celine-belt-bag2.jpg\" alt=\"red-lace-dress-celine-belt-bag\" width=\"1000\" height=\"1500\" srcset=\"https:\/\/thegoldenbun.com\/wp-content\/uploads\/2018\/09\/red-lace-dress-celine-belt-bag2.jpg 1000w, https:\/\/thegoldenbun.com\/wp-content\/uploads\/2018\/09\/red-lace-dress-celine-belt-bag2-233x350.jpg 233w, https:\/\/thegoldenbun.com\/wp-content\/uploads\/2018\/09\/red-lace-dress-celine-belt-bag2-683x1024.jpg 683w, https:\/\/thegoldenbun.com\/wp-content\/uploads\/2018\/09\/red-lace-dress-celine-belt-bag2-768x1152.jpg 768w, https:\/\/thegoldenbun.com\/wp-content\/uploads\/2018\/09\/red-lace-dress-celine-belt-bag2-16x24.jpg 16w, https:\/\/thegoldenbun.com\/wp-content\/uploads\/2018\/09\/red-lace-dress-celine-belt-bag2-24x36.jpg 24w, https:\/\/thegoldenbun.com\/wp-content\/uploads\/2018\/09\/red-lace-dress-celine-belt-bag2-32x48.jpg 32w\" sizes=\"(max-width: 1000px) 100vw, 1000px\" \/><\/div>\n<div class=\"tgb_right\"><img loading=\"lazy\" class=\"alignnone size-full wp-image-40677\" src=\"https:\/\/thegoldenbun.com\/wp-content\/uploads\/2018\/09\/red-lace-dress-celine-belt-bag3.jpg\" alt=\"red-lace-dress-celine-belt-bag\" width=\"1000\" height=\"1500\" srcset=\"https:\/\/thegoldenbun.com\/wp-content\/uploads\/2018\/09\/red-lace-dress-celine-belt-bag3.jpg 1000w, https:\/\/thegoldenbun.com\/wp-content\/uploads\/2018\/09\/red-lace-dress-celine-belt-bag3-233x350.jpg 233w, https:\/\/thegoldenbun.com\/wp-content\/uploads\/2018\/09\/red-lace-dress-celine-belt-bag3-683x1024.jpg 683w, https:\/\/thegoldenbun.com\/wp-content\/uploads\/2018\/09\/red-lace-dress-celine-belt-bag3-768x1152.jpg 768w, https:\/\/thegoldenbun.com\/wp-content\/uploads\/2018\/09\/red-lace-dress-celine-belt-bag3-16x24.jpg 16w, https:\/\/thegoldenbun.com\/wp-content\/uploads\/2018\/09\/red-lace-dress-celine-belt-bag3-24x36.jpg 24w, https:\/\/thegoldenbun.com\/wp-content\/uploads\/2018\/09\/red-lace-dress-celine-belt-bag3-32x48.jpg 32w\" sizes=\"(max-width: 1000px) 100vw, 1000px\" \/><\/div>\n<div class=\"post-box\">\n<h5>OUTFIT DETAILS<\/h5>\n<p>rotes Spitzenkleid\u00a0<em>H&amp;M<\/em>\u00a0<a href=\"https:\/\/www.hm.com\/de\/product\/72668?article=72668-A&amp;cm_vc=SEARCH\"><strong>im Sale hier<\/strong><\/a><strong><br \/>\n<\/strong><em>C\u00e9line<\/em> Belt Bag\u00a0<a href=\"https:\/\/www.vestiairecollective.de\/damen-taschen\/celine\/belt\/\"><strong>hier<\/strong><\/a><br \/>\n<em>Bruno Premi<\/em>\u00a0Sandalen <strong>alt<\/strong><\/p>\n<p>*Werbung \/ Affiliate links<\/p>\n<\/div>\n<img loading=\"lazy\" class=\"alignnone size-full wp-image-40678\" src=\"https:\/\/thegoldenbun.com\/wp-content\/uploads\/2018\/09\/red-lace-dress-celine-belt-bag4.jpg\" alt=\"red-lace-dress-celine-belt-bag\" width=\"1500\" height=\"1000\" srcset=\"https:\/\/thegoldenbun.com\/wp-content\/uploads\/2018\/09\/red-lace-dress-celine-belt-bag4.jpg 1500w, https:\/\/thegoldenbun.com\/wp-content\/uploads\/2018\/09\/red-lace-dress-celine-belt-bag4-350x233.jpg 350w, https:\/\/thegoldenbun.com\/wp-content\/uploads\/2018\/09\/red-lace-dress-celine-belt-bag4-800x533.jpg 800w, https:\/\/thegoldenbun.com\/wp-content\/uploads\/2018\/09\/red-lace-dress-celine-belt-bag4-768x512.jpg 768w, https:\/\/thegoldenbun.com\/wp-content\/uploads\/2018\/09\/red-lace-dress-celine-belt-bag4-24x16.jpg 24w, https:\/\/thegoldenbun.com\/wp-content\/uploads\/2018\/09\/red-lace-dress-celine-belt-bag4-36x24.jpg 36w, https:\/\/thegoldenbun.com\/wp-content\/uploads\/2018\/09\/red-lace-dress-celine-belt-bag4-48x32.jpg 48w, https:\/\/thegoldenbun.com\/wp-content\/uploads\/2018\/09\/red-lace-dress-celine-belt-bag4-1200x800.jpg 1200w\" sizes=\"(max-width: 1500px) 100vw, 1500px\" \/>\n<img loading=\"lazy\" class=\"alignnone size-full wp-image-40679\" src=\"https:\/\/thegoldenbun.com\/wp-content\/uploads\/2018\/09\/red-lace-dress-celine-belt-bag5.jpg\" alt=\"red-lace-dress-celine-belt-bag\" width=\"1000\" height=\"1500\" srcset=\"https:\/\/thegoldenbun.com\/wp-content\/uploads\/2018\/09\/red-lace-dress-celine-belt-bag5.jpg 1000w, https:\/\/thegoldenbun.com\/wp-content\/uploads\/2018\/09\/red-lace-dress-celine-belt-bag5-233x350.jpg 233w, https:\/\/thegoldenbun.com\/wp-content\/uploads\/2018\/09\/red-lace-dress-celine-belt-bag5-683x1024.jpg 683w, https:\/\/thegoldenbun.com\/wp-content\/uploads\/2018\/09\/red-lace-dress-celine-belt-bag5-768x1152.jpg 768w, https:\/\/thegoldenbun.com\/wp-content\/uploads\/2018\/09\/red-lace-dress-celine-belt-bag5-16x24.jpg 16w, https:\/\/thegoldenbun.com\/wp-content\/uploads\/2018\/09\/red-lace-dress-celine-belt-bag5-24x36.jpg 24w, https:\/\/thegoldenbun.com\/wp-content\/uploads\/2018\/09\/red-lace-dress-celine-belt-bag5-32x48.jpg 32w\" sizes=\"(max-width: 1000px) 100vw, 1000px\" \/>\n<img loading=\"lazy\" class=\"alignnone size-full wp-image-40680\" src=\"https:\/\/thegoldenbun.com\/wp-content\/uploads\/2018\/09\/red-lace-dress-celine-belt-bag6.jpg\" alt=\"red-lace-dress-celine-belt-bag\" width=\"1500\" height=\"1000\" srcset=\"https:\/\/thegoldenbun.com\/wp-content\/uploads\/2018\/09\/red-lace-dress-celine-belt-bag6.jpg 1500w, https:\/\/thegoldenbun.com\/wp-content\/uploads\/2018\/09\/red-lace-dress-celine-belt-bag6-350x233.jpg 350w, https:\/\/thegoldenbun.com\/wp-content\/uploads\/2018\/09\/red-lace-dress-celine-belt-bag6-800x533.jpg 800w, https:\/\/thegoldenbun.com\/wp-content\/uploads\/2018\/09\/red-lace-dress-celine-belt-bag6-768x512.jpg 768w, https:\/\/thegoldenbun.com\/wp-content\/uploads\/2018\/09\/red-lace-dress-celine-belt-bag6-24x16.jpg 24w, https:\/\/thegoldenbun.com\/wp-content\/uploads\/2018\/09\/red-lace-dress-celine-belt-bag6-36x24.jpg 36w, https:\/\/thegoldenbun.com\/wp-content\/uploads\/2018\/09\/red-lace-dress-celine-belt-bag6-48x32.jpg 48w, https:\/\/thegoldenbun.com\/wp-content\/uploads\/2018\/09\/red-lace-dress-celine-belt-bag6-1200x800.jpg 1200w\" sizes=\"(max-width: 1500px) 100vw, 1500px\" \/>\n<img loading=\"lazy\" class=\"alignnone size-full wp-image-40681\" src=\"https:\/\/thegoldenbun.com\/wp-content\/uploads\/2018\/09\/red-lace-dress-celine-belt-bag7.jpg\" alt=\"red-lace-dress-celine-belt-bag\" width=\"1500\" height=\"1000\" srcset=\"https:\/\/thegoldenbun.com\/wp-content\/uploads\/2018\/09\/red-lace-dress-celine-belt-bag7.jpg 1500w, https:\/\/thegoldenbun.com\/wp-content\/uploads\/2018\/09\/red-lace-dress-celine-belt-bag7-350x233.jpg 350w, https:\/\/thegoldenbun.com\/wp-content\/uploads\/2018\/09\/red-lace-dress-celine-belt-bag7-800x533.jpg 800w, https:\/\/thegoldenbun.com\/wp-content\/uploads\/2018\/09\/red-lace-dress-celine-belt-bag7-768x512.jpg 768w, https:\/\/thegoldenbun.com\/wp-content\/uploads\/2018\/09\/red-lace-dress-celine-belt-bag7-24x16.jpg 24w, https:\/\/thegoldenbun.com\/wp-content\/uploads\/2018\/09\/red-lace-dress-celine-belt-bag7-36x24.jpg 36w, https:\/\/thegoldenbun.com\/wp-content\/uploads\/2018\/09\/red-lace-dress-celine-belt-bag7-48x32.jpg 48w, https:\/\/thegoldenbun.com\/wp-content\/uploads\/2018\/09\/red-lace-dress-celine-belt-bag7-1200x800.jpg 1200w\" sizes=\"(max-width: 1500px) 100vw, 1500px\" \/>\n<img loading=\"lazy\" class=\"alignnone size-full wp-image-40682\" src=\"https:\/\/thegoldenbun.com\/wp-content\/uploads\/2018\/09\/red-lace-dress-celine-belt-bag8.jpg\" alt=\"red-lace-dress-celine-belt-bag\" width=\"1500\" height=\"1000\" srcset=\"https:\/\/thegoldenbun.com\/wp-content\/uploads\/2018\/09\/red-lace-dress-celine-belt-bag8.jpg 1500w, https:\/\/thegoldenbun.com\/wp-content\/uploads\/2018\/09\/red-lace-dress-celine-belt-bag8-350x233.jpg 350w, https:\/\/thegoldenbun.com\/wp-content\/uploads\/2018\/09\/red-lace-dress-celine-belt-bag8-800x533.jpg 800w, https:\/\/thegoldenbun.com\/wp-content\/uploads\/2018\/09\/red-lace-dress-celine-belt-bag8-768x512.jpg 768w, https:\/\/thegoldenbun.com\/wp-content\/uploads\/2018\/09\/red-lace-dress-celine-belt-bag8-24x16.jpg 24w, https:\/\/thegoldenbun.com\/wp-content\/uploads\/2018\/09\/red-lace-dress-celine-belt-bag8-36x24.jpg 36w, https:\/\/thegoldenbun.com\/wp-content\/uploads\/2018\/09\/red-lace-dress-celine-belt-bag8-48x32.jpg 48w, https:\/\/thegoldenbun.com\/wp-content\/uploads\/2018\/09\/red-lace-dress-celine-belt-bag8-1200x800.jpg 1200w\" sizes=\"(max-width: 1500px) 100vw, 1500px\" \/>\n<div class=\"post-signature\">Ich w\u00fcnsche euch einen sch\u00f6nen Tag!<br \/>\n<img src=\"http:\/\/thegoldenbun.com\/wp-content\/uploads\/2017\/05\/handschrift_Vicky.png\" \/><\/div>\n<p><\/p>","protected":false},"excerpt":{"rendered":"<p>Die Woche startete schon mit einer neuen Restaurant-Empfehlung f\u00fcr Berlin, die ihr euch eindeutig nicht entgehen lassen k\u00f6nnt. Und nach der langen Sommerpause war ein neuer Look eindeutig \u00fcberf\u00e4llig. Etwas ungewohnt f\u00fchlte es sich doch an Mal wieder vor und hinter der Kamera zu stehen. Heute beginnen wir mit einem Typisch-Vicky-Look: Spitze, sommerliche Sandalen, oversized Sonnenbrillen und dazu meine neueste Errungenschaft. Wie lange schmachtete ich die C\u00e9line Belt Bag an&#8230; [&hellip;]<\/p>\n","protected":false},"author":1,"featured_media":40699,"comment_status":"open","ping_status":"open","sticky":false,"template":"","format":"standard","meta":{"_exactmetrics_skip_tracking":false,"_exactmetrics_sitenote_active":false,"_exactmetrics_sitenote_note":"","_exactmetrics_sitenote_category":0,"spay_email":"","jetpack_publicize_message":"","jetpack_is_tweetstorm":false,"jetpack_publicize_feature_enabled":true},"categories":[10],"tags":[612,567,420,879,855],"acf":[],"yoast_head":"<!-- This site is optimized with the Yoast SEO plugin v18.9 - https:\/\/yoast.com\/wordpress\/plugins\/seo\/ -->\n<title>(English) Oh C\u00e9line Belt bag taupe \/ look with C\u00e9line bag \/ Berlin Style Blog<\/title>\n<meta name=\"description\" content=\"(English) The beautiful C\u00e9line belt bag was on my wish list for a couple of years now and I finally got hands on it. It definitely won&#039;t be the last time that you&#039;ll\" \/>\n<meta name=\"robots\" content=\"index, follow, max-snippet:-1, max-image-preview:large, max-video-preview:-1\" \/>\n<link rel=\"canonical\" href=\"https:\/\/thegoldenbun.com\/de\/2018\/09\/oh-celine-belt-bag-berlin-style-blog\/\" \/>\n<meta property=\"og:locale\" content=\"de_DE\" \/>\n<meta property=\"og:type\" content=\"article\" \/>\n<meta property=\"og:title\" content=\"(English) Oh C\u00e9line Belt bag taupe \/ look with C\u00e9line bag \/ Berlin Style Blog\" \/>\n<meta property=\"og:description\" content=\"(English) The beautiful C\u00e9line belt bag was on my wish list for a couple of years now and I finally got hands on it. It definitely won&#039;t be the last time that you&#039;ll\" \/>\n<meta property=\"og:url\" content=\"https:\/\/thegoldenbun.com\/de\/2018\/09\/oh-celine-belt-bag-berlin-style-blog\/\" \/>\n<meta property=\"og:site_name\" content=\"The Golden Bun\" \/>\n<meta property=\"article:publisher\" content=\"http:\/\/www.facebook.com\/thegoldenbun\" \/>\n<meta property=\"article:published_time\" content=\"2018-09-13T05:30:28+00:00\" \/>\n<meta property=\"article:modified_time\" content=\"2018-09-13T16:22:43+00:00\" \/>\n<meta property=\"og:image\" content=\"https:\/\/thegoldenbun.com\/wp-content\/uploads\/2018\/09\/red-lace-dress-celine-belt-bag_header2.jpg\" \/>\n\t<meta property=\"og:image:width\" content=\"1200\" \/>\n\t<meta property=\"og:image:height\" content=\"1800\" \/>\n\t<meta property=\"og:image:type\" content=\"image\/jpeg\" \/>\n<meta name=\"twitter:card\" content=\"summary\" \/>\n<meta name=\"twitter:creator\" content=\"@thegoldenbun\" \/>\n<meta name=\"twitter:site\" content=\"@thegoldenbun\" \/>\n<meta name=\"twitter:label1\" content=\"Verfasst von\" \/>\n\t<meta name=\"twitter:data1\" content=\"Vicky\" \/>\n\t<meta name=\"twitter:label2\" content=\"Gesch\u00e4tzte Lesezeit\" \/>\n\t<meta name=\"twitter:data2\" content=\"1\u00a0Minute\" \/>\n<script type=\"application\/ld+json\" class=\"yoast-schema-graph\">{\"@context\":\"https:\/\/schema.org\",\"@graph\":[{\"@type\":\"WebSite\",\"@id\":\"https:\/\/thegoldenbun.com\/#website\",\"url\":\"https:\/\/thegoldenbun.com\/\",\"name\":\"The Golden Bun\",\"description\":\"Deutscher Reiseblog \/ Modeblog \/ Lifestyleblog \/ Berlin &amp; M\u00fcnchen \/ Reise &amp; Restaurant Tipps\",\"potentialAction\":[{\"@type\":\"SearchAction\",\"target\":{\"@type\":\"EntryPoint\",\"urlTemplate\":\"https:\/\/thegoldenbun.com\/?s={search_term_string}\"},\"query-input\":\"required name=search_term_string\"}],\"inLanguage\":\"de\"},{\"@type\":\"ImageObject\",\"inLanguage\":\"de\",\"@id\":\"https:\/\/thegoldenbun.com\/de\/2018\/09\/oh-celine-belt-bag-berlin-style-blog\/#primaryimage\",\"url\":\"https:\/\/thegoldenbun.com\/wp-content\/uploads\/2018\/09\/red-lace-dress-celine-belt-bag_header2.jpg\",\"contentUrl\":\"https:\/\/thegoldenbun.com\/wp-content\/uploads\/2018\/09\/red-lace-dress-celine-belt-bag_header2.jpg\",\"width\":1200,\"height\":1800},{\"@type\":\"WebPage\",\"@id\":\"https:\/\/thegoldenbun.com\/de\/2018\/09\/oh-celine-belt-bag-berlin-style-blog\/#webpage\",\"url\":\"https:\/\/thegoldenbun.com\/de\/2018\/09\/oh-celine-belt-bag-berlin-style-blog\/\",\"name\":\"(English) Oh C\u00e9line Belt bag taupe \/ look with C\u00e9line bag \/ Berlin Style Blog\",\"isPartOf\":{\"@id\":\"https:\/\/thegoldenbun.com\/#website\"},\"primaryImageOfPage\":{\"@id\":\"https:\/\/thegoldenbun.com\/de\/2018\/09\/oh-celine-belt-bag-berlin-style-blog\/#primaryimage\"},\"datePublished\":\"2018-09-13T05:30:28+00:00\",\"dateModified\":\"2018-09-13T16:22:43+00:00\",\"author\":{\"@id\":\"https:\/\/thegoldenbun.com\/#\/schema\/person\/a8ed0c60451d5a883d10e21afc630268\"},\"description\":\"(English) The beautiful C\u00e9line belt bag was on my wish list for a couple of years now and I finally got hands on it. It definitely won't be the last time that you'll\",\"breadcrumb\":{\"@id\":\"https:\/\/thegoldenbun.com\/de\/2018\/09\/oh-celine-belt-bag-berlin-style-blog\/#breadcrumb\"},\"inLanguage\":\"de\",\"potentialAction\":[{\"@type\":\"ReadAction\",\"target\":[\"https:\/\/thegoldenbun.com\/de\/2018\/09\/oh-celine-belt-bag-berlin-style-blog\/\"]}]},{\"@type\":\"BreadcrumbList\",\"@id\":\"https:\/\/thegoldenbun.com\/de\/2018\/09\/oh-celine-belt-bag-berlin-style-blog\/#breadcrumb\",\"itemListElement\":[{\"@type\":\"ListItem\",\"position\":1,\"name\":\"Home\",\"item\":\"https:\/\/thegoldenbun.com\/\"},{\"@type\":\"ListItem\",\"position\":2,\"name\":\"Oh C\u00e9line\"}]},{\"@type\":\"Person\",\"@id\":\"https:\/\/thegoldenbun.com\/#\/schema\/person\/a8ed0c60451d5a883d10e21afc630268\",\"name\":\"Vicky\",\"url\":\"https:\/\/thegoldenbun.com\/de\/author\/tgb\/\"}]}<\/script>\n<!-- \/ Yoast SEO plugin. -->","yoast_head_json":{"title":"(English) Oh C\u00e9line Belt bag taupe \/ look with C\u00e9line bag \/ Berlin Style Blog","description":"(English) The beautiful C\u00e9line belt bag was on my wish list for a couple of years now and I finally got hands on it. It definitely won't be the last time that you'll","robots":{"index":"index","follow":"follow","max-snippet":"max-snippet:-1","max-image-preview":"max-image-preview:large","max-video-preview":"max-video-preview:-1"},"canonical":"https:\/\/thegoldenbun.com\/de\/2018\/09\/oh-celine-belt-bag-berlin-style-blog\/","og_locale":"de_DE","og_type":"article","og_title":"(English) Oh C\u00e9line Belt bag taupe \/ look with C\u00e9line bag \/ Berlin Style Blog","og_description":"(English) The beautiful C\u00e9line belt bag was on my wish list for a couple of years now and I finally got hands on it. It definitely won't be the last time that you'll","og_url":"https:\/\/thegoldenbun.com\/de\/2018\/09\/oh-celine-belt-bag-berlin-style-blog\/","og_site_name":"The Golden Bun","article_publisher":"http:\/\/www.facebook.com\/thegoldenbun","article_published_time":"2018-09-13T05:30:28+00:00","article_modified_time":"2018-09-13T16:22:43+00:00","og_image":[{"width":1200,"height":1800,"url":"https:\/\/thegoldenbun.com\/wp-content\/uploads\/2018\/09\/red-lace-dress-celine-belt-bag_header2.jpg","type":"image\/jpeg"}],"twitter_card":"summary","twitter_creator":"@thegoldenbun","twitter_site":"@thegoldenbun","twitter_misc":{"Verfasst von":"Vicky","Gesch\u00e4tzte Lesezeit":"1\u00a0Minute"},"schema":{"@context":"https:\/\/schema.org","@graph":[{"@type":"WebSite","@id":"https:\/\/thegoldenbun.com\/#website","url":"https:\/\/thegoldenbun.com\/","name":"The Golden Bun","description":"Deutscher Reiseblog \/ Modeblog \/ Lifestyleblog \/ Berlin &amp; M\u00fcnchen \/ Reise &amp; Restaurant Tipps","potentialAction":[{"@type":"SearchAction","target":{"@type":"EntryPoint","urlTemplate":"https:\/\/thegoldenbun.com\/?s={search_term_string}"},"query-input":"required name=search_term_string"}],"inLanguage":"de"},{"@type":"ImageObject","inLanguage":"de","@id":"https:\/\/thegoldenbun.com\/de\/2018\/09\/oh-celine-belt-bag-berlin-style-blog\/#primaryimage","url":"https:\/\/thegoldenbun.com\/wp-content\/uploads\/2018\/09\/red-lace-dress-celine-belt-bag_header2.jpg","contentUrl":"https:\/\/thegoldenbun.com\/wp-content\/uploads\/2018\/09\/red-lace-dress-celine-belt-bag_header2.jpg","width":1200,"height":1800},{"@type":"WebPage","@id":"https:\/\/thegoldenbun.com\/de\/2018\/09\/oh-celine-belt-bag-berlin-style-blog\/#webpage","url":"https:\/\/thegoldenbun.com\/de\/2018\/09\/oh-celine-belt-bag-berlin-style-blog\/","name":"(English) Oh C\u00e9line Belt bag taupe \/ look with C\u00e9line bag \/ Berlin Style Blog","isPartOf":{"@id":"https:\/\/thegoldenbun.com\/#website"},"primaryImageOfPage":{"@id":"https:\/\/thegoldenbun.com\/de\/2018\/09\/oh-celine-belt-bag-berlin-style-blog\/#primaryimage"},"datePublished":"2018-09-13T05:30:28+00:00","dateModified":"2018-09-13T16:22:43+00:00","author":{"@id":"https:\/\/thegoldenbun.com\/#\/schema\/person\/a8ed0c60451d5a883d10e21afc630268"},"description":"(English) The beautiful C\u00e9line belt bag was on my wish list for a couple of years now and I finally got hands on it. It definitely won't be the last time that you'll","breadcrumb":{"@id":"https:\/\/thegoldenbun.com\/de\/2018\/09\/oh-celine-belt-bag-berlin-style-blog\/#breadcrumb"},"inLanguage":"de","potentialAction":[{"@type":"ReadAction","target":["https:\/\/thegoldenbun.com\/de\/2018\/09\/oh-celine-belt-bag-berlin-style-blog\/"]}]},{"@type":"BreadcrumbList","@id":"https:\/\/thegoldenbun.com\/de\/2018\/09\/oh-celine-belt-bag-berlin-style-blog\/#breadcrumb","itemListElement":[{"@type":"ListItem","position":1,"name":"Home","item":"https:\/\/thegoldenbun.com\/"},{"@type":"ListItem","position":2,"name":"Oh C\u00e9line"}]},{"@type":"Person","@id":"https:\/\/thegoldenbun.com\/#\/schema\/person\/a8ed0c60451d5a883d10e21afc630268","name":"Vicky","url":"https:\/\/thegoldenbun.com\/de\/author\/tgb\/"}]}},"jetpack_featured_media_url":"https:\/\/thegoldenbun.com\/wp-content\/uploads\/2018\/09\/red-lace-dress-celine-belt-bag_header2.jpg","jetpack_publicize_connections":[],"jetpack_sharing_enabled":true,"_links":{"self":[{"href":"https:\/\/thegoldenbun.com\/de\/wp-json\/wp\/v2\/posts\/40673"}],"collection":[{"href":"https:\/\/thegoldenbun.com\/de\/wp-json\/wp\/v2\/posts"}],"about":[{"href":"https:\/\/thegoldenbun.com\/de\/wp-json\/wp\/v2\/types\/post"}],"author":[{"embeddable":true,"href":"https:\/\/thegoldenbun.com\/de\/wp-json\/wp\/v2\/users\/1"}],"replies":[{"embeddable":true,"href":"https:\/\/thegoldenbun.com\/de\/wp-json\/wp\/v2\/comments?post=40673"}],"version-history":[{"count":0,"href":"https:\/\/thegoldenbun.com\/de\/wp-json\/wp\/v2\/posts\/40673\/revisions"}],"wp:featuredmedia":[{"embeddable":true,"href":"https:\/\/thegoldenbun.com\/de\/wp-json\/wp\/v2\/media\/40699"}],"wp:attachment":[{"href":"https:\/\/thegoldenbun.com\/de\/wp-json\/wp\/v2\/media?parent=40673"}],"wp:term":[{"taxonomy":"category","embeddable":true,"href":"https:\/\/thegoldenbun.com\/de\/wp-json\/wp\/v2\/categories?post=40673"},{"taxonomy":"post_tag","embeddable":true,"href":"https:\/\/thegoldenbun.com\/de\/wp-json\/wp\/v2\/tags?post=40673"}],"curies":[{"name":"wp","href":"https:\/\/api.w.org\/{rel}","templated":true}]}}