{"id":40944,"date":"2018-10-22T17:08:03","date_gmt":"2018-10-22T15:08:03","guid":{"rendered":"https:\/\/thegoldenbun.com\/?p=40944"},"modified":"2019-04-28T10:17:55","modified_gmt":"2019-04-28T08:17:55","slug":"torggelen-in-sudtirol-eisacktal-feldthurns","status":"publish","type":"post","link":"https:\/\/thegoldenbun.com\/de\/2018\/10\/torggelen-in-sudtirol-eisacktal-feldthurns\/","title":{"rendered":"T\u00f6rggelen in S\u00fcdtirol \u2013 der Weinernte-Brauch im Herbst"},"content":{"rendered":"<p>Die Herbstzeit in S\u00fcdtirol ist f\u00fcr mich die sch\u00f6nste Jahreszeit. Die Natur zeigt sich von ihrer besten Farbpracht und die Temperaturen sind herrlich. In S\u00fcdtirol gibt es das ganze Jahr \u00fcber sch\u00f6ne Br\u00e4uche und Traditionen. Mein liebster Brauch ist \u201eT\u00f6rggelen\u201c im Herbst. Daf\u00fcr wird jedes Jahr ein Wochenende fest eingeplant.<\/p>\n<div class=\"tgb_left\"><img loading=\"lazy\" class=\"alignnone size-full wp-image-40951\" src=\"https:\/\/thegoldenbun.com\/wp-content\/uploads\/2018\/10\/t\u00f6rggelen-eisacktal-feldthurns-t\u00f6rggelen-schnauders-obermoserhof-2.jpg\" alt=\"t\u00f6rggelen eisacktal feldthurns t\u00f6rggelen schnauders obermoserhof\" width=\"1000\" height=\"1500\" srcset=\"https:\/\/thegoldenbun.com\/wp-content\/uploads\/2018\/10\/t\u00f6rggelen-eisacktal-feldthurns-t\u00f6rggelen-schnauders-obermoserhof-2.jpg 1000w, https:\/\/thegoldenbun.com\/wp-content\/uploads\/2018\/10\/t\u00f6rggelen-eisacktal-feldthurns-t\u00f6rggelen-schnauders-obermoserhof-2-233x350.jpg 233w, https:\/\/thegoldenbun.com\/wp-content\/uploads\/2018\/10\/t\u00f6rggelen-eisacktal-feldthurns-t\u00f6rggelen-schnauders-obermoserhof-2-683x1024.jpg 683w, https:\/\/thegoldenbun.com\/wp-content\/uploads\/2018\/10\/t\u00f6rggelen-eisacktal-feldthurns-t\u00f6rggelen-schnauders-obermoserhof-2-768x1152.jpg 768w, https:\/\/thegoldenbun.com\/wp-content\/uploads\/2018\/10\/t\u00f6rggelen-eisacktal-feldthurns-t\u00f6rggelen-schnauders-obermoserhof-2-16x24.jpg 16w, https:\/\/thegoldenbun.com\/wp-content\/uploads\/2018\/10\/t\u00f6rggelen-eisacktal-feldthurns-t\u00f6rggelen-schnauders-obermoserhof-2-24x36.jpg 24w, https:\/\/thegoldenbun.com\/wp-content\/uploads\/2018\/10\/t\u00f6rggelen-eisacktal-feldthurns-t\u00f6rggelen-schnauders-obermoserhof-2-32x48.jpg 32w\" sizes=\"(max-width: 1000px) 100vw, 1000px\" \/><\/div>\n<div class=\"tgb_right\"><img loading=\"lazy\" class=\"alignnone size-full wp-image-40952\" src=\"https:\/\/thegoldenbun.com\/wp-content\/uploads\/2018\/10\/t\u00f6rggelen-eisacktal-feldthurns-t\u00f6rggelen-schnauders-obermoserhof-3.jpg\" alt=\"t\u00f6rggelen eisacktal feldthurns t\u00f6rggelen schnauders obermoserhof\" width=\"1000\" height=\"1500\" srcset=\"https:\/\/thegoldenbun.com\/wp-content\/uploads\/2018\/10\/t\u00f6rggelen-eisacktal-feldthurns-t\u00f6rggelen-schnauders-obermoserhof-3.jpg 1000w, https:\/\/thegoldenbun.com\/wp-content\/uploads\/2018\/10\/t\u00f6rggelen-eisacktal-feldthurns-t\u00f6rggelen-schnauders-obermoserhof-3-233x350.jpg 233w, https:\/\/thegoldenbun.com\/wp-content\/uploads\/2018\/10\/t\u00f6rggelen-eisacktal-feldthurns-t\u00f6rggelen-schnauders-obermoserhof-3-683x1024.jpg 683w, https:\/\/thegoldenbun.com\/wp-content\/uploads\/2018\/10\/t\u00f6rggelen-eisacktal-feldthurns-t\u00f6rggelen-schnauders-obermoserhof-3-768x1152.jpg 768w, https:\/\/thegoldenbun.com\/wp-content\/uploads\/2018\/10\/t\u00f6rggelen-eisacktal-feldthurns-t\u00f6rggelen-schnauders-obermoserhof-3-16x24.jpg 16w, https:\/\/thegoldenbun.com\/wp-content\/uploads\/2018\/10\/t\u00f6rggelen-eisacktal-feldthurns-t\u00f6rggelen-schnauders-obermoserhof-3-24x36.jpg 24w, https:\/\/thegoldenbun.com\/wp-content\/uploads\/2018\/10\/t\u00f6rggelen-eisacktal-feldthurns-t\u00f6rggelen-schnauders-obermoserhof-3-32x48.jpg 32w\" sizes=\"(max-width: 1000px) 100vw, 1000px\" \/><\/div>\n<div class=\"post-box\">\n<h3>t\u00f6rg\u00b7ge\u00b7len<br \/>\n<em>\/t\u00f6\u0301rggelen\/<\/em><\/h3>\n<p>Der Begriff T\u00f6rggelen kommt aus dem Lateinischen \u201etorquere\u201c, das \u201eWein pressen\u201c bedeutet. In der Tat findet das traditionelle T\u00f6rggelen immer nach der Weinernte statt. Dem Brauch nach trafen sich die Helfer der Weinlese zu einer gemeinsamen \u201eMarend\u201c (dt. Jause) mit S\u00fcdtiroler Spezialit\u00e4ten. Der Brauch hat sich bis heute bew\u00e4hrt.<\/p>\n<\/div>\n<img loading=\"lazy\" class=\"alignnone size-full wp-image-40953\" src=\"https:\/\/thegoldenbun.com\/wp-content\/uploads\/2018\/10\/t\u00f6rggelen-eisacktal-feldthurns-t\u00f6rggelen-schnauders-obermoserhof-4.jpg\" alt=\"t\u00f6rggelen eisacktal feldthurns t\u00f6rggelen schnauders obermoserhof\" width=\"1500\" height=\"1000\" srcset=\"https:\/\/thegoldenbun.com\/wp-content\/uploads\/2018\/10\/t\u00f6rggelen-eisacktal-feldthurns-t\u00f6rggelen-schnauders-obermoserhof-4.jpg 1500w, https:\/\/thegoldenbun.com\/wp-content\/uploads\/2018\/10\/t\u00f6rggelen-eisacktal-feldthurns-t\u00f6rggelen-schnauders-obermoserhof-4-350x233.jpg 350w, https:\/\/thegoldenbun.com\/wp-content\/uploads\/2018\/10\/t\u00f6rggelen-eisacktal-feldthurns-t\u00f6rggelen-schnauders-obermoserhof-4-800x533.jpg 800w, https:\/\/thegoldenbun.com\/wp-content\/uploads\/2018\/10\/t\u00f6rggelen-eisacktal-feldthurns-t\u00f6rggelen-schnauders-obermoserhof-4-768x512.jpg 768w, https:\/\/thegoldenbun.com\/wp-content\/uploads\/2018\/10\/t\u00f6rggelen-eisacktal-feldthurns-t\u00f6rggelen-schnauders-obermoserhof-4-24x16.jpg 24w, https:\/\/thegoldenbun.com\/wp-content\/uploads\/2018\/10\/t\u00f6rggelen-eisacktal-feldthurns-t\u00f6rggelen-schnauders-obermoserhof-4-36x24.jpg 36w, https:\/\/thegoldenbun.com\/wp-content\/uploads\/2018\/10\/t\u00f6rggelen-eisacktal-feldthurns-t\u00f6rggelen-schnauders-obermoserhof-4-48x32.jpg 48w, https:\/\/thegoldenbun.com\/wp-content\/uploads\/2018\/10\/t\u00f6rggelen-eisacktal-feldthurns-t\u00f6rggelen-schnauders-obermoserhof-4-1200x800.jpg 1200w\" sizes=\"(max-width: 1500px) 100vw, 1500px\" \/>\n<h1><em><span style=\"text-decoration: underline;\">Wohin<\/span> geht man am besten<\/em> <strong>T\u00d6RGGELEN?<\/strong><\/h1>\n<p>Seit einigen Jahren gehe ich jedes Jahr t\u00f6rggelen. Doch auch als Einheimischer bin ich jedes Jahr wieder \u00fcberfordert, <strong>in welchen Buschenschank\u00a0<\/strong>wir gehen\u00a0sollen. Der Brauch ist besonders beliebt im <strong>Eisacktal<\/strong>, als auch im <strong>\u00dcberetsch<\/strong>. Beides kann ich euch sehr empfehlen.\u00a0Das Panorama des Eisacktals ist ein Traum. Ich liebe den Blick in die Ferne auf die Berge.<\/p>\n<ul>\n<li><em>Tipp: Einen Ausflug ins Eisacktal kann man mit der Besichtigung des Kloster S\u00e4ben, als auch einen kleinen Abstecher nach Klausen kombinieren.<\/em><\/li>\n<\/ul>\n<img loading=\"lazy\" class=\"alignnone size-full wp-image-40986\" src=\"https:\/\/thegoldenbun.com\/wp-content\/uploads\/2018\/10\/kalterer-see-rastbachklamm-wanderung-seeblick-kalterer-see-4.jpg\" alt=\"kalterer see rastbachklamm wanderung seeblick kalterer see\" width=\"1000\" height=\"1500\" srcset=\"https:\/\/thegoldenbun.com\/wp-content\/uploads\/2018\/10\/kalterer-see-rastbachklamm-wanderung-seeblick-kalterer-see-4.jpg 1000w, https:\/\/thegoldenbun.com\/wp-content\/uploads\/2018\/10\/kalterer-see-rastbachklamm-wanderung-seeblick-kalterer-see-4-233x350.jpg 233w, https:\/\/thegoldenbun.com\/wp-content\/uploads\/2018\/10\/kalterer-see-rastbachklamm-wanderung-seeblick-kalterer-see-4-683x1024.jpg 683w, https:\/\/thegoldenbun.com\/wp-content\/uploads\/2018\/10\/kalterer-see-rastbachklamm-wanderung-seeblick-kalterer-see-4-768x1152.jpg 768w, https:\/\/thegoldenbun.com\/wp-content\/uploads\/2018\/10\/kalterer-see-rastbachklamm-wanderung-seeblick-kalterer-see-4-16x24.jpg 16w, https:\/\/thegoldenbun.com\/wp-content\/uploads\/2018\/10\/kalterer-see-rastbachklamm-wanderung-seeblick-kalterer-see-4-24x36.jpg 24w, https:\/\/thegoldenbun.com\/wp-content\/uploads\/2018\/10\/kalterer-see-rastbachklamm-wanderung-seeblick-kalterer-see-4-32x48.jpg 32w\" sizes=\"(max-width: 1000px) 100vw, 1000px\" \/>\n<p>Im <b>\u00dcberetsch<\/b> ist es etwas flacher, aber genauso sch\u00f6n inmitten der Weinberge. Es bietet sich besonders gut auf Grund der N\u00e4he zur Bozner Altstadt f\u00fcr ein anschlie\u00dfendes Weggehen an.<\/p>\n<div class=\"tgb_left\"><img loading=\"lazy\" class=\"alignnone size-full wp-image-40985\" src=\"https:\/\/thegoldenbun.com\/wp-content\/uploads\/2018\/10\/kalterer-see-rastbachklamm-wanderung-seeblick-kalterer-see-3.jpg\" alt=\"kalterer see rastbachklamm wanderung seeblick kalterer see\" width=\"1000\" height=\"1500\" srcset=\"https:\/\/thegoldenbun.com\/wp-content\/uploads\/2018\/10\/kalterer-see-rastbachklamm-wanderung-seeblick-kalterer-see-3.jpg 1000w, https:\/\/thegoldenbun.com\/wp-content\/uploads\/2018\/10\/kalterer-see-rastbachklamm-wanderung-seeblick-kalterer-see-3-233x350.jpg 233w, https:\/\/thegoldenbun.com\/wp-content\/uploads\/2018\/10\/kalterer-see-rastbachklamm-wanderung-seeblick-kalterer-see-3-683x1024.jpg 683w, https:\/\/thegoldenbun.com\/wp-content\/uploads\/2018\/10\/kalterer-see-rastbachklamm-wanderung-seeblick-kalterer-see-3-768x1152.jpg 768w, https:\/\/thegoldenbun.com\/wp-content\/uploads\/2018\/10\/kalterer-see-rastbachklamm-wanderung-seeblick-kalterer-see-3-16x24.jpg 16w, https:\/\/thegoldenbun.com\/wp-content\/uploads\/2018\/10\/kalterer-see-rastbachklamm-wanderung-seeblick-kalterer-see-3-24x36.jpg 24w, https:\/\/thegoldenbun.com\/wp-content\/uploads\/2018\/10\/kalterer-see-rastbachklamm-wanderung-seeblick-kalterer-see-3-32x48.jpg 32w\" sizes=\"(max-width: 1000px) 100vw, 1000px\" \/><\/div>\n<div class=\"tgb_right\"><img loading=\"lazy\" class=\"alignnone size-full wp-image-40984\" src=\"https:\/\/thegoldenbun.com\/wp-content\/uploads\/2018\/10\/kalterer-see-rastbachklamm-wanderung-seeblick-kalterer-see-2.jpg\" alt=\"kalterer see rastbachklamm wanderung seeblick kalterer see\" width=\"1000\" height=\"1500\" srcset=\"https:\/\/thegoldenbun.com\/wp-content\/uploads\/2018\/10\/kalterer-see-rastbachklamm-wanderung-seeblick-kalterer-see-2.jpg 1000w, https:\/\/thegoldenbun.com\/wp-content\/uploads\/2018\/10\/kalterer-see-rastbachklamm-wanderung-seeblick-kalterer-see-2-233x350.jpg 233w, https:\/\/thegoldenbun.com\/wp-content\/uploads\/2018\/10\/kalterer-see-rastbachklamm-wanderung-seeblick-kalterer-see-2-683x1024.jpg 683w, https:\/\/thegoldenbun.com\/wp-content\/uploads\/2018\/10\/kalterer-see-rastbachklamm-wanderung-seeblick-kalterer-see-2-768x1152.jpg 768w, https:\/\/thegoldenbun.com\/wp-content\/uploads\/2018\/10\/kalterer-see-rastbachklamm-wanderung-seeblick-kalterer-see-2-16x24.jpg 16w, https:\/\/thegoldenbun.com\/wp-content\/uploads\/2018\/10\/kalterer-see-rastbachklamm-wanderung-seeblick-kalterer-see-2-24x36.jpg 24w, https:\/\/thegoldenbun.com\/wp-content\/uploads\/2018\/10\/kalterer-see-rastbachklamm-wanderung-seeblick-kalterer-see-2-32x48.jpg 32w\" sizes=\"(max-width: 1000px) 100vw, 1000px\" \/><\/div>\n<img loading=\"lazy\" class=\"alignnone size-full wp-image-40983\" src=\"https:\/\/thegoldenbun.com\/wp-content\/uploads\/2018\/10\/kalterer-see-rastbachklamm-wanderung-seeblick-kalterer-see-1.jpg\" alt=\"kalterer see rastbachklamm wanderung seeblick kalterer see\" width=\"1200\" height=\"800\" srcset=\"https:\/\/thegoldenbun.com\/wp-content\/uploads\/2018\/10\/kalterer-see-rastbachklamm-wanderung-seeblick-kalterer-see-1.jpg 1200w, https:\/\/thegoldenbun.com\/wp-content\/uploads\/2018\/10\/kalterer-see-rastbachklamm-wanderung-seeblick-kalterer-see-1-350x233.jpg 350w, https:\/\/thegoldenbun.com\/wp-content\/uploads\/2018\/10\/kalterer-see-rastbachklamm-wanderung-seeblick-kalterer-see-1-800x533.jpg 800w, https:\/\/thegoldenbun.com\/wp-content\/uploads\/2018\/10\/kalterer-see-rastbachklamm-wanderung-seeblick-kalterer-see-1-768x512.jpg 768w, https:\/\/thegoldenbun.com\/wp-content\/uploads\/2018\/10\/kalterer-see-rastbachklamm-wanderung-seeblick-kalterer-see-1-24x16.jpg 24w, https:\/\/thegoldenbun.com\/wp-content\/uploads\/2018\/10\/kalterer-see-rastbachklamm-wanderung-seeblick-kalterer-see-1-36x24.jpg 36w, https:\/\/thegoldenbun.com\/wp-content\/uploads\/2018\/10\/kalterer-see-rastbachklamm-wanderung-seeblick-kalterer-see-1-48x32.jpg 48w\" sizes=\"(max-width: 1200px) 100vw, 1200px\" \/>\n<img loading=\"lazy\" class=\"alignnone size-full wp-image-40981\" src=\"https:\/\/thegoldenbun.com\/wp-content\/uploads\/2018\/10\/MG_9193.jpg\" alt=\"\" width=\"1500\" height=\"1000\" srcset=\"https:\/\/thegoldenbun.com\/wp-content\/uploads\/2018\/10\/MG_9193.jpg 1500w, https:\/\/thegoldenbun.com\/wp-content\/uploads\/2018\/10\/MG_9193-350x233.jpg 350w, https:\/\/thegoldenbun.com\/wp-content\/uploads\/2018\/10\/MG_9193-800x533.jpg 800w, https:\/\/thegoldenbun.com\/wp-content\/uploads\/2018\/10\/MG_9193-768x512.jpg 768w, https:\/\/thegoldenbun.com\/wp-content\/uploads\/2018\/10\/MG_9193-24x16.jpg 24w, https:\/\/thegoldenbun.com\/wp-content\/uploads\/2018\/10\/MG_9193-36x24.jpg 36w, https:\/\/thegoldenbun.com\/wp-content\/uploads\/2018\/10\/MG_9193-48x32.jpg 48w, https:\/\/thegoldenbun.com\/wp-content\/uploads\/2018\/10\/MG_9193-1200x800.jpg 1200w\" sizes=\"(max-width: 1500px) 100vw, 1500px\" \/>\n<ul>\n<li><em>Tipp: In der \u00dcberetscher Gegend k\u00f6nnt ihr es mit einigen Kellerei-Besuchen kombinieren. Besonders sch\u00f6n ist die Kellerei St. Michael Eppan, Manincor und die Kellerei Alois Lageder. Oder ihr macht eine <a href=\"https:\/\/www.sentres.com\/de\/wanderung\/kleine-rundwanderung-bei-kaltern\">Wanderung durch die Rastenbachklamm bis zum Kalterer See<\/a>.<\/em><\/li>\n<\/ul>\n<img loading=\"lazy\" class=\"alignnone size-full wp-image-40987\" src=\"https:\/\/thegoldenbun.com\/wp-content\/uploads\/2018\/10\/kalterer-see-rastbachklamm-wanderung-seeblick-kalterer-see-5.jpg\" alt=\"kalterer see rastbachklamm wanderung seeblick kalterer see\" width=\"1200\" height=\"675\" srcset=\"https:\/\/thegoldenbun.com\/wp-content\/uploads\/2018\/10\/kalterer-see-rastbachklamm-wanderung-seeblick-kalterer-see-5.jpg 1200w, https:\/\/thegoldenbun.com\/wp-content\/uploads\/2018\/10\/kalterer-see-rastbachklamm-wanderung-seeblick-kalterer-see-5-350x197.jpg 350w, https:\/\/thegoldenbun.com\/wp-content\/uploads\/2018\/10\/kalterer-see-rastbachklamm-wanderung-seeblick-kalterer-see-5-800x450.jpg 800w, https:\/\/thegoldenbun.com\/wp-content\/uploads\/2018\/10\/kalterer-see-rastbachklamm-wanderung-seeblick-kalterer-see-5-768x432.jpg 768w, https:\/\/thegoldenbun.com\/wp-content\/uploads\/2018\/10\/kalterer-see-rastbachklamm-wanderung-seeblick-kalterer-see-5-24x14.jpg 24w, https:\/\/thegoldenbun.com\/wp-content\/uploads\/2018\/10\/kalterer-see-rastbachklamm-wanderung-seeblick-kalterer-see-5-36x20.jpg 36w, https:\/\/thegoldenbun.com\/wp-content\/uploads\/2018\/10\/kalterer-see-rastbachklamm-wanderung-seeblick-kalterer-see-5-48x27.jpg 48w\" sizes=\"(max-width: 1200px) 100vw, 1200px\" \/><span class=\"caption\">traumhafter Blick auf den Kalterer See<\/span>\n<p>Unser T\u00f6rggele-Tag beginnt meist mit einer Wanderung zum Buschenschank. Hier muss man lediglich beachten, dass man nicht zu sp\u00e4t losgeht mittags, da es schnell dunkel wird im Herbst. Im Eisacktal geht die Sonne bereits gegen 17:00-17:30 Uhr unter.<\/p>\n<img loading=\"lazy\" class=\"alignnone size-full wp-image-40950\" src=\"https:\/\/thegoldenbun.com\/wp-content\/uploads\/2018\/10\/t\u00f6rggelen-eisacktal-feldthurns-t\u00f6rggelen-schnauders-obermoserhof-1.jpg\" alt=\"t\u00f6rggelen eisacktal feldthurns t\u00f6rggelen schnauders obermoserhof\" width=\"1500\" height=\"1000\" srcset=\"https:\/\/thegoldenbun.com\/wp-content\/uploads\/2018\/10\/t\u00f6rggelen-eisacktal-feldthurns-t\u00f6rggelen-schnauders-obermoserhof-1.jpg 1500w, https:\/\/thegoldenbun.com\/wp-content\/uploads\/2018\/10\/t\u00f6rggelen-eisacktal-feldthurns-t\u00f6rggelen-schnauders-obermoserhof-1-350x233.jpg 350w, https:\/\/thegoldenbun.com\/wp-content\/uploads\/2018\/10\/t\u00f6rggelen-eisacktal-feldthurns-t\u00f6rggelen-schnauders-obermoserhof-1-800x533.jpg 800w, https:\/\/thegoldenbun.com\/wp-content\/uploads\/2018\/10\/t\u00f6rggelen-eisacktal-feldthurns-t\u00f6rggelen-schnauders-obermoserhof-1-768x512.jpg 768w, https:\/\/thegoldenbun.com\/wp-content\/uploads\/2018\/10\/t\u00f6rggelen-eisacktal-feldthurns-t\u00f6rggelen-schnauders-obermoserhof-1-24x16.jpg 24w, https:\/\/thegoldenbun.com\/wp-content\/uploads\/2018\/10\/t\u00f6rggelen-eisacktal-feldthurns-t\u00f6rggelen-schnauders-obermoserhof-1-36x24.jpg 36w, https:\/\/thegoldenbun.com\/wp-content\/uploads\/2018\/10\/t\u00f6rggelen-eisacktal-feldthurns-t\u00f6rggelen-schnauders-obermoserhof-1-48x32.jpg 48w, https:\/\/thegoldenbun.com\/wp-content\/uploads\/2018\/10\/t\u00f6rggelen-eisacktal-feldthurns-t\u00f6rggelen-schnauders-obermoserhof-1-1200x800.jpg 1200w\" sizes=\"(max-width: 1500px) 100vw, 1500px\" \/>\n<p>Auch dieses Jahr hatten wir ein wunderbares T\u00f6rggelen in S\u00fcdtirol. Das Wetter war fantastisch.<\/p>\n<p>Wir waren im\u00a0<a href=\"http:\/\/www.obermoserhof.it\/de\/index.php\">Obermoserhof ober Schnauders<\/a> (Feldthurns). Zuvor machten wir einen\u00a0<a href=\"https:\/\/www.sentres.com\/de\/familienwanderung\/von-schnauders-nach-garn\">1,5 Stunden Rundspaziergang nach Garn<\/a>. Der Spaziergang startete direkt beim Gasthaus, sodass wir die Autos gleich dort parken konnten.<\/p>\n<p>Ein anderes Jahr sind wir von Klausen \u00fcber den <a href=\"https:\/\/www.sentres.com\/de\/wanderung\/auf-dem-kastanienweg-nach-feldthurns\">Kastanienweg<\/a> hoch zum Larmhof in Villanders gewandert, das ich euch auch sehr empfehlen kann. Allerdings m\u00fcsste man dann die Autos direkt zum Buschenschank stellen oder einen Shuttle organisieren.<\/p>\n<ul>\n<li><em>Ein Tipp f\u00fcr euch:<\/em> am besten schaut ihr auf Sentres, welche Wanderung zu\/von\/an eurem Gasthof f\u00fchrt. Die S\u00fcdtiroler Outdoor-Aktivit\u00e4ten Website ist besonders hilfreich. So k\u00f6nnt ihr eure Wanderung\/Spaziergang einfach planen.<\/li>\n<\/ul>\n<img loading=\"lazy\" class=\"alignnone size-full wp-image-40957\" src=\"https:\/\/thegoldenbun.com\/wp-content\/uploads\/2018\/10\/t\u00f6rggelen-eisacktal-feldthurns-t\u00f6rggelen-schnauders-obermoserhof-8.jpg\" alt=\"t\u00f6rggelen eisacktal feldthurns t\u00f6rggelen schnauders obermoserhof\" width=\"1500\" height=\"1000\" srcset=\"https:\/\/thegoldenbun.com\/wp-content\/uploads\/2018\/10\/t\u00f6rggelen-eisacktal-feldthurns-t\u00f6rggelen-schnauders-obermoserhof-8.jpg 1500w, https:\/\/thegoldenbun.com\/wp-content\/uploads\/2018\/10\/t\u00f6rggelen-eisacktal-feldthurns-t\u00f6rggelen-schnauders-obermoserhof-8-350x233.jpg 350w, https:\/\/thegoldenbun.com\/wp-content\/uploads\/2018\/10\/t\u00f6rggelen-eisacktal-feldthurns-t\u00f6rggelen-schnauders-obermoserhof-8-800x533.jpg 800w, https:\/\/thegoldenbun.com\/wp-content\/uploads\/2018\/10\/t\u00f6rggelen-eisacktal-feldthurns-t\u00f6rggelen-schnauders-obermoserhof-8-768x512.jpg 768w, https:\/\/thegoldenbun.com\/wp-content\/uploads\/2018\/10\/t\u00f6rggelen-eisacktal-feldthurns-t\u00f6rggelen-schnauders-obermoserhof-8-24x16.jpg 24w, https:\/\/thegoldenbun.com\/wp-content\/uploads\/2018\/10\/t\u00f6rggelen-eisacktal-feldthurns-t\u00f6rggelen-schnauders-obermoserhof-8-36x24.jpg 36w, https:\/\/thegoldenbun.com\/wp-content\/uploads\/2018\/10\/t\u00f6rggelen-eisacktal-feldthurns-t\u00f6rggelen-schnauders-obermoserhof-8-48x32.jpg 48w, https:\/\/thegoldenbun.com\/wp-content\/uploads\/2018\/10\/t\u00f6rggelen-eisacktal-feldthurns-t\u00f6rggelen-schnauders-obermoserhof-8-1200x800.jpg 1200w\" sizes=\"(max-width: 1500px) 100vw, 1500px\" \/>\n<div class=\"tgb_left\"><img loading=\"lazy\" class=\"alignnone size-full wp-image-40955\" src=\"https:\/\/thegoldenbun.com\/wp-content\/uploads\/2018\/10\/t\u00f6rggelen-eisacktal-feldthurns-t\u00f6rggelen-schnauders-obermoserhof-6.jpg\" alt=\"t\u00f6rggelen eisacktal feldthurns t\u00f6rggelen schnauders obermoserhof\" width=\"1000\" height=\"1500\" srcset=\"https:\/\/thegoldenbun.com\/wp-content\/uploads\/2018\/10\/t\u00f6rggelen-eisacktal-feldthurns-t\u00f6rggelen-schnauders-obermoserhof-6.jpg 1000w, https:\/\/thegoldenbun.com\/wp-content\/uploads\/2018\/10\/t\u00f6rggelen-eisacktal-feldthurns-t\u00f6rggelen-schnauders-obermoserhof-6-233x350.jpg 233w, https:\/\/thegoldenbun.com\/wp-content\/uploads\/2018\/10\/t\u00f6rggelen-eisacktal-feldthurns-t\u00f6rggelen-schnauders-obermoserhof-6-683x1024.jpg 683w, https:\/\/thegoldenbun.com\/wp-content\/uploads\/2018\/10\/t\u00f6rggelen-eisacktal-feldthurns-t\u00f6rggelen-schnauders-obermoserhof-6-768x1152.jpg 768w, https:\/\/thegoldenbun.com\/wp-content\/uploads\/2018\/10\/t\u00f6rggelen-eisacktal-feldthurns-t\u00f6rggelen-schnauders-obermoserhof-6-16x24.jpg 16w, https:\/\/thegoldenbun.com\/wp-content\/uploads\/2018\/10\/t\u00f6rggelen-eisacktal-feldthurns-t\u00f6rggelen-schnauders-obermoserhof-6-24x36.jpg 24w, https:\/\/thegoldenbun.com\/wp-content\/uploads\/2018\/10\/t\u00f6rggelen-eisacktal-feldthurns-t\u00f6rggelen-schnauders-obermoserhof-6-32x48.jpg 32w\" sizes=\"(max-width: 1000px) 100vw, 1000px\" \/><\/div>\n<div class=\"tgb_right\"><img loading=\"lazy\" class=\"alignnone size-full wp-image-40956\" src=\"https:\/\/thegoldenbun.com\/wp-content\/uploads\/2018\/10\/t\u00f6rggelen-eisacktal-feldthurns-t\u00f6rggelen-schnauders-obermoserhof-7.jpg\" alt=\"t\u00f6rggelen eisacktal feldthurns t\u00f6rggelen schnauders obermoserhof\" width=\"1000\" height=\"1500\" srcset=\"https:\/\/thegoldenbun.com\/wp-content\/uploads\/2018\/10\/t\u00f6rggelen-eisacktal-feldthurns-t\u00f6rggelen-schnauders-obermoserhof-7.jpg 1000w, https:\/\/thegoldenbun.com\/wp-content\/uploads\/2018\/10\/t\u00f6rggelen-eisacktal-feldthurns-t\u00f6rggelen-schnauders-obermoserhof-7-233x350.jpg 233w, https:\/\/thegoldenbun.com\/wp-content\/uploads\/2018\/10\/t\u00f6rggelen-eisacktal-feldthurns-t\u00f6rggelen-schnauders-obermoserhof-7-683x1024.jpg 683w, https:\/\/thegoldenbun.com\/wp-content\/uploads\/2018\/10\/t\u00f6rggelen-eisacktal-feldthurns-t\u00f6rggelen-schnauders-obermoserhof-7-768x1152.jpg 768w, https:\/\/thegoldenbun.com\/wp-content\/uploads\/2018\/10\/t\u00f6rggelen-eisacktal-feldthurns-t\u00f6rggelen-schnauders-obermoserhof-7-16x24.jpg 16w, https:\/\/thegoldenbun.com\/wp-content\/uploads\/2018\/10\/t\u00f6rggelen-eisacktal-feldthurns-t\u00f6rggelen-schnauders-obermoserhof-7-24x36.jpg 24w, https:\/\/thegoldenbun.com\/wp-content\/uploads\/2018\/10\/t\u00f6rggelen-eisacktal-feldthurns-t\u00f6rggelen-schnauders-obermoserhof-7-32x48.jpg 32w\" sizes=\"(max-width: 1000px) 100vw, 1000px\" \/><\/div>\n<img loading=\"lazy\" class=\"alignnone size-full wp-image-40954\" src=\"https:\/\/thegoldenbun.com\/wp-content\/uploads\/2018\/10\/t\u00f6rggelen-eisacktal-feldthurns-t\u00f6rggelen-schnauders-obermoserhof-5.jpg\" alt=\"t\u00f6rggelen eisacktal feldthurns t\u00f6rggelen schnauders obermoserhof\" width=\"1500\" height=\"1000\" srcset=\"https:\/\/thegoldenbun.com\/wp-content\/uploads\/2018\/10\/t\u00f6rggelen-eisacktal-feldthurns-t\u00f6rggelen-schnauders-obermoserhof-5.jpg 1500w, https:\/\/thegoldenbun.com\/wp-content\/uploads\/2018\/10\/t\u00f6rggelen-eisacktal-feldthurns-t\u00f6rggelen-schnauders-obermoserhof-5-350x233.jpg 350w, https:\/\/thegoldenbun.com\/wp-content\/uploads\/2018\/10\/t\u00f6rggelen-eisacktal-feldthurns-t\u00f6rggelen-schnauders-obermoserhof-5-800x533.jpg 800w, https:\/\/thegoldenbun.com\/wp-content\/uploads\/2018\/10\/t\u00f6rggelen-eisacktal-feldthurns-t\u00f6rggelen-schnauders-obermoserhof-5-768x512.jpg 768w, https:\/\/thegoldenbun.com\/wp-content\/uploads\/2018\/10\/t\u00f6rggelen-eisacktal-feldthurns-t\u00f6rggelen-schnauders-obermoserhof-5-24x16.jpg 24w, https:\/\/thegoldenbun.com\/wp-content\/uploads\/2018\/10\/t\u00f6rggelen-eisacktal-feldthurns-t\u00f6rggelen-schnauders-obermoserhof-5-36x24.jpg 36w, https:\/\/thegoldenbun.com\/wp-content\/uploads\/2018\/10\/t\u00f6rggelen-eisacktal-feldthurns-t\u00f6rggelen-schnauders-obermoserhof-5-48x32.jpg 48w, https:\/\/thegoldenbun.com\/wp-content\/uploads\/2018\/10\/t\u00f6rggelen-eisacktal-feldthurns-t\u00f6rggelen-schnauders-obermoserhof-5-1200x800.jpg 1200w\" sizes=\"(max-width: 1500px) 100vw, 1500px\" \/>\n<div class=\"tgb_left\"><img loading=\"lazy\" class=\"alignnone size-full wp-image-40958\" src=\"https:\/\/thegoldenbun.com\/wp-content\/uploads\/2018\/10\/t\u00f6rggelen-eisacktal-feldthurns-t\u00f6rggelen-schnauders-obermoserhof-9.jpg\" alt=\"t\u00f6rggelen eisacktal feldthurns t\u00f6rggelen schnauders obermoserhof\" width=\"1000\" height=\"1500\" srcset=\"https:\/\/thegoldenbun.com\/wp-content\/uploads\/2018\/10\/t\u00f6rggelen-eisacktal-feldthurns-t\u00f6rggelen-schnauders-obermoserhof-9.jpg 1000w, https:\/\/thegoldenbun.com\/wp-content\/uploads\/2018\/10\/t\u00f6rggelen-eisacktal-feldthurns-t\u00f6rggelen-schnauders-obermoserhof-9-233x350.jpg 233w, https:\/\/thegoldenbun.com\/wp-content\/uploads\/2018\/10\/t\u00f6rggelen-eisacktal-feldthurns-t\u00f6rggelen-schnauders-obermoserhof-9-683x1024.jpg 683w, https:\/\/thegoldenbun.com\/wp-content\/uploads\/2018\/10\/t\u00f6rggelen-eisacktal-feldthurns-t\u00f6rggelen-schnauders-obermoserhof-9-768x1152.jpg 768w, https:\/\/thegoldenbun.com\/wp-content\/uploads\/2018\/10\/t\u00f6rggelen-eisacktal-feldthurns-t\u00f6rggelen-schnauders-obermoserhof-9-16x24.jpg 16w, https:\/\/thegoldenbun.com\/wp-content\/uploads\/2018\/10\/t\u00f6rggelen-eisacktal-feldthurns-t\u00f6rggelen-schnauders-obermoserhof-9-24x36.jpg 24w, https:\/\/thegoldenbun.com\/wp-content\/uploads\/2018\/10\/t\u00f6rggelen-eisacktal-feldthurns-t\u00f6rggelen-schnauders-obermoserhof-9-32x48.jpg 32w\" sizes=\"(max-width: 1000px) 100vw, 1000px\" \/><\/div>\n<div class=\"tgb_right\"><img loading=\"lazy\" class=\"alignnone size-full wp-image-40959\" src=\"https:\/\/thegoldenbun.com\/wp-content\/uploads\/2018\/10\/t\u00f6rggelen-eisacktal-feldthurns-t\u00f6rggelen-schnauders-obermoserhof-10.jpg\" alt=\"t\u00f6rggelen eisacktal feldthurns t\u00f6rggelen schnauders obermoserhof\" width=\"1000\" height=\"1500\" srcset=\"https:\/\/thegoldenbun.com\/wp-content\/uploads\/2018\/10\/t\u00f6rggelen-eisacktal-feldthurns-t\u00f6rggelen-schnauders-obermoserhof-10.jpg 1000w, https:\/\/thegoldenbun.com\/wp-content\/uploads\/2018\/10\/t\u00f6rggelen-eisacktal-feldthurns-t\u00f6rggelen-schnauders-obermoserhof-10-233x350.jpg 233w, https:\/\/thegoldenbun.com\/wp-content\/uploads\/2018\/10\/t\u00f6rggelen-eisacktal-feldthurns-t\u00f6rggelen-schnauders-obermoserhof-10-683x1024.jpg 683w, https:\/\/thegoldenbun.com\/wp-content\/uploads\/2018\/10\/t\u00f6rggelen-eisacktal-feldthurns-t\u00f6rggelen-schnauders-obermoserhof-10-768x1152.jpg 768w, https:\/\/thegoldenbun.com\/wp-content\/uploads\/2018\/10\/t\u00f6rggelen-eisacktal-feldthurns-t\u00f6rggelen-schnauders-obermoserhof-10-16x24.jpg 16w, https:\/\/thegoldenbun.com\/wp-content\/uploads\/2018\/10\/t\u00f6rggelen-eisacktal-feldthurns-t\u00f6rggelen-schnauders-obermoserhof-10-24x36.jpg 24w, https:\/\/thegoldenbun.com\/wp-content\/uploads\/2018\/10\/t\u00f6rggelen-eisacktal-feldthurns-t\u00f6rggelen-schnauders-obermoserhof-10-32x48.jpg 32w\" sizes=\"(max-width: 1000px) 100vw, 1000px\" \/><\/div>\n<img loading=\"lazy\" class=\"alignnone size-full wp-image-40960\" src=\"https:\/\/thegoldenbun.com\/wp-content\/uploads\/2018\/10\/t\u00f6rggelen-eisacktal-feldthurns-t\u00f6rggelen-schnauders-obermoserhof-11.jpg\" alt=\"t\u00f6rggelen eisacktal feldthurns t\u00f6rggelen schnauders obermoserhof\" width=\"1500\" height=\"1000\" srcset=\"https:\/\/thegoldenbun.com\/wp-content\/uploads\/2018\/10\/t\u00f6rggelen-eisacktal-feldthurns-t\u00f6rggelen-schnauders-obermoserhof-11.jpg 1500w, https:\/\/thegoldenbun.com\/wp-content\/uploads\/2018\/10\/t\u00f6rggelen-eisacktal-feldthurns-t\u00f6rggelen-schnauders-obermoserhof-11-350x233.jpg 350w, https:\/\/thegoldenbun.com\/wp-content\/uploads\/2018\/10\/t\u00f6rggelen-eisacktal-feldthurns-t\u00f6rggelen-schnauders-obermoserhof-11-800x533.jpg 800w, https:\/\/thegoldenbun.com\/wp-content\/uploads\/2018\/10\/t\u00f6rggelen-eisacktal-feldthurns-t\u00f6rggelen-schnauders-obermoserhof-11-768x512.jpg 768w, https:\/\/thegoldenbun.com\/wp-content\/uploads\/2018\/10\/t\u00f6rggelen-eisacktal-feldthurns-t\u00f6rggelen-schnauders-obermoserhof-11-24x16.jpg 24w, https:\/\/thegoldenbun.com\/wp-content\/uploads\/2018\/10\/t\u00f6rggelen-eisacktal-feldthurns-t\u00f6rggelen-schnauders-obermoserhof-11-36x24.jpg 36w, https:\/\/thegoldenbun.com\/wp-content\/uploads\/2018\/10\/t\u00f6rggelen-eisacktal-feldthurns-t\u00f6rggelen-schnauders-obermoserhof-11-48x32.jpg 48w, https:\/\/thegoldenbun.com\/wp-content\/uploads\/2018\/10\/t\u00f6rggelen-eisacktal-feldthurns-t\u00f6rggelen-schnauders-obermoserhof-11-1200x800.jpg 1200w\" sizes=\"(max-width: 1500px) 100vw, 1500px\" \/>\n<div class=\"tgb_left\"><img loading=\"lazy\" class=\"alignnone size-full wp-image-40961\" src=\"https:\/\/thegoldenbun.com\/wp-content\/uploads\/2018\/10\/t\u00f6rggelen-eisacktal-feldthurns-t\u00f6rggelen-schnauders-obermoserhof-12.jpg\" alt=\"t\u00f6rggelen eisacktal feldthurns t\u00f6rggelen schnauders obermoserhof\" width=\"1000\" height=\"1500\" srcset=\"https:\/\/thegoldenbun.com\/wp-content\/uploads\/2018\/10\/t\u00f6rggelen-eisacktal-feldthurns-t\u00f6rggelen-schnauders-obermoserhof-12.jpg 1000w, https:\/\/thegoldenbun.com\/wp-content\/uploads\/2018\/10\/t\u00f6rggelen-eisacktal-feldthurns-t\u00f6rggelen-schnauders-obermoserhof-12-233x350.jpg 233w, https:\/\/thegoldenbun.com\/wp-content\/uploads\/2018\/10\/t\u00f6rggelen-eisacktal-feldthurns-t\u00f6rggelen-schnauders-obermoserhof-12-683x1024.jpg 683w, https:\/\/thegoldenbun.com\/wp-content\/uploads\/2018\/10\/t\u00f6rggelen-eisacktal-feldthurns-t\u00f6rggelen-schnauders-obermoserhof-12-768x1152.jpg 768w, https:\/\/thegoldenbun.com\/wp-content\/uploads\/2018\/10\/t\u00f6rggelen-eisacktal-feldthurns-t\u00f6rggelen-schnauders-obermoserhof-12-16x24.jpg 16w, https:\/\/thegoldenbun.com\/wp-content\/uploads\/2018\/10\/t\u00f6rggelen-eisacktal-feldthurns-t\u00f6rggelen-schnauders-obermoserhof-12-24x36.jpg 24w, https:\/\/thegoldenbun.com\/wp-content\/uploads\/2018\/10\/t\u00f6rggelen-eisacktal-feldthurns-t\u00f6rggelen-schnauders-obermoserhof-12-32x48.jpg 32w\" sizes=\"(max-width: 1000px) 100vw, 1000px\" \/><\/div>\n<div class=\"tgb_right\"><img loading=\"lazy\" class=\"alignnone size-full wp-image-40962\" src=\"https:\/\/thegoldenbun.com\/wp-content\/uploads\/2018\/10\/t\u00f6rggelen-eisacktal-feldthurns-t\u00f6rggelen-schnauders-obermoserhof-13.jpg\" alt=\"t\u00f6rggelen eisacktal feldthurns t\u00f6rggelen schnauders obermoserhof\" width=\"1000\" height=\"1500\" srcset=\"https:\/\/thegoldenbun.com\/wp-content\/uploads\/2018\/10\/t\u00f6rggelen-eisacktal-feldthurns-t\u00f6rggelen-schnauders-obermoserhof-13.jpg 1000w, https:\/\/thegoldenbun.com\/wp-content\/uploads\/2018\/10\/t\u00f6rggelen-eisacktal-feldthurns-t\u00f6rggelen-schnauders-obermoserhof-13-233x350.jpg 233w, https:\/\/thegoldenbun.com\/wp-content\/uploads\/2018\/10\/t\u00f6rggelen-eisacktal-feldthurns-t\u00f6rggelen-schnauders-obermoserhof-13-683x1024.jpg 683w, https:\/\/thegoldenbun.com\/wp-content\/uploads\/2018\/10\/t\u00f6rggelen-eisacktal-feldthurns-t\u00f6rggelen-schnauders-obermoserhof-13-768x1152.jpg 768w, https:\/\/thegoldenbun.com\/wp-content\/uploads\/2018\/10\/t\u00f6rggelen-eisacktal-feldthurns-t\u00f6rggelen-schnauders-obermoserhof-13-16x24.jpg 16w, https:\/\/thegoldenbun.com\/wp-content\/uploads\/2018\/10\/t\u00f6rggelen-eisacktal-feldthurns-t\u00f6rggelen-schnauders-obermoserhof-13-24x36.jpg 24w, https:\/\/thegoldenbun.com\/wp-content\/uploads\/2018\/10\/t\u00f6rggelen-eisacktal-feldthurns-t\u00f6rggelen-schnauders-obermoserhof-13-32x48.jpg 32w\" sizes=\"(max-width: 1000px) 100vw, 1000px\" \/><\/div>\n<img loading=\"lazy\" class=\"alignnone size-full wp-image-40963\" src=\"https:\/\/thegoldenbun.com\/wp-content\/uploads\/2018\/10\/t\u00f6rggelen-eisacktal-feldthurns-t\u00f6rggelen-schnauders-obermoserhof-14.jpg\" alt=\"t\u00f6rggelen eisacktal feldthurns t\u00f6rggelen schnauders obermoserhof\" width=\"1500\" height=\"1000\" srcset=\"https:\/\/thegoldenbun.com\/wp-content\/uploads\/2018\/10\/t\u00f6rggelen-eisacktal-feldthurns-t\u00f6rggelen-schnauders-obermoserhof-14.jpg 1500w, https:\/\/thegoldenbun.com\/wp-content\/uploads\/2018\/10\/t\u00f6rggelen-eisacktal-feldthurns-t\u00f6rggelen-schnauders-obermoserhof-14-350x233.jpg 350w, https:\/\/thegoldenbun.com\/wp-content\/uploads\/2018\/10\/t\u00f6rggelen-eisacktal-feldthurns-t\u00f6rggelen-schnauders-obermoserhof-14-800x533.jpg 800w, https:\/\/thegoldenbun.com\/wp-content\/uploads\/2018\/10\/t\u00f6rggelen-eisacktal-feldthurns-t\u00f6rggelen-schnauders-obermoserhof-14-768x512.jpg 768w, https:\/\/thegoldenbun.com\/wp-content\/uploads\/2018\/10\/t\u00f6rggelen-eisacktal-feldthurns-t\u00f6rggelen-schnauders-obermoserhof-14-24x16.jpg 24w, https:\/\/thegoldenbun.com\/wp-content\/uploads\/2018\/10\/t\u00f6rggelen-eisacktal-feldthurns-t\u00f6rggelen-schnauders-obermoserhof-14-36x24.jpg 36w, https:\/\/thegoldenbun.com\/wp-content\/uploads\/2018\/10\/t\u00f6rggelen-eisacktal-feldthurns-t\u00f6rggelen-schnauders-obermoserhof-14-48x32.jpg 48w, https:\/\/thegoldenbun.com\/wp-content\/uploads\/2018\/10\/t\u00f6rggelen-eisacktal-feldthurns-t\u00f6rggelen-schnauders-obermoserhof-14-1200x800.jpg 1200w\" sizes=\"(max-width: 1500px) 100vw, 1500px\" \/>\n<img loading=\"lazy\" class=\"alignnone size-full wp-image-40964\" src=\"https:\/\/thegoldenbun.com\/wp-content\/uploads\/2018\/10\/t\u00f6rggelen-eisacktal-feldthurns-t\u00f6rggelen-schnauders-obermoserhof-15.jpg\" alt=\"t\u00f6rggelen eisacktal feldthurns t\u00f6rggelen schnauders obermoserhof\" width=\"1500\" height=\"1000\" srcset=\"https:\/\/thegoldenbun.com\/wp-content\/uploads\/2018\/10\/t\u00f6rggelen-eisacktal-feldthurns-t\u00f6rggelen-schnauders-obermoserhof-15.jpg 1500w, https:\/\/thegoldenbun.com\/wp-content\/uploads\/2018\/10\/t\u00f6rggelen-eisacktal-feldthurns-t\u00f6rggelen-schnauders-obermoserhof-15-350x233.jpg 350w, https:\/\/thegoldenbun.com\/wp-content\/uploads\/2018\/10\/t\u00f6rggelen-eisacktal-feldthurns-t\u00f6rggelen-schnauders-obermoserhof-15-800x533.jpg 800w, https:\/\/thegoldenbun.com\/wp-content\/uploads\/2018\/10\/t\u00f6rggelen-eisacktal-feldthurns-t\u00f6rggelen-schnauders-obermoserhof-15-768x512.jpg 768w, https:\/\/thegoldenbun.com\/wp-content\/uploads\/2018\/10\/t\u00f6rggelen-eisacktal-feldthurns-t\u00f6rggelen-schnauders-obermoserhof-15-24x16.jpg 24w, https:\/\/thegoldenbun.com\/wp-content\/uploads\/2018\/10\/t\u00f6rggelen-eisacktal-feldthurns-t\u00f6rggelen-schnauders-obermoserhof-15-36x24.jpg 36w, https:\/\/thegoldenbun.com\/wp-content\/uploads\/2018\/10\/t\u00f6rggelen-eisacktal-feldthurns-t\u00f6rggelen-schnauders-obermoserhof-15-48x32.jpg 48w, https:\/\/thegoldenbun.com\/wp-content\/uploads\/2018\/10\/t\u00f6rggelen-eisacktal-feldthurns-t\u00f6rggelen-schnauders-obermoserhof-15-1200x800.jpg 1200w\" sizes=\"(max-width: 1500px) 100vw, 1500px\" \/>\n<p>Der Nachmittag war so sch\u00f6n, dass wir im Anschluss im Obermoserhof noch auf der Terrasse die letzten Sonnenstrahlen bei einer S\u00fcdtiroler Marend mit Speck, selbstgemachten K\u00e4se und Wein genie\u00dfen konnten.<\/p>\n<img loading=\"lazy\" class=\"alignnone size-full wp-image-40965\" src=\"https:\/\/thegoldenbun.com\/wp-content\/uploads\/2018\/10\/t\u00f6rggelen-eisacktal-feldthurns-t\u00f6rggelen-schnauders-obermoserhof-16.jpg\" alt=\"t\u00f6rggelen eisacktal feldthurns t\u00f6rggelen schnauders obermoserhof\" width=\"1000\" height=\"1500\" srcset=\"https:\/\/thegoldenbun.com\/wp-content\/uploads\/2018\/10\/t\u00f6rggelen-eisacktal-feldthurns-t\u00f6rggelen-schnauders-obermoserhof-16.jpg 1000w, https:\/\/thegoldenbun.com\/wp-content\/uploads\/2018\/10\/t\u00f6rggelen-eisacktal-feldthurns-t\u00f6rggelen-schnauders-obermoserhof-16-233x350.jpg 233w, https:\/\/thegoldenbun.com\/wp-content\/uploads\/2018\/10\/t\u00f6rggelen-eisacktal-feldthurns-t\u00f6rggelen-schnauders-obermoserhof-16-683x1024.jpg 683w, https:\/\/thegoldenbun.com\/wp-content\/uploads\/2018\/10\/t\u00f6rggelen-eisacktal-feldthurns-t\u00f6rggelen-schnauders-obermoserhof-16-768x1152.jpg 768w, https:\/\/thegoldenbun.com\/wp-content\/uploads\/2018\/10\/t\u00f6rggelen-eisacktal-feldthurns-t\u00f6rggelen-schnauders-obermoserhof-16-16x24.jpg 16w, https:\/\/thegoldenbun.com\/wp-content\/uploads\/2018\/10\/t\u00f6rggelen-eisacktal-feldthurns-t\u00f6rggelen-schnauders-obermoserhof-16-24x36.jpg 24w, https:\/\/thegoldenbun.com\/wp-content\/uploads\/2018\/10\/t\u00f6rggelen-eisacktal-feldthurns-t\u00f6rggelen-schnauders-obermoserhof-16-32x48.jpg 32w\" sizes=\"(max-width: 1000px) 100vw, 1000px\" \/>\n<img loading=\"lazy\" class=\"alignnone size-full wp-image-40966\" src=\"https:\/\/thegoldenbun.com\/wp-content\/uploads\/2018\/10\/t\u00f6rggelen-eisacktal-feldthurns-t\u00f6rggelen-schnauders-obermoserhof-17.jpg\" alt=\"t\u00f6rggelen eisacktal feldthurns t\u00f6rggelen schnauders obermoserhof\" width=\"1500\" height=\"1000\" srcset=\"https:\/\/thegoldenbun.com\/wp-content\/uploads\/2018\/10\/t\u00f6rggelen-eisacktal-feldthurns-t\u00f6rggelen-schnauders-obermoserhof-17.jpg 1500w, https:\/\/thegoldenbun.com\/wp-content\/uploads\/2018\/10\/t\u00f6rggelen-eisacktal-feldthurns-t\u00f6rggelen-schnauders-obermoserhof-17-350x233.jpg 350w, https:\/\/thegoldenbun.com\/wp-content\/uploads\/2018\/10\/t\u00f6rggelen-eisacktal-feldthurns-t\u00f6rggelen-schnauders-obermoserhof-17-800x533.jpg 800w, https:\/\/thegoldenbun.com\/wp-content\/uploads\/2018\/10\/t\u00f6rggelen-eisacktal-feldthurns-t\u00f6rggelen-schnauders-obermoserhof-17-768x512.jpg 768w, https:\/\/thegoldenbun.com\/wp-content\/uploads\/2018\/10\/t\u00f6rggelen-eisacktal-feldthurns-t\u00f6rggelen-schnauders-obermoserhof-17-24x16.jpg 24w, https:\/\/thegoldenbun.com\/wp-content\/uploads\/2018\/10\/t\u00f6rggelen-eisacktal-feldthurns-t\u00f6rggelen-schnauders-obermoserhof-17-36x24.jpg 36w, https:\/\/thegoldenbun.com\/wp-content\/uploads\/2018\/10\/t\u00f6rggelen-eisacktal-feldthurns-t\u00f6rggelen-schnauders-obermoserhof-17-48x32.jpg 48w, https:\/\/thegoldenbun.com\/wp-content\/uploads\/2018\/10\/t\u00f6rggelen-eisacktal-feldthurns-t\u00f6rggelen-schnauders-obermoserhof-17-1200x800.jpg 1200w\" sizes=\"(max-width: 1500px) 100vw, 1500px\" \/>\n<h1><em>Was <span style=\"text-decoration: underline;\">isst<\/span> man beim<\/em> <strong>T\u00d6RGGELEN?<\/strong><\/h1>\n<p>Traditionell wird S\u00fcdtiroler Hausmannskost serviert. Ein klassisches T\u00f6rggele-Menu besteht aus einer <strong>Gerschtsuppe<\/strong>, <strong>Schlutzkrapfen<\/strong> oder ein <strong>Kn\u00f6deltris<\/strong> als Vorspeise. Der Hauptgang besteht aus einer <strong>Schlachtplatte<\/strong> mit Sauerkraut, Surfleisch, Rippelen, Haus- und Blutwurst. Den s\u00fc\u00dfen Abschluss machen <strong>Krapfen<\/strong> und nat\u00fcrlich <strong>ger\u00f6stete Kastanien<\/strong>. Der Verdauungsschnaps am Ende wird meistens vom Wirt h\u00f6chstpers\u00f6nlich serviert. In vielen T\u00f6rggele-Lokalen ist au\u00dferdem auch f\u00fcr musikalische Begleitung auf der Ziehharmonika gesorgt. T\u00f6rggelen ist jedes Jahr wieder \u201ea Gaudi\u201c.<\/p>\n<img loading=\"lazy\" class=\"alignnone size-full wp-image-40967\" src=\"https:\/\/thegoldenbun.com\/wp-content\/uploads\/2018\/10\/t\u00f6rggelen-eisacktal-feldthurns-t\u00f6rggelen-schnauders-obermoserhof-18.jpg\" alt=\"t\u00f6rggelen eisacktal feldthurns t\u00f6rggelen schnauders obermoserhof\" width=\"1500\" height=\"1000\" srcset=\"https:\/\/thegoldenbun.com\/wp-content\/uploads\/2018\/10\/t\u00f6rggelen-eisacktal-feldthurns-t\u00f6rggelen-schnauders-obermoserhof-18.jpg 1500w, https:\/\/thegoldenbun.com\/wp-content\/uploads\/2018\/10\/t\u00f6rggelen-eisacktal-feldthurns-t\u00f6rggelen-schnauders-obermoserhof-18-350x233.jpg 350w, https:\/\/thegoldenbun.com\/wp-content\/uploads\/2018\/10\/t\u00f6rggelen-eisacktal-feldthurns-t\u00f6rggelen-schnauders-obermoserhof-18-800x533.jpg 800w, https:\/\/thegoldenbun.com\/wp-content\/uploads\/2018\/10\/t\u00f6rggelen-eisacktal-feldthurns-t\u00f6rggelen-schnauders-obermoserhof-18-768x512.jpg 768w, https:\/\/thegoldenbun.com\/wp-content\/uploads\/2018\/10\/t\u00f6rggelen-eisacktal-feldthurns-t\u00f6rggelen-schnauders-obermoserhof-18-24x16.jpg 24w, https:\/\/thegoldenbun.com\/wp-content\/uploads\/2018\/10\/t\u00f6rggelen-eisacktal-feldthurns-t\u00f6rggelen-schnauders-obermoserhof-18-36x24.jpg 36w, https:\/\/thegoldenbun.com\/wp-content\/uploads\/2018\/10\/t\u00f6rggelen-eisacktal-feldthurns-t\u00f6rggelen-schnauders-obermoserhof-18-48x32.jpg 48w, https:\/\/thegoldenbun.com\/wp-content\/uploads\/2018\/10\/t\u00f6rggelen-eisacktal-feldthurns-t\u00f6rggelen-schnauders-obermoserhof-18-1200x800.jpg 1200w\" sizes=\"(max-width: 1500px) 100vw, 1500px\" \/>\n<img loading=\"lazy\" class=\"alignnone size-full wp-image-40968\" src=\"https:\/\/thegoldenbun.com\/wp-content\/uploads\/2018\/10\/t\u00f6rggelen-eisacktal-feldthurns-t\u00f6rggelen-schnauders-obermoserhof-19.jpg\" alt=\"t\u00f6rggelen eisacktal feldthurns t\u00f6rggelen schnauders obermoserhof\" width=\"1500\" height=\"1000\" srcset=\"https:\/\/thegoldenbun.com\/wp-content\/uploads\/2018\/10\/t\u00f6rggelen-eisacktal-feldthurns-t\u00f6rggelen-schnauders-obermoserhof-19.jpg 1500w, https:\/\/thegoldenbun.com\/wp-content\/uploads\/2018\/10\/t\u00f6rggelen-eisacktal-feldthurns-t\u00f6rggelen-schnauders-obermoserhof-19-350x233.jpg 350w, https:\/\/thegoldenbun.com\/wp-content\/uploads\/2018\/10\/t\u00f6rggelen-eisacktal-feldthurns-t\u00f6rggelen-schnauders-obermoserhof-19-800x533.jpg 800w, https:\/\/thegoldenbun.com\/wp-content\/uploads\/2018\/10\/t\u00f6rggelen-eisacktal-feldthurns-t\u00f6rggelen-schnauders-obermoserhof-19-768x512.jpg 768w, https:\/\/thegoldenbun.com\/wp-content\/uploads\/2018\/10\/t\u00f6rggelen-eisacktal-feldthurns-t\u00f6rggelen-schnauders-obermoserhof-19-24x16.jpg 24w, https:\/\/thegoldenbun.com\/wp-content\/uploads\/2018\/10\/t\u00f6rggelen-eisacktal-feldthurns-t\u00f6rggelen-schnauders-obermoserhof-19-36x24.jpg 36w, https:\/\/thegoldenbun.com\/wp-content\/uploads\/2018\/10\/t\u00f6rggelen-eisacktal-feldthurns-t\u00f6rggelen-schnauders-obermoserhof-19-48x32.jpg 48w, https:\/\/thegoldenbun.com\/wp-content\/uploads\/2018\/10\/t\u00f6rggelen-eisacktal-feldthurns-t\u00f6rggelen-schnauders-obermoserhof-19-1200x800.jpg 1200w\" sizes=\"(max-width: 1500px) 100vw, 1500px\" \/>\n<div class=\"tgb_left\"><img loading=\"lazy\" class=\"alignnone size-full wp-image-40969\" src=\"https:\/\/thegoldenbun.com\/wp-content\/uploads\/2018\/10\/t\u00f6rggelen-eisacktal-feldthurns-t\u00f6rggelen-schnauders-obermoserhof-20.jpg\" alt=\"t\u00f6rggelen eisacktal feldthurns t\u00f6rggelen schnauders obermoserhof\" width=\"1000\" height=\"1500\" srcset=\"https:\/\/thegoldenbun.com\/wp-content\/uploads\/2018\/10\/t\u00f6rggelen-eisacktal-feldthurns-t\u00f6rggelen-schnauders-obermoserhof-20.jpg 1000w, https:\/\/thegoldenbun.com\/wp-content\/uploads\/2018\/10\/t\u00f6rggelen-eisacktal-feldthurns-t\u00f6rggelen-schnauders-obermoserhof-20-233x350.jpg 233w, https:\/\/thegoldenbun.com\/wp-content\/uploads\/2018\/10\/t\u00f6rggelen-eisacktal-feldthurns-t\u00f6rggelen-schnauders-obermoserhof-20-683x1024.jpg 683w, https:\/\/thegoldenbun.com\/wp-content\/uploads\/2018\/10\/t\u00f6rggelen-eisacktal-feldthurns-t\u00f6rggelen-schnauders-obermoserhof-20-768x1152.jpg 768w, https:\/\/thegoldenbun.com\/wp-content\/uploads\/2018\/10\/t\u00f6rggelen-eisacktal-feldthurns-t\u00f6rggelen-schnauders-obermoserhof-20-16x24.jpg 16w, https:\/\/thegoldenbun.com\/wp-content\/uploads\/2018\/10\/t\u00f6rggelen-eisacktal-feldthurns-t\u00f6rggelen-schnauders-obermoserhof-20-24x36.jpg 24w, https:\/\/thegoldenbun.com\/wp-content\/uploads\/2018\/10\/t\u00f6rggelen-eisacktal-feldthurns-t\u00f6rggelen-schnauders-obermoserhof-20-32x48.jpg 32w\" sizes=\"(max-width: 1000px) 100vw, 1000px\" \/><\/div>\n<div class=\"tgb_right\"><img loading=\"lazy\" class=\"alignnone size-full wp-image-40970\" src=\"https:\/\/thegoldenbun.com\/wp-content\/uploads\/2018\/10\/t\u00f6rggelen-eisacktal-feldthurns-t\u00f6rggelen-schnauders-obermoserhof-21.jpg\" alt=\"t\u00f6rggelen eisacktal feldthurns t\u00f6rggelen schnauders obermoserhof\" width=\"1000\" height=\"1500\" srcset=\"https:\/\/thegoldenbun.com\/wp-content\/uploads\/2018\/10\/t\u00f6rggelen-eisacktal-feldthurns-t\u00f6rggelen-schnauders-obermoserhof-21.jpg 1000w, https:\/\/thegoldenbun.com\/wp-content\/uploads\/2018\/10\/t\u00f6rggelen-eisacktal-feldthurns-t\u00f6rggelen-schnauders-obermoserhof-21-233x350.jpg 233w, https:\/\/thegoldenbun.com\/wp-content\/uploads\/2018\/10\/t\u00f6rggelen-eisacktal-feldthurns-t\u00f6rggelen-schnauders-obermoserhof-21-683x1024.jpg 683w, https:\/\/thegoldenbun.com\/wp-content\/uploads\/2018\/10\/t\u00f6rggelen-eisacktal-feldthurns-t\u00f6rggelen-schnauders-obermoserhof-21-768x1152.jpg 768w, https:\/\/thegoldenbun.com\/wp-content\/uploads\/2018\/10\/t\u00f6rggelen-eisacktal-feldthurns-t\u00f6rggelen-schnauders-obermoserhof-21-16x24.jpg 16w, https:\/\/thegoldenbun.com\/wp-content\/uploads\/2018\/10\/t\u00f6rggelen-eisacktal-feldthurns-t\u00f6rggelen-schnauders-obermoserhof-21-24x36.jpg 24w, https:\/\/thegoldenbun.com\/wp-content\/uploads\/2018\/10\/t\u00f6rggelen-eisacktal-feldthurns-t\u00f6rggelen-schnauders-obermoserhof-21-32x48.jpg 32w\" sizes=\"(max-width: 1000px) 100vw, 1000px\" \/><\/div>\n<img loading=\"lazy\" class=\"alignnone size-full wp-image-40971\" src=\"https:\/\/thegoldenbun.com\/wp-content\/uploads\/2018\/10\/t\u00f6rggelen-eisacktal-feldthurns-t\u00f6rggelen-schnauders-obermoserhof-22.jpg\" alt=\"t\u00f6rggelen eisacktal feldthurns t\u00f6rggelen schnauders obermoserhof\" width=\"1500\" height=\"1000\" srcset=\"https:\/\/thegoldenbun.com\/wp-content\/uploads\/2018\/10\/t\u00f6rggelen-eisacktal-feldthurns-t\u00f6rggelen-schnauders-obermoserhof-22.jpg 1500w, https:\/\/thegoldenbun.com\/wp-content\/uploads\/2018\/10\/t\u00f6rggelen-eisacktal-feldthurns-t\u00f6rggelen-schnauders-obermoserhof-22-350x233.jpg 350w, https:\/\/thegoldenbun.com\/wp-content\/uploads\/2018\/10\/t\u00f6rggelen-eisacktal-feldthurns-t\u00f6rggelen-schnauders-obermoserhof-22-800x533.jpg 800w, https:\/\/thegoldenbun.com\/wp-content\/uploads\/2018\/10\/t\u00f6rggelen-eisacktal-feldthurns-t\u00f6rggelen-schnauders-obermoserhof-22-768x512.jpg 768w, https:\/\/thegoldenbun.com\/wp-content\/uploads\/2018\/10\/t\u00f6rggelen-eisacktal-feldthurns-t\u00f6rggelen-schnauders-obermoserhof-22-24x16.jpg 24w, https:\/\/thegoldenbun.com\/wp-content\/uploads\/2018\/10\/t\u00f6rggelen-eisacktal-feldthurns-t\u00f6rggelen-schnauders-obermoserhof-22-36x24.jpg 36w, https:\/\/thegoldenbun.com\/wp-content\/uploads\/2018\/10\/t\u00f6rggelen-eisacktal-feldthurns-t\u00f6rggelen-schnauders-obermoserhof-22-48x32.jpg 48w, https:\/\/thegoldenbun.com\/wp-content\/uploads\/2018\/10\/t\u00f6rggelen-eisacktal-feldthurns-t\u00f6rggelen-schnauders-obermoserhof-22-1200x800.jpg 1200w\" sizes=\"(max-width: 1500px) 100vw, 1500px\" \/><span class=\"caption\">S\u00fcdtiroler Schlachtplatte<\/span>\n<img loading=\"lazy\" class=\"alignnone size-full wp-image-40972\" src=\"https:\/\/thegoldenbun.com\/wp-content\/uploads\/2018\/10\/t\u00f6rggelen-eisacktal-feldthurns-t\u00f6rggelen-schnauders-obermoserhof-23.jpg\" alt=\"t\u00f6rggelen eisacktal feldthurns t\u00f6rggelen schnauders obermoserhof\" width=\"1000\" height=\"1500\" srcset=\"https:\/\/thegoldenbun.com\/wp-content\/uploads\/2018\/10\/t\u00f6rggelen-eisacktal-feldthurns-t\u00f6rggelen-schnauders-obermoserhof-23.jpg 1000w, https:\/\/thegoldenbun.com\/wp-content\/uploads\/2018\/10\/t\u00f6rggelen-eisacktal-feldthurns-t\u00f6rggelen-schnauders-obermoserhof-23-233x350.jpg 233w, https:\/\/thegoldenbun.com\/wp-content\/uploads\/2018\/10\/t\u00f6rggelen-eisacktal-feldthurns-t\u00f6rggelen-schnauders-obermoserhof-23-683x1024.jpg 683w, https:\/\/thegoldenbun.com\/wp-content\/uploads\/2018\/10\/t\u00f6rggelen-eisacktal-feldthurns-t\u00f6rggelen-schnauders-obermoserhof-23-768x1152.jpg 768w, https:\/\/thegoldenbun.com\/wp-content\/uploads\/2018\/10\/t\u00f6rggelen-eisacktal-feldthurns-t\u00f6rggelen-schnauders-obermoserhof-23-16x24.jpg 16w, https:\/\/thegoldenbun.com\/wp-content\/uploads\/2018\/10\/t\u00f6rggelen-eisacktal-feldthurns-t\u00f6rggelen-schnauders-obermoserhof-23-24x36.jpg 24w, https:\/\/thegoldenbun.com\/wp-content\/uploads\/2018\/10\/t\u00f6rggelen-eisacktal-feldthurns-t\u00f6rggelen-schnauders-obermoserhof-23-32x48.jpg 32w\" sizes=\"(max-width: 1000px) 100vw, 1000px\" \/><span class=\"caption\">Erd\u00e4pflplattln mit Sauerkraut<\/span>\n<img loading=\"lazy\" class=\"alignnone size-full wp-image-40973\" src=\"https:\/\/thegoldenbun.com\/wp-content\/uploads\/2018\/10\/t\u00f6rggelen-eisacktal-feldthurns-t\u00f6rggelen-schnauders-obermoserhof-24.jpg\" alt=\"t\u00f6rggelen eisacktal feldthurns t\u00f6rggelen schnauders obermoserhof\" width=\"1500\" height=\"1000\" srcset=\"https:\/\/thegoldenbun.com\/wp-content\/uploads\/2018\/10\/t\u00f6rggelen-eisacktal-feldthurns-t\u00f6rggelen-schnauders-obermoserhof-24.jpg 1500w, https:\/\/thegoldenbun.com\/wp-content\/uploads\/2018\/10\/t\u00f6rggelen-eisacktal-feldthurns-t\u00f6rggelen-schnauders-obermoserhof-24-350x233.jpg 350w, https:\/\/thegoldenbun.com\/wp-content\/uploads\/2018\/10\/t\u00f6rggelen-eisacktal-feldthurns-t\u00f6rggelen-schnauders-obermoserhof-24-800x533.jpg 800w, https:\/\/thegoldenbun.com\/wp-content\/uploads\/2018\/10\/t\u00f6rggelen-eisacktal-feldthurns-t\u00f6rggelen-schnauders-obermoserhof-24-768x512.jpg 768w, https:\/\/thegoldenbun.com\/wp-content\/uploads\/2018\/10\/t\u00f6rggelen-eisacktal-feldthurns-t\u00f6rggelen-schnauders-obermoserhof-24-24x16.jpg 24w, https:\/\/thegoldenbun.com\/wp-content\/uploads\/2018\/10\/t\u00f6rggelen-eisacktal-feldthurns-t\u00f6rggelen-schnauders-obermoserhof-24-36x24.jpg 36w, https:\/\/thegoldenbun.com\/wp-content\/uploads\/2018\/10\/t\u00f6rggelen-eisacktal-feldthurns-t\u00f6rggelen-schnauders-obermoserhof-24-48x32.jpg 48w, https:\/\/thegoldenbun.com\/wp-content\/uploads\/2018\/10\/t\u00f6rggelen-eisacktal-feldthurns-t\u00f6rggelen-schnauders-obermoserhof-24-1200x800.jpg 1200w\" sizes=\"(max-width: 1500px) 100vw, 1500px\" \/><span class=\"caption\">Krapfen<\/span>\n<img loading=\"lazy\" class=\"alignnone size-full wp-image-40974\" src=\"https:\/\/thegoldenbun.com\/wp-content\/uploads\/2018\/10\/t\u00f6rggelen-eisacktal-feldthurns-t\u00f6rggelen-schnauders-obermoserhof-25.jpg\" alt=\"t\u00f6rggelen eisacktal feldthurns t\u00f6rggelen schnauders obermoserhof\" width=\"1500\" height=\"1000\" srcset=\"https:\/\/thegoldenbun.com\/wp-content\/uploads\/2018\/10\/t\u00f6rggelen-eisacktal-feldthurns-t\u00f6rggelen-schnauders-obermoserhof-25.jpg 1500w, https:\/\/thegoldenbun.com\/wp-content\/uploads\/2018\/10\/t\u00f6rggelen-eisacktal-feldthurns-t\u00f6rggelen-schnauders-obermoserhof-25-350x233.jpg 350w, https:\/\/thegoldenbun.com\/wp-content\/uploads\/2018\/10\/t\u00f6rggelen-eisacktal-feldthurns-t\u00f6rggelen-schnauders-obermoserhof-25-800x533.jpg 800w, https:\/\/thegoldenbun.com\/wp-content\/uploads\/2018\/10\/t\u00f6rggelen-eisacktal-feldthurns-t\u00f6rggelen-schnauders-obermoserhof-25-768x512.jpg 768w, https:\/\/thegoldenbun.com\/wp-content\/uploads\/2018\/10\/t\u00f6rggelen-eisacktal-feldthurns-t\u00f6rggelen-schnauders-obermoserhof-25-24x16.jpg 24w, https:\/\/thegoldenbun.com\/wp-content\/uploads\/2018\/10\/t\u00f6rggelen-eisacktal-feldthurns-t\u00f6rggelen-schnauders-obermoserhof-25-36x24.jpg 36w, https:\/\/thegoldenbun.com\/wp-content\/uploads\/2018\/10\/t\u00f6rggelen-eisacktal-feldthurns-t\u00f6rggelen-schnauders-obermoserhof-25-48x32.jpg 48w, https:\/\/thegoldenbun.com\/wp-content\/uploads\/2018\/10\/t\u00f6rggelen-eisacktal-feldthurns-t\u00f6rggelen-schnauders-obermoserhof-25-1200x800.jpg 1200w\" sizes=\"(max-width: 1500px) 100vw, 1500px\" \/><span class=\"caption\">Und zu Guter Letzt noch Kastanien und Rotwein.<\/span>\n<div class=\"post-box\">\n<h5>T\u00f6rggelen in S\u00fcdtirol<\/h5>\n<p>Diese Gasth\u00f6fe kann ich euch sehr empfehlen:<\/p>\n<h5><strong>Eisacktal<\/strong><\/h5>\n<ul>\n<li style=\"text-align: left;\"><a href=\"https:\/\/www.toerggelen.tv\/aktuell\/buschen-und-hofschank\/gasthof\/moar-zur-viersch.html\">Moar zur Viersch<\/a> in Verdings<\/li>\n<li style=\"text-align: left;\"><a href=\"https:\/\/restaurants.st\/de\/gastronomie\/gasthaus-huber-klausen-p6654\">Huber<\/a> in Pardell<\/li>\n<li style=\"text-align: left;\"><a href=\"http:\/\/www.larmhof.it\">Larmhof<\/a> in Villanders<\/li>\n<li style=\"text-align: left;\"><a href=\"http:\/\/www.obermoserhof.it\/de\/index.php\">Obermoserhof<\/a> in Schnauders<\/li>\n<li style=\"text-align: left;\"><a href=\"https:\/\/www.suedtirol.info\/de\/erleben\/hienghof_activity_69388\">Hienghof<\/a> in Klausen<\/li>\n<li style=\"text-align: left;\"><a href=\"https:\/\/www.roterhahn.it\/de\/baeuerliche-schankbetriebe\/toerggelen-suedtirol\/hofdetail\/buchnerhof-lajen+3711.html\">Buchnerhof<\/a> in Lajen<\/li>\n<\/ul>\n<h5><strong>Bozen &amp; Umgebung<\/strong><\/h5>\n<ul>\n<li style=\"text-align: left;\"><a href=\"https:\/\/www.rafenstein.it\/index.php\">Burgruine Rafenstein<\/a> in Bozen<\/li>\n<li style=\"text-align: left;\"><a href=\"http:\/\/www.toerggelen-jenesien.com\">Noafer<\/a> in Jenesien<\/li>\n<li style=\"text-align: left;\"><a href=\"https:\/\/www.suedtirolerland.it\/de\/freizeit-aktiv\/essen-trinken\/buschenschaenken-und-hofschaenken\/buschenschank-ebnerhof\/\">Ebnerhof<\/a> in Ritten \/ Atzwang<\/li>\n<\/ul>\n<h5><strong>\u00dcberretsch<\/strong><\/h5>\n<ul>\n<li style=\"text-align: left;\"><a href=\"http:\/\/www.paulserdorfkeller.com\/de\/home.html\">Paulsner Dorfkeller<\/a><\/li>\n<li style=\"text-align: left;\"><a href=\"http:\/\/www.zinnenberg.com\">Ansitz Zinnenberg<\/a> in Eppan<\/li>\n<li style=\"text-align: left;\"><a href=\"https:\/\/www.harrerhof.it\/de\/buschenschank\">Harrerhof<\/a> in Girlan<\/li>\n<\/ul>\n<\/div>\n<div class=\"post-signature\">Ich freue mich schon auf das n\u00e4chste Jahr!<br \/>\n<img src=\"http:\/\/thegoldenbun.com\/wp-content\/uploads\/2017\/05\/handschrift_Vicky.png\" \/><\/div>\n<p><\/p>","protected":false},"excerpt":{"rendered":"<p>Die Herbstzeit in S\u00fcdtirol ist f\u00fcr mich die sch\u00f6nste Jahreszeit. Die Natur zeigt sich von ihrer besten Farbpracht und die Temperaturen sind herrlich. In S\u00fcdtirol gibt es das ganze Jahr \u00fcber sch\u00f6ne Br\u00e4uche und Traditionen. Mein liebster Brauch ist \u201eT\u00f6rggelen\u201c im Herbst. Daf\u00fcr wird jedes Jahr ein Wochenende fest eingeplant. t\u00f6rg\u00b7ge\u00b7len \/t\u00f6\u0301rggelen\/ Der Begriff T\u00f6rggelen kommt aus dem Lateinischen \u201etorquere\u201c, das \u201eWein pressen\u201c bedeutet. In der Tat findet das traditionelle [&hellip;]<\/p>\n","protected":false},"author":1,"featured_media":40977,"comment_status":"open","ping_status":"open","sticky":false,"template":"","format":"standard","meta":{"_exactmetrics_skip_tracking":false,"_exactmetrics_sitenote_active":false,"_exactmetrics_sitenote_note":"","_exactmetrics_sitenote_category":0,"spay_email":"","jetpack_publicize_message":"","jetpack_is_tweetstorm":false,"jetpack_publicize_feature_enabled":true},"categories":[802],"tags":[1194,234,1214],"acf":[],"yoast_head":"<!-- This site is optimized with the Yoast SEO plugin v18.9 - https:\/\/yoast.com\/wordpress\/plugins\/seo\/ -->\n<title>(Deutsch) T\u00f6rggelen in S\u00fcdtirol \u2013 der Weinernte-Brauch im Herbst<\/title>\n<meta name=\"description\" content=\"(Deutsch) T\u00f6rggelen in S\u00fcdtirol \u2013 der Weinernte-Brauch im Herbst \/ In der Tat findet das traditionelle T\u00f6rggelen immer nach der Weinernte statt. Dem Brauch nach\" \/>\n<meta name=\"robots\" content=\"index, follow, max-snippet:-1, max-image-preview:large, max-video-preview:-1\" \/>\n<link rel=\"canonical\" href=\"https:\/\/thegoldenbun.com\/2018\/10\/torggelen-in-sudtirol-eisacktal-feldthurns\/\" \/>\n<meta property=\"og:locale\" content=\"de_DE\" \/>\n<meta property=\"og:type\" content=\"article\" \/>\n<meta property=\"og:title\" content=\"T\u00f6rggelen in S\u00fcdtirol \u2013 der Weinernte-Brauch im Herbst\" \/>\n<meta property=\"og:description\" content=\"Die Herbstzeit in S\u00fcdtirol ist f\u00fcr mich die sch\u00f6nste Jahreszeit. Die Natur zeigt sich von ihrer besten Farbpracht und die Temperaturen sind herrlich. In S\u00fcdtirol gibt es das ganze Jahr \u00fcber sch\u00f6ne Br\u00e4uche und Traditionen. Mein liebster Brauch im Herbst ist \u201eT\u00f6rggelen\u201c, wof\u00fcr jedes Jahr ein Wochenende fest eingeplant wird.\" \/>\n<meta property=\"og:url\" content=\"https:\/\/thegoldenbun.com\/2018\/10\/torggelen-in-sudtirol-eisacktal-feldthurns\/\" \/>\n<meta property=\"og:site_name\" content=\"The Golden Bun\" \/>\n<meta property=\"article:publisher\" content=\"http:\/\/www.facebook.com\/thegoldenbun\" \/>\n<meta property=\"article:published_time\" content=\"2018-10-22T15:08:03+00:00\" \/>\n<meta property=\"article:modified_time\" content=\"2019-04-28T08:17:55+00:00\" \/>\n<meta property=\"og:image\" content=\"https:\/\/thegoldenbun.com\/wp-content\/uploads\/2018\/10\/t\u00f6rggelen-eisacktal-feldthurns-t\u00f6rggelen-schnauders-obermoserhof-1.jpg\" \/>\n\t<meta property=\"og:image:width\" content=\"1500\" \/>\n\t<meta property=\"og:image:height\" content=\"1000\" \/>\n\t<meta property=\"og:image:type\" content=\"image\/jpeg\" \/>\n<meta name=\"twitter:card\" content=\"summary\" \/>\n<meta name=\"twitter:creator\" content=\"@thegoldenbun\" \/>\n<meta name=\"twitter:site\" content=\"@thegoldenbun\" \/>\n<meta name=\"twitter:label1\" content=\"Verfasst von\" \/>\n\t<meta name=\"twitter:data1\" content=\"Vicky\" \/>\n\t<meta name=\"twitter:label2\" content=\"Gesch\u00e4tzte Lesezeit\" \/>\n\t<meta name=\"twitter:data2\" content=\"7\u00a0Minuten\" \/>\n<script type=\"application\/ld+json\" class=\"yoast-schema-graph\">{\"@context\":\"https:\/\/schema.org\",\"@graph\":[{\"@type\":\"WebSite\",\"@id\":\"https:\/\/thegoldenbun.com\/#website\",\"url\":\"https:\/\/thegoldenbun.com\/\",\"name\":\"The Golden Bun\",\"description\":\"Deutscher Reiseblog \/ Modeblog \/ Lifestyleblog \/ Berlin &amp; M\u00fcnchen \/ Reise &amp; Restaurant Tipps\",\"potentialAction\":[{\"@type\":\"SearchAction\",\"target\":{\"@type\":\"EntryPoint\",\"urlTemplate\":\"https:\/\/thegoldenbun.com\/?s={search_term_string}\"},\"query-input\":\"required name=search_term_string\"}],\"inLanguage\":\"de\"},{\"@type\":\"ImageObject\",\"inLanguage\":\"de\",\"@id\":\"https:\/\/thegoldenbun.com\/2018\/10\/torggelen-in-sudtirol-eisacktal-feldthurns\/#primaryimage\",\"url\":\"https:\/\/thegoldenbun.com\/wp-content\/uploads\/2018\/10\/t\u00f6rggelen-eisacktal-feldthurns-t\u00f6rggelen-schnauders-obermoserhof-1.jpg\",\"contentUrl\":\"https:\/\/thegoldenbun.com\/wp-content\/uploads\/2018\/10\/t\u00f6rggelen-eisacktal-feldthurns-t\u00f6rggelen-schnauders-obermoserhof-1.jpg\",\"width\":1500,\"height\":1000,\"caption\":\"t\u00f6rggelen eisacktal feldthurns t\u00f6rggelen schnauders obermoserhof\"},{\"@type\":\"WebPage\",\"@id\":\"https:\/\/thegoldenbun.com\/2018\/10\/torggelen-in-sudtirol-eisacktal-feldthurns\/#webpage\",\"url\":\"https:\/\/thegoldenbun.com\/2018\/10\/torggelen-in-sudtirol-eisacktal-feldthurns\/\",\"name\":\"(Deutsch) T\u00f6rggelen in S\u00fcdtirol \u2013 der Weinernte-Brauch im Herbst\",\"isPartOf\":{\"@id\":\"https:\/\/thegoldenbun.com\/#website\"},\"primaryImageOfPage\":{\"@id\":\"https:\/\/thegoldenbun.com\/2018\/10\/torggelen-in-sudtirol-eisacktal-feldthurns\/#primaryimage\"},\"datePublished\":\"2018-10-22T15:08:03+00:00\",\"dateModified\":\"2019-04-28T08:17:55+00:00\",\"author\":{\"@id\":\"https:\/\/thegoldenbun.com\/#\/schema\/person\/a8ed0c60451d5a883d10e21afc630268\"},\"description\":\"(Deutsch) T\u00f6rggelen in S\u00fcdtirol \u2013 der Weinernte-Brauch im Herbst \/ In der Tat findet das traditionelle T\u00f6rggelen immer nach der Weinernte statt. Dem Brauch nach\",\"breadcrumb\":{\"@id\":\"https:\/\/thegoldenbun.com\/2018\/10\/torggelen-in-sudtirol-eisacktal-feldthurns\/#breadcrumb\"},\"inLanguage\":\"de\",\"potentialAction\":[{\"@type\":\"ReadAction\",\"target\":[\"https:\/\/thegoldenbun.com\/2018\/10\/torggelen-in-sudtirol-eisacktal-feldthurns\/\"]}]},{\"@type\":\"BreadcrumbList\",\"@id\":\"https:\/\/thegoldenbun.com\/2018\/10\/torggelen-in-sudtirol-eisacktal-feldthurns\/#breadcrumb\",\"itemListElement\":[{\"@type\":\"ListItem\",\"position\":1,\"name\":\"Home\",\"item\":\"https:\/\/thegoldenbun.com\/\"},{\"@type\":\"ListItem\",\"position\":2,\"name\":\"T\u00f6rggelen in South Tyrol &#8211; the grape harvest custom in autumn\"}]},{\"@type\":\"Person\",\"@id\":\"https:\/\/thegoldenbun.com\/#\/schema\/person\/a8ed0c60451d5a883d10e21afc630268\",\"name\":\"Vicky\",\"url\":\"https:\/\/thegoldenbun.com\/de\/author\/tgb\/\"}]}<\/script>\n<!-- \/ Yoast SEO plugin. -->","yoast_head_json":{"title":"(Deutsch) T\u00f6rggelen in S\u00fcdtirol \u2013 der Weinernte-Brauch im Herbst","description":"(Deutsch) T\u00f6rggelen in S\u00fcdtirol \u2013 der Weinernte-Brauch im Herbst \/ In der Tat findet das traditionelle T\u00f6rggelen immer nach der Weinernte statt. Dem Brauch nach","robots":{"index":"index","follow":"follow","max-snippet":"max-snippet:-1","max-image-preview":"max-image-preview:large","max-video-preview":"max-video-preview:-1"},"canonical":"https:\/\/thegoldenbun.com\/2018\/10\/torggelen-in-sudtirol-eisacktal-feldthurns\/","og_locale":"de_DE","og_type":"article","og_title":"T\u00f6rggelen in S\u00fcdtirol \u2013 der Weinernte-Brauch im Herbst","og_description":"Die Herbstzeit in S\u00fcdtirol ist f\u00fcr mich die sch\u00f6nste Jahreszeit. Die Natur zeigt sich von ihrer besten Farbpracht und die Temperaturen sind herrlich. In S\u00fcdtirol gibt es das ganze Jahr \u00fcber sch\u00f6ne Br\u00e4uche und Traditionen. Mein liebster Brauch im Herbst ist \u201eT\u00f6rggelen\u201c, wof\u00fcr jedes Jahr ein Wochenende fest eingeplant wird.","og_url":"https:\/\/thegoldenbun.com\/2018\/10\/torggelen-in-sudtirol-eisacktal-feldthurns\/","og_site_name":"The Golden Bun","article_publisher":"http:\/\/www.facebook.com\/thegoldenbun","article_published_time":"2018-10-22T15:08:03+00:00","article_modified_time":"2019-04-28T08:17:55+00:00","og_image":[{"width":1500,"height":1000,"url":"https:\/\/thegoldenbun.com\/wp-content\/uploads\/2018\/10\/t\u00f6rggelen-eisacktal-feldthurns-t\u00f6rggelen-schnauders-obermoserhof-1.jpg","type":"image\/jpeg"}],"twitter_card":"summary","twitter_creator":"@thegoldenbun","twitter_site":"@thegoldenbun","twitter_misc":{"Verfasst von":"Vicky","Gesch\u00e4tzte Lesezeit":"7\u00a0Minuten"},"schema":{"@context":"https:\/\/schema.org","@graph":[{"@type":"WebSite","@id":"https:\/\/thegoldenbun.com\/#website","url":"https:\/\/thegoldenbun.com\/","name":"The Golden Bun","description":"Deutscher Reiseblog \/ Modeblog \/ Lifestyleblog \/ Berlin &amp; M\u00fcnchen \/ Reise &amp; Restaurant Tipps","potentialAction":[{"@type":"SearchAction","target":{"@type":"EntryPoint","urlTemplate":"https:\/\/thegoldenbun.com\/?s={search_term_string}"},"query-input":"required name=search_term_string"}],"inLanguage":"de"},{"@type":"ImageObject","inLanguage":"de","@id":"https:\/\/thegoldenbun.com\/2018\/10\/torggelen-in-sudtirol-eisacktal-feldthurns\/#primaryimage","url":"https:\/\/thegoldenbun.com\/wp-content\/uploads\/2018\/10\/t\u00f6rggelen-eisacktal-feldthurns-t\u00f6rggelen-schnauders-obermoserhof-1.jpg","contentUrl":"https:\/\/thegoldenbun.com\/wp-content\/uploads\/2018\/10\/t\u00f6rggelen-eisacktal-feldthurns-t\u00f6rggelen-schnauders-obermoserhof-1.jpg","width":1500,"height":1000,"caption":"t\u00f6rggelen eisacktal feldthurns t\u00f6rggelen schnauders obermoserhof"},{"@type":"WebPage","@id":"https:\/\/thegoldenbun.com\/2018\/10\/torggelen-in-sudtirol-eisacktal-feldthurns\/#webpage","url":"https:\/\/thegoldenbun.com\/2018\/10\/torggelen-in-sudtirol-eisacktal-feldthurns\/","name":"(Deutsch) T\u00f6rggelen in S\u00fcdtirol \u2013 der Weinernte-Brauch im Herbst","isPartOf":{"@id":"https:\/\/thegoldenbun.com\/#website"},"primaryImageOfPage":{"@id":"https:\/\/thegoldenbun.com\/2018\/10\/torggelen-in-sudtirol-eisacktal-feldthurns\/#primaryimage"},"datePublished":"2018-10-22T15:08:03+00:00","dateModified":"2019-04-28T08:17:55+00:00","author":{"@id":"https:\/\/thegoldenbun.com\/#\/schema\/person\/a8ed0c60451d5a883d10e21afc630268"},"description":"(Deutsch) T\u00f6rggelen in S\u00fcdtirol \u2013 der Weinernte-Brauch im Herbst \/ In der Tat findet das traditionelle T\u00f6rggelen immer nach der Weinernte statt. Dem Brauch nach","breadcrumb":{"@id":"https:\/\/thegoldenbun.com\/2018\/10\/torggelen-in-sudtirol-eisacktal-feldthurns\/#breadcrumb"},"inLanguage":"de","potentialAction":[{"@type":"ReadAction","target":["https:\/\/thegoldenbun.com\/2018\/10\/torggelen-in-sudtirol-eisacktal-feldthurns\/"]}]},{"@type":"BreadcrumbList","@id":"https:\/\/thegoldenbun.com\/2018\/10\/torggelen-in-sudtirol-eisacktal-feldthurns\/#breadcrumb","itemListElement":[{"@type":"ListItem","position":1,"name":"Home","item":"https:\/\/thegoldenbun.com\/"},{"@type":"ListItem","position":2,"name":"T\u00f6rggelen in South Tyrol &#8211; the grape harvest custom in autumn"}]},{"@type":"Person","@id":"https:\/\/thegoldenbun.com\/#\/schema\/person\/a8ed0c60451d5a883d10e21afc630268","name":"Vicky","url":"https:\/\/thegoldenbun.com\/de\/author\/tgb\/"}]}},"jetpack_featured_media_url":"https:\/\/thegoldenbun.com\/wp-content\/uploads\/2018\/10\/t\u00f6rggelen.jpg","jetpack_publicize_connections":[],"jetpack_sharing_enabled":true,"_links":{"self":[{"href":"https:\/\/thegoldenbun.com\/de\/wp-json\/wp\/v2\/posts\/40944"}],"collection":[{"href":"https:\/\/thegoldenbun.com\/de\/wp-json\/wp\/v2\/posts"}],"about":[{"href":"https:\/\/thegoldenbun.com\/de\/wp-json\/wp\/v2\/types\/post"}],"author":[{"embeddable":true,"href":"https:\/\/thegoldenbun.com\/de\/wp-json\/wp\/v2\/users\/1"}],"replies":[{"embeddable":true,"href":"https:\/\/thegoldenbun.com\/de\/wp-json\/wp\/v2\/comments?post=40944"}],"version-history":[{"count":0,"href":"https:\/\/thegoldenbun.com\/de\/wp-json\/wp\/v2\/posts\/40944\/revisions"}],"wp:featuredmedia":[{"embeddable":true,"href":"https:\/\/thegoldenbun.com\/de\/wp-json\/wp\/v2\/media\/40977"}],"wp:attachment":[{"href":"https:\/\/thegoldenbun.com\/de\/wp-json\/wp\/v2\/media?parent=40944"}],"wp:term":[{"taxonomy":"category","embeddable":true,"href":"https:\/\/thegoldenbun.com\/de\/wp-json\/wp\/v2\/categories?post=40944"},{"taxonomy":"post_tag","embeddable":true,"href":"https:\/\/thegoldenbun.com\/de\/wp-json\/wp\/v2\/tags?post=40944"}],"curies":[{"name":"wp","href":"https:\/\/api.w.org\/{rel}","templated":true}]}}