{"id":42145,"date":"2019-02-08T11:31:00","date_gmt":"2019-02-08T10:31:00","guid":{"rendered":"https:\/\/thegoldenbun.com\/?p=42145"},"modified":"2019-05-14T08:47:01","modified_gmt":"2019-05-14T06:47:01","slug":"lunch-at-the-greens-in-berlin-mitte","status":"publish","type":"post","link":"https:\/\/thegoldenbun.com\/de\/2019\/02\/lunch-at-the-greens-in-berlin-mitte\/","title":{"rendered":"Lunch im The Greens in Berlin Mitte"},"content":{"rendered":"<p>Die Alte M\u00fcnze ist ein beliebter Ort f\u00fcr Essensveranstaltungen. Im Sommer war ich dort bereits einige Male auf einem Foodmarkt. Umso mehr freute ich mich \u00fcber die Er\u00f6ffnung des <strong>The Greens Coffee and Plants<\/strong> \u2013 ein kleines &#8222;Urban Jungle&#8220; Caf\u00e9. Abgesehen von dem pr\u00e4chtigen Wetter heute, kann der Winter in Berlin sehr schnell eint\u00f6nig werden (die Wetteraussichten auf das Wochenende sind wieder einmal gro\u00dfartig &#8230; <em>not<\/em>). Ein gem\u00fctliches Caf\u00e9 zum Lunch oder f\u00fcr einen Kaffee ist genau das Richtige. Ich verabredete mich mit einem Freund unter der Woche zum Lunch. Immer wieder gingen Leute aus und ein, die sich auch Essen zum Mitnehmen f\u00fcr die umliegenden B\u00fcros holten.<\/p>\n<p>Das <strong>The Greens<\/strong> bietet eine kleine Auswahl an vegetarischen Mittagsgerichten. Das <em>The Greens<\/em> bietet neben hochwertigen, selbst ger\u00f6steten Kaffee auch weitere trendige Hei\u00dfgetr\u00e4nke an \u2013 eine gelbe &#8222;<em>Golden Milk<\/em>&#8220; (hei\u00dfe Milch mit Kurkuma), einen gr\u00fcnen <em>Matcha Latte<\/em> oder f\u00fcr mehr Farbe einen <em>rote Beete Latte<\/em> probieren. Als Mittagsdessert durfte es dann auch noch etwas S\u00fc\u00dfes sein. Die Torten sahen hervorragend aus. Wenn es Cheesecake gibt, dann komme ich nicht darum herum. Wir kommen sehr gerne wieder!<\/p>\n<div class=\"tgb_left\"><img loading=\"lazy\" class=\"alignnone size-full wp-image-42147\" src=\"https:\/\/thegoldenbun.com\/wp-content\/uploads\/2019\/02\/The-Greens-Coffee-Plants-Berlin-Mitte-Caf\u00e9-Alte-M\u00fcnze1.jpg\" alt=\"www.thegoldenbun.com \/\/ The Greens Coffee &amp; Plants Berlin Mitte Caf\u00e9 Alte M\u00fcnze\" width=\"1000\" height=\"1500\" srcset=\"https:\/\/thegoldenbun.com\/wp-content\/uploads\/2019\/02\/The-Greens-Coffee-Plants-Berlin-Mitte-Caf\u00e9-Alte-M\u00fcnze1.jpg 1000w, https:\/\/thegoldenbun.com\/wp-content\/uploads\/2019\/02\/The-Greens-Coffee-Plants-Berlin-Mitte-Caf\u00e9-Alte-M\u00fcnze1-233x350.jpg 233w, https:\/\/thegoldenbun.com\/wp-content\/uploads\/2019\/02\/The-Greens-Coffee-Plants-Berlin-Mitte-Caf\u00e9-Alte-M\u00fcnze1-683x1024.jpg 683w, https:\/\/thegoldenbun.com\/wp-content\/uploads\/2019\/02\/The-Greens-Coffee-Plants-Berlin-Mitte-Caf\u00e9-Alte-M\u00fcnze1-768x1152.jpg 768w, https:\/\/thegoldenbun.com\/wp-content\/uploads\/2019\/02\/The-Greens-Coffee-Plants-Berlin-Mitte-Caf\u00e9-Alte-M\u00fcnze1-16x24.jpg 16w, https:\/\/thegoldenbun.com\/wp-content\/uploads\/2019\/02\/The-Greens-Coffee-Plants-Berlin-Mitte-Caf\u00e9-Alte-M\u00fcnze1-24x36.jpg 24w, https:\/\/thegoldenbun.com\/wp-content\/uploads\/2019\/02\/The-Greens-Coffee-Plants-Berlin-Mitte-Caf\u00e9-Alte-M\u00fcnze1-32x48.jpg 32w\" sizes=\"(max-width: 1000px) 100vw, 1000px\" \/><\/div>\n<div class=\"tgb_right\"><img loading=\"lazy\" class=\"alignnone size-full wp-image-42148\" src=\"https:\/\/thegoldenbun.com\/wp-content\/uploads\/2019\/02\/The-Greens-Coffee-Plants-Berlin-Mitte-Caf\u00e9-Alte-M\u00fcnze2.jpg\" alt=\"www.thegoldenbun.com \/\/ The Greens Coffee &amp; Plants Berlin Mitte Caf\u00e9 Alte M\u00fcnze\" width=\"1000\" height=\"1500\" srcset=\"https:\/\/thegoldenbun.com\/wp-content\/uploads\/2019\/02\/The-Greens-Coffee-Plants-Berlin-Mitte-Caf\u00e9-Alte-M\u00fcnze2.jpg 1000w, https:\/\/thegoldenbun.com\/wp-content\/uploads\/2019\/02\/The-Greens-Coffee-Plants-Berlin-Mitte-Caf\u00e9-Alte-M\u00fcnze2-233x350.jpg 233w, https:\/\/thegoldenbun.com\/wp-content\/uploads\/2019\/02\/The-Greens-Coffee-Plants-Berlin-Mitte-Caf\u00e9-Alte-M\u00fcnze2-683x1024.jpg 683w, https:\/\/thegoldenbun.com\/wp-content\/uploads\/2019\/02\/The-Greens-Coffee-Plants-Berlin-Mitte-Caf\u00e9-Alte-M\u00fcnze2-768x1152.jpg 768w, https:\/\/thegoldenbun.com\/wp-content\/uploads\/2019\/02\/The-Greens-Coffee-Plants-Berlin-Mitte-Caf\u00e9-Alte-M\u00fcnze2-16x24.jpg 16w, https:\/\/thegoldenbun.com\/wp-content\/uploads\/2019\/02\/The-Greens-Coffee-Plants-Berlin-Mitte-Caf\u00e9-Alte-M\u00fcnze2-24x36.jpg 24w, https:\/\/thegoldenbun.com\/wp-content\/uploads\/2019\/02\/The-Greens-Coffee-Plants-Berlin-Mitte-Caf\u00e9-Alte-M\u00fcnze2-32x48.jpg 32w\" sizes=\"(max-width: 1000px) 100vw, 1000px\" \/><\/div>\n<img loading=\"lazy\" class=\"alignnone size-full wp-image-42152\" src=\"https:\/\/thegoldenbun.com\/wp-content\/uploads\/2019\/02\/The-Greens-Coffee-Plants-Berlin-Mitte-Caf\u00e9-Alte-M\u00fcnze6.jpg\" alt=\"www.thegoldenbun.com \/\/ The Greens Coffee &amp; Plants Berlin Mitte Caf\u00e9 Alte M\u00fcnze\" width=\"1500\" height=\"1000\" srcset=\"https:\/\/thegoldenbun.com\/wp-content\/uploads\/2019\/02\/The-Greens-Coffee-Plants-Berlin-Mitte-Caf\u00e9-Alte-M\u00fcnze6.jpg 1500w, https:\/\/thegoldenbun.com\/wp-content\/uploads\/2019\/02\/The-Greens-Coffee-Plants-Berlin-Mitte-Caf\u00e9-Alte-M\u00fcnze6-350x233.jpg 350w, https:\/\/thegoldenbun.com\/wp-content\/uploads\/2019\/02\/The-Greens-Coffee-Plants-Berlin-Mitte-Caf\u00e9-Alte-M\u00fcnze6-800x533.jpg 800w, https:\/\/thegoldenbun.com\/wp-content\/uploads\/2019\/02\/The-Greens-Coffee-Plants-Berlin-Mitte-Caf\u00e9-Alte-M\u00fcnze6-768x512.jpg 768w, https:\/\/thegoldenbun.com\/wp-content\/uploads\/2019\/02\/The-Greens-Coffee-Plants-Berlin-Mitte-Caf\u00e9-Alte-M\u00fcnze6-24x16.jpg 24w, https:\/\/thegoldenbun.com\/wp-content\/uploads\/2019\/02\/The-Greens-Coffee-Plants-Berlin-Mitte-Caf\u00e9-Alte-M\u00fcnze6-36x24.jpg 36w, https:\/\/thegoldenbun.com\/wp-content\/uploads\/2019\/02\/The-Greens-Coffee-Plants-Berlin-Mitte-Caf\u00e9-Alte-M\u00fcnze6-48x32.jpg 48w, https:\/\/thegoldenbun.com\/wp-content\/uploads\/2019\/02\/The-Greens-Coffee-Plants-Berlin-Mitte-Caf\u00e9-Alte-M\u00fcnze6-1200x800.jpg 1200w\" sizes=\"(max-width: 1500px) 100vw, 1500px\" \/>\n<div class=\"tgb_left\"><img loading=\"lazy\" class=\"alignnone size-full wp-image-42150\" src=\"https:\/\/thegoldenbun.com\/wp-content\/uploads\/2019\/02\/The-Greens-Coffee-Plants-Berlin-Mitte-Caf\u00e9-Alte-M\u00fcnze4.jpg\" alt=\"www.thegoldenbun.com \/\/ The Greens Coffee &amp; Plants Berlin Mitte Caf\u00e9 Alte M\u00fcnze\" width=\"1000\" height=\"1500\" srcset=\"https:\/\/thegoldenbun.com\/wp-content\/uploads\/2019\/02\/The-Greens-Coffee-Plants-Berlin-Mitte-Caf\u00e9-Alte-M\u00fcnze4.jpg 1000w, https:\/\/thegoldenbun.com\/wp-content\/uploads\/2019\/02\/The-Greens-Coffee-Plants-Berlin-Mitte-Caf\u00e9-Alte-M\u00fcnze4-233x350.jpg 233w, https:\/\/thegoldenbun.com\/wp-content\/uploads\/2019\/02\/The-Greens-Coffee-Plants-Berlin-Mitte-Caf\u00e9-Alte-M\u00fcnze4-683x1024.jpg 683w, https:\/\/thegoldenbun.com\/wp-content\/uploads\/2019\/02\/The-Greens-Coffee-Plants-Berlin-Mitte-Caf\u00e9-Alte-M\u00fcnze4-768x1152.jpg 768w, https:\/\/thegoldenbun.com\/wp-content\/uploads\/2019\/02\/The-Greens-Coffee-Plants-Berlin-Mitte-Caf\u00e9-Alte-M\u00fcnze4-16x24.jpg 16w, https:\/\/thegoldenbun.com\/wp-content\/uploads\/2019\/02\/The-Greens-Coffee-Plants-Berlin-Mitte-Caf\u00e9-Alte-M\u00fcnze4-24x36.jpg 24w, https:\/\/thegoldenbun.com\/wp-content\/uploads\/2019\/02\/The-Greens-Coffee-Plants-Berlin-Mitte-Caf\u00e9-Alte-M\u00fcnze4-32x48.jpg 32w\" sizes=\"(max-width: 1000px) 100vw, 1000px\" \/><\/div>\n<div class=\"tgb_right\"><img loading=\"lazy\" class=\"alignnone size-full wp-image-42151\" src=\"https:\/\/thegoldenbun.com\/wp-content\/uploads\/2019\/02\/The-Greens-Coffee-Plants-Berlin-Mitte-Caf\u00e9-Alte-M\u00fcnze5.jpg\" alt=\"www.thegoldenbun.com \/\/ The Greens Coffee &amp; Plants Berlin Mitte Caf\u00e9 Alte M\u00fcnze\" width=\"1000\" height=\"1500\" srcset=\"https:\/\/thegoldenbun.com\/wp-content\/uploads\/2019\/02\/The-Greens-Coffee-Plants-Berlin-Mitte-Caf\u00e9-Alte-M\u00fcnze5.jpg 1000w, https:\/\/thegoldenbun.com\/wp-content\/uploads\/2019\/02\/The-Greens-Coffee-Plants-Berlin-Mitte-Caf\u00e9-Alte-M\u00fcnze5-233x350.jpg 233w, https:\/\/thegoldenbun.com\/wp-content\/uploads\/2019\/02\/The-Greens-Coffee-Plants-Berlin-Mitte-Caf\u00e9-Alte-M\u00fcnze5-683x1024.jpg 683w, https:\/\/thegoldenbun.com\/wp-content\/uploads\/2019\/02\/The-Greens-Coffee-Plants-Berlin-Mitte-Caf\u00e9-Alte-M\u00fcnze5-768x1152.jpg 768w, https:\/\/thegoldenbun.com\/wp-content\/uploads\/2019\/02\/The-Greens-Coffee-Plants-Berlin-Mitte-Caf\u00e9-Alte-M\u00fcnze5-16x24.jpg 16w, https:\/\/thegoldenbun.com\/wp-content\/uploads\/2019\/02\/The-Greens-Coffee-Plants-Berlin-Mitte-Caf\u00e9-Alte-M\u00fcnze5-24x36.jpg 24w, https:\/\/thegoldenbun.com\/wp-content\/uploads\/2019\/02\/The-Greens-Coffee-Plants-Berlin-Mitte-Caf\u00e9-Alte-M\u00fcnze5-32x48.jpg 32w\" sizes=\"(max-width: 1000px) 100vw, 1000px\" \/><\/div>\n<img loading=\"lazy\" class=\"alignnone size-full wp-image-42149\" src=\"https:\/\/thegoldenbun.com\/wp-content\/uploads\/2019\/02\/The-Greens-Coffee-Plants-Berlin-Mitte-Caf\u00e9-Alte-M\u00fcnze3.jpg\" alt=\"www.thegoldenbun.com \/\/ The Greens Coffee &amp; Plants Berlin Mitte Caf\u00e9 Alte M\u00fcnze\" width=\"1500\" height=\"1000\" srcset=\"https:\/\/thegoldenbun.com\/wp-content\/uploads\/2019\/02\/The-Greens-Coffee-Plants-Berlin-Mitte-Caf\u00e9-Alte-M\u00fcnze3.jpg 1500w, https:\/\/thegoldenbun.com\/wp-content\/uploads\/2019\/02\/The-Greens-Coffee-Plants-Berlin-Mitte-Caf\u00e9-Alte-M\u00fcnze3-350x233.jpg 350w, https:\/\/thegoldenbun.com\/wp-content\/uploads\/2019\/02\/The-Greens-Coffee-Plants-Berlin-Mitte-Caf\u00e9-Alte-M\u00fcnze3-800x533.jpg 800w, https:\/\/thegoldenbun.com\/wp-content\/uploads\/2019\/02\/The-Greens-Coffee-Plants-Berlin-Mitte-Caf\u00e9-Alte-M\u00fcnze3-768x512.jpg 768w, https:\/\/thegoldenbun.com\/wp-content\/uploads\/2019\/02\/The-Greens-Coffee-Plants-Berlin-Mitte-Caf\u00e9-Alte-M\u00fcnze3-24x16.jpg 24w, https:\/\/thegoldenbun.com\/wp-content\/uploads\/2019\/02\/The-Greens-Coffee-Plants-Berlin-Mitte-Caf\u00e9-Alte-M\u00fcnze3-36x24.jpg 36w, https:\/\/thegoldenbun.com\/wp-content\/uploads\/2019\/02\/The-Greens-Coffee-Plants-Berlin-Mitte-Caf\u00e9-Alte-M\u00fcnze3-48x32.jpg 48w, https:\/\/thegoldenbun.com\/wp-content\/uploads\/2019\/02\/The-Greens-Coffee-Plants-Berlin-Mitte-Caf\u00e9-Alte-M\u00fcnze3-1200x800.jpg 1200w\" sizes=\"(max-width: 1500px) 100vw, 1500px\" \/>\n<div class=\"tgb_left\"><img loading=\"lazy\" class=\"alignnone size-full wp-image-42154\" src=\"https:\/\/thegoldenbun.com\/wp-content\/uploads\/2019\/02\/The-Greens-Coffee-Plants-Berlin-Mitte-Caf\u00e9-Alte-M\u00fcnze8.jpg\" alt=\"www.thegoldenbun.com \/\/ The Greens Coffee &amp; Plants Berlin Mitte Caf\u00e9 Alte M\u00fcnze\" width=\"1000\" height=\"1500\" srcset=\"https:\/\/thegoldenbun.com\/wp-content\/uploads\/2019\/02\/The-Greens-Coffee-Plants-Berlin-Mitte-Caf\u00e9-Alte-M\u00fcnze8.jpg 1000w, https:\/\/thegoldenbun.com\/wp-content\/uploads\/2019\/02\/The-Greens-Coffee-Plants-Berlin-Mitte-Caf\u00e9-Alte-M\u00fcnze8-233x350.jpg 233w, https:\/\/thegoldenbun.com\/wp-content\/uploads\/2019\/02\/The-Greens-Coffee-Plants-Berlin-Mitte-Caf\u00e9-Alte-M\u00fcnze8-683x1024.jpg 683w, https:\/\/thegoldenbun.com\/wp-content\/uploads\/2019\/02\/The-Greens-Coffee-Plants-Berlin-Mitte-Caf\u00e9-Alte-M\u00fcnze8-768x1152.jpg 768w, https:\/\/thegoldenbun.com\/wp-content\/uploads\/2019\/02\/The-Greens-Coffee-Plants-Berlin-Mitte-Caf\u00e9-Alte-M\u00fcnze8-16x24.jpg 16w, https:\/\/thegoldenbun.com\/wp-content\/uploads\/2019\/02\/The-Greens-Coffee-Plants-Berlin-Mitte-Caf\u00e9-Alte-M\u00fcnze8-24x36.jpg 24w, https:\/\/thegoldenbun.com\/wp-content\/uploads\/2019\/02\/The-Greens-Coffee-Plants-Berlin-Mitte-Caf\u00e9-Alte-M\u00fcnze8-32x48.jpg 32w\" sizes=\"(max-width: 1000px) 100vw, 1000px\" \/><\/div>\n<div class=\"tgb_right\"><img loading=\"lazy\" class=\"alignnone size-full wp-image-42155\" src=\"https:\/\/thegoldenbun.com\/wp-content\/uploads\/2019\/02\/The-Greens-Coffee-Plants-Berlin-Mitte-Caf\u00e9-Alte-M\u00fcnze9.jpg\" alt=\"www.thegoldenbun.com \/\/ The Greens Coffee &amp; Plants Berlin Mitte Caf\u00e9 Alte M\u00fcnze\" width=\"1000\" height=\"1500\" srcset=\"https:\/\/thegoldenbun.com\/wp-content\/uploads\/2019\/02\/The-Greens-Coffee-Plants-Berlin-Mitte-Caf\u00e9-Alte-M\u00fcnze9.jpg 1000w, https:\/\/thegoldenbun.com\/wp-content\/uploads\/2019\/02\/The-Greens-Coffee-Plants-Berlin-Mitte-Caf\u00e9-Alte-M\u00fcnze9-233x350.jpg 233w, https:\/\/thegoldenbun.com\/wp-content\/uploads\/2019\/02\/The-Greens-Coffee-Plants-Berlin-Mitte-Caf\u00e9-Alte-M\u00fcnze9-683x1024.jpg 683w, https:\/\/thegoldenbun.com\/wp-content\/uploads\/2019\/02\/The-Greens-Coffee-Plants-Berlin-Mitte-Caf\u00e9-Alte-M\u00fcnze9-768x1152.jpg 768w, https:\/\/thegoldenbun.com\/wp-content\/uploads\/2019\/02\/The-Greens-Coffee-Plants-Berlin-Mitte-Caf\u00e9-Alte-M\u00fcnze9-16x24.jpg 16w, https:\/\/thegoldenbun.com\/wp-content\/uploads\/2019\/02\/The-Greens-Coffee-Plants-Berlin-Mitte-Caf\u00e9-Alte-M\u00fcnze9-24x36.jpg 24w, https:\/\/thegoldenbun.com\/wp-content\/uploads\/2019\/02\/The-Greens-Coffee-Plants-Berlin-Mitte-Caf\u00e9-Alte-M\u00fcnze9-32x48.jpg 32w\" sizes=\"(max-width: 1000px) 100vw, 1000px\" \/><\/div>\n<img loading=\"lazy\" class=\"alignnone size-full wp-image-42153\" src=\"https:\/\/thegoldenbun.com\/wp-content\/uploads\/2019\/02\/The-Greens-Coffee-Plants-Berlin-Mitte-Caf\u00e9-Alte-M\u00fcnze7.jpg\" alt=\"www.thegoldenbun.com \/\/ The Greens Coffee &amp; Plants Berlin Mitte Caf\u00e9 Alte M\u00fcnze\" width=\"1500\" height=\"1000\" srcset=\"https:\/\/thegoldenbun.com\/wp-content\/uploads\/2019\/02\/The-Greens-Coffee-Plants-Berlin-Mitte-Caf\u00e9-Alte-M\u00fcnze7.jpg 1500w, https:\/\/thegoldenbun.com\/wp-content\/uploads\/2019\/02\/The-Greens-Coffee-Plants-Berlin-Mitte-Caf\u00e9-Alte-M\u00fcnze7-350x233.jpg 350w, https:\/\/thegoldenbun.com\/wp-content\/uploads\/2019\/02\/The-Greens-Coffee-Plants-Berlin-Mitte-Caf\u00e9-Alte-M\u00fcnze7-800x533.jpg 800w, https:\/\/thegoldenbun.com\/wp-content\/uploads\/2019\/02\/The-Greens-Coffee-Plants-Berlin-Mitte-Caf\u00e9-Alte-M\u00fcnze7-768x512.jpg 768w, https:\/\/thegoldenbun.com\/wp-content\/uploads\/2019\/02\/The-Greens-Coffee-Plants-Berlin-Mitte-Caf\u00e9-Alte-M\u00fcnze7-24x16.jpg 24w, https:\/\/thegoldenbun.com\/wp-content\/uploads\/2019\/02\/The-Greens-Coffee-Plants-Berlin-Mitte-Caf\u00e9-Alte-M\u00fcnze7-36x24.jpg 36w, https:\/\/thegoldenbun.com\/wp-content\/uploads\/2019\/02\/The-Greens-Coffee-Plants-Berlin-Mitte-Caf\u00e9-Alte-M\u00fcnze7-48x32.jpg 48w, https:\/\/thegoldenbun.com\/wp-content\/uploads\/2019\/02\/The-Greens-Coffee-Plants-Berlin-Mitte-Caf\u00e9-Alte-M\u00fcnze7-1200x800.jpg 1200w\" sizes=\"(max-width: 1500px) 100vw, 1500px\" \/>\n<div class=\"post-box\">\n<h5><em>Caf\u00e9 in Berlin Mitte<\/em><br \/>\n<span style=\"text-transform: uppercase;\">THE GREENS<\/span><\/h5>\n<p>Am Kr\u00f6gel 2, 10179 Berlin<br \/>\n<a href=\"http:\/\/the-greens-berlin.de\" target=\"_blank\" rel=\"noopener\">Website<\/a><\/p>\n<p><iframe loading=\"lazy\" style=\"border: 0;\" src=\"https:\/\/www.google.com\/maps\/embed?pb=!1m14!1m8!1m3!1d9712.015841427992!2d13.4091223!3d52.5152674!3m2!1i1024!2i768!4f13.1!3m3!1m2!1s0x0%3A0xafd5c05a47c00c5b!2sThe+Greens+Coffee+and+Plants!5e0!3m2!1sde!2sde!4v1549553747922\" width=\"300\" height=\"300\" frameborder=\"0\" allowfullscreen=\"allowfullscreen\"><\/iframe><\/p>\n<p>\/\/<\/p>\n<p><a class=\"follow\" href=\"http:\/\/thegoldenbun.com\/tag\/restaurant-berlin\/\" target=\"_blank\" rel=\"noopener\">finde mehr Berlin Empfehlungen hier<\/a><\/p>\n<\/div>\n<div class=\"post-signature\">Happy Food Friday!<br \/>\n<img src=\"http:\/\/thegoldenbun.com\/wp-content\/uploads\/2017\/05\/handschrift_Vicky.png\" \/><\/div>\n<div class=\"post-box\">\n<h5>PIN FOR LATER<\/h5>\n<img loading=\"lazy\" src=\"https:\/\/thegoldenbun.com\/wp-content\/uploads\/2019\/02\/The-Greens-Coffee-Plants-Berlin-Mitte-Caf\u00e9-Alte-M\u00fcnze_Pin2.jpg\" alt=\"www.thegoldenbun.com \/\/ The Greens Coffee &amp; Plants Berlin Mitte Caf\u00e9 Alte M\u00fcnze\" width=\"200\" height=\"auto\" \/>\u00a0<img loading=\"lazy\" src=\"https:\/\/thegoldenbun.com\/wp-content\/uploads\/2019\/02\/The-Greens-Coffee-Plants-Berlin-Mitte-Caf\u00e9-Alte-M\u00fcnze_Pin.jpg\" alt=\"www.thegoldenbun.com \/\/ The Greens Coffee &amp; Plants Berlin Mitte Caf\u00e9 Alte M\u00fcnze\" width=\"200\" height=\"auto\" \/>\n<\/div>\n<p><\/p>","protected":false},"excerpt":{"rendered":"<p>Die Alte M\u00fcnze ist ein beliebter Ort f\u00fcr Essensveranstaltungen. Im Sommer war ich dort bereits einige Male auf einem Foodmarkt. Umso mehr freute ich mich \u00fcber die Er\u00f6ffnung des The Greens Coffee and Plants \u2013 ein kleines &#8222;Urban Jungle&#8220; Caf\u00e9. Abgesehen von dem pr\u00e4chtigen Wetter heute, kann der Winter in Berlin sehr schnell eint\u00f6nig werden (die Wetteraussichten auf das Wochenende sind wieder einmal gro\u00dfartig &#8230; not). Ein gem\u00fctliches Caf\u00e9 zum [&hellip;]<\/p>\n","protected":false},"author":1,"featured_media":42150,"comment_status":"open","ping_status":"open","sticky":false,"template":"","format":"standard","meta":{"_exactmetrics_skip_tracking":false,"_exactmetrics_sitenote_active":false,"_exactmetrics_sitenote_note":"","_exactmetrics_sitenote_category":0,"spay_email":"","jetpack_publicize_message":"FOODFRIDAY |\u00a0Lunch at The Greens in Berlin Mitte","jetpack_is_tweetstorm":false,"jetpack_publicize_feature_enabled":true},"categories":[1055,521],"tags":[1108,1054,1178],"acf":[],"yoast_head":"<!-- This site is optimized with the Yoast SEO plugin v18.9 - https:\/\/yoast.com\/wordpress\/plugins\/seo\/ -->\n<title>(English) Lunch at The Greens in Berlin Mitte |\u00a0coffee and plants<\/title>\n<meta name=\"description\" content=\"(English) I was happy about the opening of The Greens Coffee and Plants - a small &quot;Urban Jungle&quot; Caf\u00e9. Apart from the beautiful weather today, the w\" \/>\n<meta name=\"robots\" content=\"index, follow, max-snippet:-1, max-image-preview:large, max-video-preview:-1\" \/>\n<link rel=\"canonical\" href=\"https:\/\/thegoldenbun.com\/de\/2019\/02\/lunch-at-the-greens-in-berlin-mitte\/\" \/>\n<meta property=\"og:locale\" content=\"de_DE\" \/>\n<meta property=\"og:type\" content=\"article\" \/>\n<meta property=\"og:title\" content=\"Lunch at The Greens in Berlin Mitte\" \/>\n<meta property=\"og:description\" content=\"All the more I was happy about the opening of The Greens Coffee and Plants - a small &quot;Urban Jungle&quot; Caf\u00e9. Apart from the beautiful weather today, the winter in Berlin can quickly get monotonous (the weather prospects for the weekend are once again great ... not). A cosy caf\u00e9 for lunch or coffee is just the thing. I made an appointment with a friend for lunch during the week. Again and again people went out and in, which got\" \/>\n<meta property=\"og:url\" content=\"https:\/\/thegoldenbun.com\/de\/2019\/02\/lunch-at-the-greens-in-berlin-mitte\/\" \/>\n<meta property=\"og:site_name\" content=\"The Golden Bun\" \/>\n<meta property=\"article:publisher\" content=\"http:\/\/www.facebook.com\/thegoldenbun\" \/>\n<meta property=\"article:published_time\" content=\"2019-02-08T10:31:00+00:00\" \/>\n<meta property=\"article:modified_time\" content=\"2019-05-14T06:47:01+00:00\" \/>\n<meta property=\"og:image\" content=\"https:\/\/thegoldenbun.com\/wp-content\/uploads\/2019\/02\/The-Greens-Coffee-Plants-Berlin-Mitte-Caf\u00e9-Alte-M\u00fcnze_fb.jpg\" \/>\n\t<meta property=\"og:image:width\" content=\"1500\" \/>\n\t<meta property=\"og:image:height\" content=\"787\" \/>\n\t<meta property=\"og:image:type\" content=\"image\/jpeg\" \/>\n<meta name=\"twitter:card\" content=\"summary\" \/>\n<meta name=\"twitter:creator\" content=\"@thegoldenbun\" \/>\n<meta name=\"twitter:site\" content=\"@thegoldenbun\" \/>\n<meta name=\"twitter:label1\" content=\"Verfasst von\" \/>\n\t<meta name=\"twitter:data1\" content=\"Vicky\" \/>\n\t<meta name=\"twitter:label2\" content=\"Gesch\u00e4tzte Lesezeit\" \/>\n\t<meta name=\"twitter:data2\" content=\"2\u00a0Minuten\" \/>\n<script type=\"application\/ld+json\" class=\"yoast-schema-graph\">{\"@context\":\"https:\/\/schema.org\",\"@graph\":[{\"@type\":\"WebSite\",\"@id\":\"https:\/\/thegoldenbun.com\/#website\",\"url\":\"https:\/\/thegoldenbun.com\/\",\"name\":\"The Golden Bun\",\"description\":\"Deutscher Reiseblog \/ Modeblog \/ Lifestyleblog \/ Berlin &amp; M\u00fcnchen \/ Reise &amp; Restaurant Tipps\",\"potentialAction\":[{\"@type\":\"SearchAction\",\"target\":{\"@type\":\"EntryPoint\",\"urlTemplate\":\"https:\/\/thegoldenbun.com\/?s={search_term_string}\"},\"query-input\":\"required name=search_term_string\"}],\"inLanguage\":\"de\"},{\"@type\":\"ImageObject\",\"inLanguage\":\"de\",\"@id\":\"https:\/\/thegoldenbun.com\/de\/2019\/02\/lunch-at-the-greens-in-berlin-mitte\/#primaryimage\",\"url\":\"https:\/\/thegoldenbun.com\/wp-content\/uploads\/2019\/02\/The-Greens-Coffee-Plants-Berlin-Mitte-Caf\u00e9-Alte-M\u00fcnze_fb.jpg\",\"contentUrl\":\"https:\/\/thegoldenbun.com\/wp-content\/uploads\/2019\/02\/The-Greens-Coffee-Plants-Berlin-Mitte-Caf\u00e9-Alte-M\u00fcnze_fb.jpg\",\"width\":1500,\"height\":787},{\"@type\":\"WebPage\",\"@id\":\"https:\/\/thegoldenbun.com\/de\/2019\/02\/lunch-at-the-greens-in-berlin-mitte\/#webpage\",\"url\":\"https:\/\/thegoldenbun.com\/de\/2019\/02\/lunch-at-the-greens-in-berlin-mitte\/\",\"name\":\"(English) Lunch at The Greens in Berlin Mitte |\u00a0coffee and plants\",\"isPartOf\":{\"@id\":\"https:\/\/thegoldenbun.com\/#website\"},\"primaryImageOfPage\":{\"@id\":\"https:\/\/thegoldenbun.com\/de\/2019\/02\/lunch-at-the-greens-in-berlin-mitte\/#primaryimage\"},\"datePublished\":\"2019-02-08T10:31:00+00:00\",\"dateModified\":\"2019-05-14T06:47:01+00:00\",\"author\":{\"@id\":\"https:\/\/thegoldenbun.com\/#\/schema\/person\/a8ed0c60451d5a883d10e21afc630268\"},\"description\":\"(English) I was happy about the opening of The Greens Coffee and Plants - a small \\\"Urban Jungle\\\" Caf\u00e9. Apart from the beautiful weather today, the w\",\"breadcrumb\":{\"@id\":\"https:\/\/thegoldenbun.com\/de\/2019\/02\/lunch-at-the-greens-in-berlin-mitte\/#breadcrumb\"},\"inLanguage\":\"de\",\"potentialAction\":[{\"@type\":\"ReadAction\",\"target\":[\"https:\/\/thegoldenbun.com\/de\/2019\/02\/lunch-at-the-greens-in-berlin-mitte\/\"]}]},{\"@type\":\"BreadcrumbList\",\"@id\":\"https:\/\/thegoldenbun.com\/de\/2019\/02\/lunch-at-the-greens-in-berlin-mitte\/#breadcrumb\",\"itemListElement\":[{\"@type\":\"ListItem\",\"position\":1,\"name\":\"Home\",\"item\":\"https:\/\/thegoldenbun.com\/\"},{\"@type\":\"ListItem\",\"position\":2,\"name\":\"Lunch im The Greens in Berlin Mitte\"}]},{\"@type\":\"Person\",\"@id\":\"https:\/\/thegoldenbun.com\/#\/schema\/person\/a8ed0c60451d5a883d10e21afc630268\",\"name\":\"Vicky\",\"url\":\"https:\/\/thegoldenbun.com\/de\/author\/tgb\/\"}]}<\/script>\n<!-- \/ Yoast SEO plugin. -->","yoast_head_json":{"title":"(English) Lunch at The Greens in Berlin Mitte |\u00a0coffee and plants","description":"(English) I was happy about the opening of The Greens Coffee and Plants - a small \"Urban Jungle\" Caf\u00e9. Apart from the beautiful weather today, the w","robots":{"index":"index","follow":"follow","max-snippet":"max-snippet:-1","max-image-preview":"max-image-preview:large","max-video-preview":"max-video-preview:-1"},"canonical":"https:\/\/thegoldenbun.com\/de\/2019\/02\/lunch-at-the-greens-in-berlin-mitte\/","og_locale":"de_DE","og_type":"article","og_title":"Lunch at The Greens in Berlin Mitte","og_description":"All the more I was happy about the opening of The Greens Coffee and Plants - a small \"Urban Jungle\" Caf\u00e9. Apart from the beautiful weather today, the winter in Berlin can quickly get monotonous (the weather prospects for the weekend are once again great ... not). A cosy caf\u00e9 for lunch or coffee is just the thing. I made an appointment with a friend for lunch during the week. Again and again people went out and in, which got","og_url":"https:\/\/thegoldenbun.com\/de\/2019\/02\/lunch-at-the-greens-in-berlin-mitte\/","og_site_name":"The Golden Bun","article_publisher":"http:\/\/www.facebook.com\/thegoldenbun","article_published_time":"2019-02-08T10:31:00+00:00","article_modified_time":"2019-05-14T06:47:01+00:00","og_image":[{"width":1500,"height":787,"url":"https:\/\/thegoldenbun.com\/wp-content\/uploads\/2019\/02\/The-Greens-Coffee-Plants-Berlin-Mitte-Caf\u00e9-Alte-M\u00fcnze_fb.jpg","type":"image\/jpeg"}],"twitter_card":"summary","twitter_creator":"@thegoldenbun","twitter_site":"@thegoldenbun","twitter_misc":{"Verfasst von":"Vicky","Gesch\u00e4tzte Lesezeit":"2\u00a0Minuten"},"schema":{"@context":"https:\/\/schema.org","@graph":[{"@type":"WebSite","@id":"https:\/\/thegoldenbun.com\/#website","url":"https:\/\/thegoldenbun.com\/","name":"The Golden Bun","description":"Deutscher Reiseblog \/ Modeblog \/ Lifestyleblog \/ Berlin &amp; M\u00fcnchen \/ Reise &amp; Restaurant Tipps","potentialAction":[{"@type":"SearchAction","target":{"@type":"EntryPoint","urlTemplate":"https:\/\/thegoldenbun.com\/?s={search_term_string}"},"query-input":"required name=search_term_string"}],"inLanguage":"de"},{"@type":"ImageObject","inLanguage":"de","@id":"https:\/\/thegoldenbun.com\/de\/2019\/02\/lunch-at-the-greens-in-berlin-mitte\/#primaryimage","url":"https:\/\/thegoldenbun.com\/wp-content\/uploads\/2019\/02\/The-Greens-Coffee-Plants-Berlin-Mitte-Caf\u00e9-Alte-M\u00fcnze_fb.jpg","contentUrl":"https:\/\/thegoldenbun.com\/wp-content\/uploads\/2019\/02\/The-Greens-Coffee-Plants-Berlin-Mitte-Caf\u00e9-Alte-M\u00fcnze_fb.jpg","width":1500,"height":787},{"@type":"WebPage","@id":"https:\/\/thegoldenbun.com\/de\/2019\/02\/lunch-at-the-greens-in-berlin-mitte\/#webpage","url":"https:\/\/thegoldenbun.com\/de\/2019\/02\/lunch-at-the-greens-in-berlin-mitte\/","name":"(English) Lunch at The Greens in Berlin Mitte |\u00a0coffee and plants","isPartOf":{"@id":"https:\/\/thegoldenbun.com\/#website"},"primaryImageOfPage":{"@id":"https:\/\/thegoldenbun.com\/de\/2019\/02\/lunch-at-the-greens-in-berlin-mitte\/#primaryimage"},"datePublished":"2019-02-08T10:31:00+00:00","dateModified":"2019-05-14T06:47:01+00:00","author":{"@id":"https:\/\/thegoldenbun.com\/#\/schema\/person\/a8ed0c60451d5a883d10e21afc630268"},"description":"(English) I was happy about the opening of The Greens Coffee and Plants - a small \"Urban Jungle\" Caf\u00e9. Apart from the beautiful weather today, the w","breadcrumb":{"@id":"https:\/\/thegoldenbun.com\/de\/2019\/02\/lunch-at-the-greens-in-berlin-mitte\/#breadcrumb"},"inLanguage":"de","potentialAction":[{"@type":"ReadAction","target":["https:\/\/thegoldenbun.com\/de\/2019\/02\/lunch-at-the-greens-in-berlin-mitte\/"]}]},{"@type":"BreadcrumbList","@id":"https:\/\/thegoldenbun.com\/de\/2019\/02\/lunch-at-the-greens-in-berlin-mitte\/#breadcrumb","itemListElement":[{"@type":"ListItem","position":1,"name":"Home","item":"https:\/\/thegoldenbun.com\/"},{"@type":"ListItem","position":2,"name":"Lunch im The Greens in Berlin Mitte"}]},{"@type":"Person","@id":"https:\/\/thegoldenbun.com\/#\/schema\/person\/a8ed0c60451d5a883d10e21afc630268","name":"Vicky","url":"https:\/\/thegoldenbun.com\/de\/author\/tgb\/"}]}},"jetpack_featured_media_url":"https:\/\/thegoldenbun.com\/wp-content\/uploads\/2019\/02\/The-Greens-Coffee-Plants-Berlin-Mitte-Caf\u00e9-Alte-M\u00fcnze4.jpg","jetpack_publicize_connections":[],"jetpack_sharing_enabled":true,"_links":{"self":[{"href":"https:\/\/thegoldenbun.com\/de\/wp-json\/wp\/v2\/posts\/42145"}],"collection":[{"href":"https:\/\/thegoldenbun.com\/de\/wp-json\/wp\/v2\/posts"}],"about":[{"href":"https:\/\/thegoldenbun.com\/de\/wp-json\/wp\/v2\/types\/post"}],"author":[{"embeddable":true,"href":"https:\/\/thegoldenbun.com\/de\/wp-json\/wp\/v2\/users\/1"}],"replies":[{"embeddable":true,"href":"https:\/\/thegoldenbun.com\/de\/wp-json\/wp\/v2\/comments?post=42145"}],"version-history":[{"count":0,"href":"https:\/\/thegoldenbun.com\/de\/wp-json\/wp\/v2\/posts\/42145\/revisions"}],"wp:featuredmedia":[{"embeddable":true,"href":"https:\/\/thegoldenbun.com\/de\/wp-json\/wp\/v2\/media\/42150"}],"wp:attachment":[{"href":"https:\/\/thegoldenbun.com\/de\/wp-json\/wp\/v2\/media?parent=42145"}],"wp:term":[{"taxonomy":"category","embeddable":true,"href":"https:\/\/thegoldenbun.com\/de\/wp-json\/wp\/v2\/categories?post=42145"},{"taxonomy":"post_tag","embeddable":true,"href":"https:\/\/thegoldenbun.com\/de\/wp-json\/wp\/v2\/tags?post=42145"}],"curies":[{"name":"wp","href":"https:\/\/api.w.org\/{rel}","templated":true}]}}