{"id":46160,"date":"2020-12-07T12:07:26","date_gmt":"2020-12-07T11:07:26","guid":{"rendered":"https:\/\/thegoldenbun.com\/?p=46160"},"modified":"2020-12-08T21:09:47","modified_gmt":"2020-12-08T20:09:47","slug":"gift-ideas-giving-memories-with-photos-always-a-good-idea","status":"publish","type":"post","link":"https:\/\/thegoldenbun.com\/de\/2020\/12\/gift-ideas-giving-memories-with-photos-always-a-good-idea\/","title":{"rendered":"Geschenksideen |\u00a0Erinnerungen mit Fotos schenken \u2013\u00a0immer eine gute Idee!"},"content":{"rendered":"<p>Ich wei\u00df nicht was mich geritten hat, irgendwann alle meine Fotos als Abz\u00fcge zu bestellen. Abz\u00fcge der letzten drei Jahre mit all meinen Reisen, die ich durchs Bloggen unternommen habe. Aber auch Fotoabz\u00fcge von Reisen mit meinen Freunden. Aber die beste Idee davon kommt noch&#8230;<\/p>\n<img loading=\"lazy\" class=\"alignnone size-full wp-image-46161\" src=\"https:\/\/thegoldenbun.com\/wp-content\/uploads\/2020\/12\/www.albelli.de-Fotokalender-Foto-Buch-The-Golden-Bun-1.jpg\" alt=\"www.albelli.de Fotokalender Foto Buch The Golden Bun\" width=\"1500\" height=\"1000\" srcset=\"https:\/\/thegoldenbun.com\/wp-content\/uploads\/2020\/12\/www.albelli.de-Fotokalender-Foto-Buch-The-Golden-Bun-1.jpg 1500w, https:\/\/thegoldenbun.com\/wp-content\/uploads\/2020\/12\/www.albelli.de-Fotokalender-Foto-Buch-The-Golden-Bun-1-800x533.jpg 800w, https:\/\/thegoldenbun.com\/wp-content\/uploads\/2020\/12\/www.albelli.de-Fotokalender-Foto-Buch-The-Golden-Bun-1-350x233.jpg 350w, https:\/\/thegoldenbun.com\/wp-content\/uploads\/2020\/12\/www.albelli.de-Fotokalender-Foto-Buch-The-Golden-Bun-1-768x512.jpg 768w, https:\/\/thegoldenbun.com\/wp-content\/uploads\/2020\/12\/www.albelli.de-Fotokalender-Foto-Buch-The-Golden-Bun-1-24x16.jpg 24w, https:\/\/thegoldenbun.com\/wp-content\/uploads\/2020\/12\/www.albelli.de-Fotokalender-Foto-Buch-The-Golden-Bun-1-36x24.jpg 36w, https:\/\/thegoldenbun.com\/wp-content\/uploads\/2020\/12\/www.albelli.de-Fotokalender-Foto-Buch-The-Golden-Bun-1-48x32.jpg 48w, https:\/\/thegoldenbun.com\/wp-content\/uploads\/2020\/12\/www.albelli.de-Fotokalender-Foto-Buch-The-Golden-Bun-1-1200x800.jpg 1200w\" sizes=\"(max-width: 1500px) 100vw, 1500px\" \/>\n<h1><strong>FOTO-B\u00dcCHER <em>als<\/em>\u00a0<\/strong><em>Erinnerungen<\/em><\/h1>\n<p>Die beste Idee war n\u00e4mlich alle fein s\u00e4uberlich in diese sch\u00f6nen Skizzenb\u00fccher (die haben wir f\u00fcrs Studium immer gekauft) h\u00e4ndisch einzukleben zu wollen. Ein toller Plan, der eine super Besch\u00e4ftigung f\u00fcr den ersten Lockdown gewesen w\u00e4re&#8230; auch f\u00fcr den zweiten Lockdown-Light. Aber ratet Mal wieviele Alben ich letztendlich gemacht habe? Vielleicht drei-vier St\u00fcck&#8230; von mindestens 10-15 Reisen! Da h\u00e4tte ich mir wirklich sehr viel Zeit erspart, einfach ein Foto-Buch online zu bestellen. Die Arbeitsstunden hatte ich nat\u00fcrlich nicht einkalkuliert.<\/p>\n<ul>\n<li>Ein guter Anbieter hier ist beispielsweise Albelli, welcher neben Foto-B\u00fcchern auch sehr viele sch\u00f6ne Foto-Produkte anbietet.<\/li>\n<\/ul>\n<div class=\"tgb_left\"><img loading=\"lazy\" class=\"alignnone size-full wp-image-46164\" src=\"https:\/\/thegoldenbun.com\/wp-content\/uploads\/2020\/12\/www.albelli.de-Fotokalender-Foto-Buch-The-Golden-Bun-3.jpg\" alt=\"www.albelli.de Fotokalender Foto Buch The Golden Bun\" width=\"1000\" height=\"1500\" srcset=\"https:\/\/thegoldenbun.com\/wp-content\/uploads\/2020\/12\/www.albelli.de-Fotokalender-Foto-Buch-The-Golden-Bun-3.jpg 1000w, https:\/\/thegoldenbun.com\/wp-content\/uploads\/2020\/12\/www.albelli.de-Fotokalender-Foto-Buch-The-Golden-Bun-3-683x1024.jpg 683w, https:\/\/thegoldenbun.com\/wp-content\/uploads\/2020\/12\/www.albelli.de-Fotokalender-Foto-Buch-The-Golden-Bun-3-233x350.jpg 233w, https:\/\/thegoldenbun.com\/wp-content\/uploads\/2020\/12\/www.albelli.de-Fotokalender-Foto-Buch-The-Golden-Bun-3-768x1152.jpg 768w, https:\/\/thegoldenbun.com\/wp-content\/uploads\/2020\/12\/www.albelli.de-Fotokalender-Foto-Buch-The-Golden-Bun-3-16x24.jpg 16w, https:\/\/thegoldenbun.com\/wp-content\/uploads\/2020\/12\/www.albelli.de-Fotokalender-Foto-Buch-The-Golden-Bun-3-24x36.jpg 24w, https:\/\/thegoldenbun.com\/wp-content\/uploads\/2020\/12\/www.albelli.de-Fotokalender-Foto-Buch-The-Golden-Bun-3-32x48.jpg 32w\" sizes=\"(max-width: 1000px) 100vw, 1000px\" \/><\/div>\n<div class=\"tgb_right\"><img loading=\"lazy\" class=\"alignnone size-full wp-image-46168\" src=\"https:\/\/thegoldenbun.com\/wp-content\/uploads\/2020\/12\/www.albelli.de-Fotokalender-Foto-Buch-The-Golden-Bun-2b.gif\" alt=\"www.albelli.de Fotokalender Foto Buch The Golden Bun\" width=\"667\" height=\"1000\" \/><\/div>\n<h3><em>&#8230; und auch perfekt als<\/em> <strong>WEIHNACHTSGESCHENK!<\/strong><\/h3>\n<p>Als Weihnachtsgeschenk eignen sich Foto-B\u00fccher besonders gut. Dieses Jahr habe ich aber leider nicht sehr viele Reisen mit meiner Freunden und Familie unternommen. Ich werde aber ein kleines Album mit unserem Umbau online bestellen. Wie ihr auf Instagram (@thegoldenbun) mitbekommen habt, haben wir im Fr\u00fchjahr begonnen unser Dachgeschoss auszubauen. Den Umbau als Erinnerung festzuhalten finde ich auch sehr spannend.<\/p>\n<img loading=\"lazy\" class=\"alignnone size-full wp-image-46165\" src=\"https:\/\/thegoldenbun.com\/wp-content\/uploads\/2020\/12\/www.albelli.de-Fotokalender-Foto-Buch-The-Golden-Bun-4.jpg\" alt=\"www.albelli.de Fotokalender Foto Buch The Golden Bun\" width=\"1500\" height=\"1000\" srcset=\"https:\/\/thegoldenbun.com\/wp-content\/uploads\/2020\/12\/www.albelli.de-Fotokalender-Foto-Buch-The-Golden-Bun-4.jpg 1500w, https:\/\/thegoldenbun.com\/wp-content\/uploads\/2020\/12\/www.albelli.de-Fotokalender-Foto-Buch-The-Golden-Bun-4-800x533.jpg 800w, https:\/\/thegoldenbun.com\/wp-content\/uploads\/2020\/12\/www.albelli.de-Fotokalender-Foto-Buch-The-Golden-Bun-4-350x233.jpg 350w, https:\/\/thegoldenbun.com\/wp-content\/uploads\/2020\/12\/www.albelli.de-Fotokalender-Foto-Buch-The-Golden-Bun-4-768x512.jpg 768w, https:\/\/thegoldenbun.com\/wp-content\/uploads\/2020\/12\/www.albelli.de-Fotokalender-Foto-Buch-The-Golden-Bun-4-24x16.jpg 24w, https:\/\/thegoldenbun.com\/wp-content\/uploads\/2020\/12\/www.albelli.de-Fotokalender-Foto-Buch-The-Golden-Bun-4-36x24.jpg 36w, https:\/\/thegoldenbun.com\/wp-content\/uploads\/2020\/12\/www.albelli.de-Fotokalender-Foto-Buch-The-Golden-Bun-4-48x32.jpg 48w, https:\/\/thegoldenbun.com\/wp-content\/uploads\/2020\/12\/www.albelli.de-Fotokalender-Foto-Buch-The-Golden-Bun-4-1200x800.jpg 1200w\" sizes=\"(max-width: 1500px) 100vw, 1500px\" \/>\n<p>Meinem Gro\u00dfvater habe ich vor zwei Jahren einen <a href=\"https:\/\/www.albelli.de\/fotokalender\">Foto-Kalender<\/a>\u00a0bestellt, das ich euch auf jeden Fall auch sehr empfehlen kann. Dies werde ich die kommenden Tage nochmals angehen. N\u00e4chstes Jahr muss ich unbedingt wieder mehr fotografieren, damit ich mehr Fotos zur Auswahl habe.<\/p>\n<img loading=\"lazy\" class=\"alignnone size-full wp-image-46166\" src=\"https:\/\/thegoldenbun.com\/wp-content\/uploads\/2020\/12\/www.albelli.de-Fotokalender-Foto-Buch-The-Golden-Bun-5.jpg\" alt=\"www.albelli.de Fotokalender Foto Buch The Golden Bun\" width=\"1500\" height=\"1000\" srcset=\"https:\/\/thegoldenbun.com\/wp-content\/uploads\/2020\/12\/www.albelli.de-Fotokalender-Foto-Buch-The-Golden-Bun-5.jpg 1500w, https:\/\/thegoldenbun.com\/wp-content\/uploads\/2020\/12\/www.albelli.de-Fotokalender-Foto-Buch-The-Golden-Bun-5-800x533.jpg 800w, https:\/\/thegoldenbun.com\/wp-content\/uploads\/2020\/12\/www.albelli.de-Fotokalender-Foto-Buch-The-Golden-Bun-5-350x233.jpg 350w, https:\/\/thegoldenbun.com\/wp-content\/uploads\/2020\/12\/www.albelli.de-Fotokalender-Foto-Buch-The-Golden-Bun-5-768x512.jpg 768w, https:\/\/thegoldenbun.com\/wp-content\/uploads\/2020\/12\/www.albelli.de-Fotokalender-Foto-Buch-The-Golden-Bun-5-24x16.jpg 24w, https:\/\/thegoldenbun.com\/wp-content\/uploads\/2020\/12\/www.albelli.de-Fotokalender-Foto-Buch-The-Golden-Bun-5-36x24.jpg 36w, https:\/\/thegoldenbun.com\/wp-content\/uploads\/2020\/12\/www.albelli.de-Fotokalender-Foto-Buch-The-Golden-Bun-5-48x32.jpg 48w, https:\/\/thegoldenbun.com\/wp-content\/uploads\/2020\/12\/www.albelli.de-Fotokalender-Foto-Buch-The-Golden-Bun-5-1200x800.jpg 1200w\" sizes=\"(max-width: 1500px) 100vw, 1500px\" \/>\n<p>Macht ihr noch &#8222;Oldschool&#8220;-Foto-Alben oder bestellt ihr lieber Foto-B\u00fccher online?<\/p>\n<div class=\"post-signature\">Ich w\u00fcnsche euch einen sch\u00f6nen Tag!<br \/>\n<img src=\"http:\/\/thegoldenbun.com\/wp-content\/uploads\/2017\/05\/handschrift_Vicky.png\" \/><\/div>\n<p><\/p>","protected":false},"excerpt":{"rendered":"<p>Ich wei\u00df nicht was mich geritten hat, irgendwann alle meine Fotos als Abz\u00fcge zu bestellen. Abz\u00fcge der letzten drei Jahre mit all meinen Reisen, die ich durchs Bloggen unternommen habe. Aber auch Fotoabz\u00fcge von Reisen mit meinen Freunden. Aber die beste Idee davon kommt noch&#8230; FOTO-B\u00dcCHER als\u00a0Erinnerungen Die beste Idee war n\u00e4mlich alle fein s\u00e4uberlich in diese sch\u00f6nen Skizzenb\u00fccher (die haben wir f\u00fcrs Studium immer gekauft) h\u00e4ndisch einzukleben zu wollen. [&hellip;]<\/p>\n","protected":false},"author":1,"featured_media":46162,"comment_status":"open","ping_status":"open","sticky":false,"template":"","format":"standard","meta":{"_exactmetrics_skip_tracking":false,"_exactmetrics_sitenote_active":false,"_exactmetrics_sitenote_note":"","_exactmetrics_sitenote_category":0,"spay_email":"","jetpack_publicize_message":"","jetpack_is_tweetstorm":false,"jetpack_publicize_feature_enabled":true},"categories":[39],"tags":[1316,1313,1314,1315],"acf":[],"yoast_head":"<!-- This site is optimized with the Yoast SEO plugin v18.9 - https:\/\/yoast.com\/wordpress\/plugins\/seo\/ -->\n<title>Geschenksideen |\u00a0Erinnerungen mit Fotos schenken \u2013\u00a0immer eine gute Idee! - The Golden Bun<\/title>\n<meta name=\"robots\" content=\"index, follow, max-snippet:-1, max-image-preview:large, max-video-preview:-1\" \/>\n<link rel=\"canonical\" href=\"https:\/\/thegoldenbun.com\/de\/2020\/12\/gift-ideas-giving-memories-with-photos-always-a-good-idea\/\" \/>\n<meta property=\"og:locale\" content=\"de_DE\" \/>\n<meta property=\"og:type\" content=\"article\" \/>\n<meta property=\"og:title\" content=\"Geschenksideen |\u00a0Erinnerungen mit Fotos schenken \u2013\u00a0immer eine gute Idee! - The Golden Bun\" \/>\n<meta property=\"og:description\" content=\"Ich wei\u00df nicht was mich geritten hat, irgendwann alle meine Fotos als Abz\u00fcge zu bestellen. Abz\u00fcge der letzten drei Jahre mit all meinen Reisen, die ich durchs Bloggen unternommen habe. Aber auch Fotoabz\u00fcge von Reisen mit meinen Freunden. Aber die beste Idee davon kommt noch&#8230; FOTO-B\u00dcCHER als\u00a0Erinnerungen Die beste Idee war n\u00e4mlich alle fein s\u00e4uberlich in diese sch\u00f6nen Skizzenb\u00fccher (die haben wir f\u00fcrs Studium immer gekauft) h\u00e4ndisch einzukleben zu wollen. [&hellip;]\" \/>\n<meta property=\"og:url\" content=\"https:\/\/thegoldenbun.com\/de\/2020\/12\/gift-ideas-giving-memories-with-photos-always-a-good-idea\/\" \/>\n<meta property=\"og:site_name\" content=\"The Golden Bun\" \/>\n<meta property=\"article:publisher\" content=\"http:\/\/www.facebook.com\/thegoldenbun\" \/>\n<meta property=\"article:published_time\" content=\"2020-12-07T11:07:26+00:00\" \/>\n<meta property=\"article:modified_time\" content=\"2020-12-08T20:09:47+00:00\" \/>\n<meta property=\"og:image\" content=\"https:\/\/thegoldenbun.com\/wp-content\/uploads\/2020\/12\/www.albelli.de-Fotokalender-Foto-Buch-The-Golden-Bun-2.jpg\" \/>\n\t<meta property=\"og:image:width\" content=\"1000\" \/>\n\t<meta property=\"og:image:height\" content=\"1500\" \/>\n\t<meta property=\"og:image:type\" content=\"image\/jpeg\" \/>\n<meta name=\"twitter:card\" content=\"summary\" \/>\n<meta name=\"twitter:creator\" content=\"@thegoldenbun\" \/>\n<meta name=\"twitter:site\" content=\"@thegoldenbun\" \/>\n<meta name=\"twitter:label1\" content=\"Verfasst von\" \/>\n\t<meta name=\"twitter:data1\" content=\"Vicky\" \/>\n\t<meta name=\"twitter:label2\" content=\"Gesch\u00e4tzte Lesezeit\" \/>\n\t<meta name=\"twitter:data2\" content=\"3\u00a0Minuten\" \/>\n<script type=\"application\/ld+json\" class=\"yoast-schema-graph\">{\"@context\":\"https:\/\/schema.org\",\"@graph\":[{\"@type\":\"WebSite\",\"@id\":\"https:\/\/thegoldenbun.com\/#website\",\"url\":\"https:\/\/thegoldenbun.com\/\",\"name\":\"The Golden Bun\",\"description\":\"Deutscher Reiseblog \/ Modeblog \/ Lifestyleblog \/ Berlin &amp; M\u00fcnchen \/ Reise &amp; Restaurant Tipps\",\"potentialAction\":[{\"@type\":\"SearchAction\",\"target\":{\"@type\":\"EntryPoint\",\"urlTemplate\":\"https:\/\/thegoldenbun.com\/?s={search_term_string}\"},\"query-input\":\"required name=search_term_string\"}],\"inLanguage\":\"de\"},{\"@type\":\"ImageObject\",\"inLanguage\":\"de\",\"@id\":\"https:\/\/thegoldenbun.com\/de\/2020\/12\/gift-ideas-giving-memories-with-photos-always-a-good-idea\/#primaryimage\",\"url\":\"https:\/\/thegoldenbun.com\/wp-content\/uploads\/2020\/12\/www.albelli.de-Fotokalender-Foto-Buch-The-Golden-Bun-2.jpg\",\"contentUrl\":\"https:\/\/thegoldenbun.com\/wp-content\/uploads\/2020\/12\/www.albelli.de-Fotokalender-Foto-Buch-The-Golden-Bun-2.jpg\",\"width\":1000,\"height\":1500,\"caption\":\"www.albelli.de Fotokalender Foto Buch The Golden Bun\"},{\"@type\":\"WebPage\",\"@id\":\"https:\/\/thegoldenbun.com\/de\/2020\/12\/gift-ideas-giving-memories-with-photos-always-a-good-idea\/#webpage\",\"url\":\"https:\/\/thegoldenbun.com\/de\/2020\/12\/gift-ideas-giving-memories-with-photos-always-a-good-idea\/\",\"name\":\"Geschenksideen |\u00a0Erinnerungen mit Fotos schenken \u2013\u00a0immer eine gute Idee! - The Golden Bun\",\"isPartOf\":{\"@id\":\"https:\/\/thegoldenbun.com\/#website\"},\"primaryImageOfPage\":{\"@id\":\"https:\/\/thegoldenbun.com\/de\/2020\/12\/gift-ideas-giving-memories-with-photos-always-a-good-idea\/#primaryimage\"},\"datePublished\":\"2020-12-07T11:07:26+00:00\",\"dateModified\":\"2020-12-08T20:09:47+00:00\",\"author\":{\"@id\":\"https:\/\/thegoldenbun.com\/#\/schema\/person\/a8ed0c60451d5a883d10e21afc630268\"},\"breadcrumb\":{\"@id\":\"https:\/\/thegoldenbun.com\/de\/2020\/12\/gift-ideas-giving-memories-with-photos-always-a-good-idea\/#breadcrumb\"},\"inLanguage\":\"de\",\"potentialAction\":[{\"@type\":\"ReadAction\",\"target\":[\"https:\/\/thegoldenbun.com\/de\/2020\/12\/gift-ideas-giving-memories-with-photos-always-a-good-idea\/\"]}]},{\"@type\":\"BreadcrumbList\",\"@id\":\"https:\/\/thegoldenbun.com\/de\/2020\/12\/gift-ideas-giving-memories-with-photos-always-a-good-idea\/#breadcrumb\",\"itemListElement\":[{\"@type\":\"ListItem\",\"position\":1,\"name\":\"Home\",\"item\":\"https:\/\/thegoldenbun.com\/\"},{\"@type\":\"ListItem\",\"position\":2,\"name\":\"Geschenksideen |\u00a0Erinnerungen mit Fotos schenken \u2013\u00a0immer eine gute Idee!\"}]},{\"@type\":\"Person\",\"@id\":\"https:\/\/thegoldenbun.com\/#\/schema\/person\/a8ed0c60451d5a883d10e21afc630268\",\"name\":\"Vicky\",\"url\":\"https:\/\/thegoldenbun.com\/de\/author\/tgb\/\"}]}<\/script>\n<!-- \/ Yoast SEO plugin. -->","yoast_head_json":{"title":"Geschenksideen |\u00a0Erinnerungen mit Fotos schenken \u2013\u00a0immer eine gute Idee! - The Golden Bun","robots":{"index":"index","follow":"follow","max-snippet":"max-snippet:-1","max-image-preview":"max-image-preview:large","max-video-preview":"max-video-preview:-1"},"canonical":"https:\/\/thegoldenbun.com\/de\/2020\/12\/gift-ideas-giving-memories-with-photos-always-a-good-idea\/","og_locale":"de_DE","og_type":"article","og_title":"Geschenksideen |\u00a0Erinnerungen mit Fotos schenken \u2013\u00a0immer eine gute Idee! - The Golden Bun","og_description":"Ich wei\u00df nicht was mich geritten hat, irgendwann alle meine Fotos als Abz\u00fcge zu bestellen. Abz\u00fcge der letzten drei Jahre mit all meinen Reisen, die ich durchs Bloggen unternommen habe. Aber auch Fotoabz\u00fcge von Reisen mit meinen Freunden. Aber die beste Idee davon kommt noch&#8230; FOTO-B\u00dcCHER als\u00a0Erinnerungen Die beste Idee war n\u00e4mlich alle fein s\u00e4uberlich in diese sch\u00f6nen Skizzenb\u00fccher (die haben wir f\u00fcrs Studium immer gekauft) h\u00e4ndisch einzukleben zu wollen. [&hellip;]","og_url":"https:\/\/thegoldenbun.com\/de\/2020\/12\/gift-ideas-giving-memories-with-photos-always-a-good-idea\/","og_site_name":"The Golden Bun","article_publisher":"http:\/\/www.facebook.com\/thegoldenbun","article_published_time":"2020-12-07T11:07:26+00:00","article_modified_time":"2020-12-08T20:09:47+00:00","og_image":[{"width":1000,"height":1500,"url":"https:\/\/thegoldenbun.com\/wp-content\/uploads\/2020\/12\/www.albelli.de-Fotokalender-Foto-Buch-The-Golden-Bun-2.jpg","type":"image\/jpeg"}],"twitter_card":"summary","twitter_creator":"@thegoldenbun","twitter_site":"@thegoldenbun","twitter_misc":{"Verfasst von":"Vicky","Gesch\u00e4tzte Lesezeit":"3\u00a0Minuten"},"schema":{"@context":"https:\/\/schema.org","@graph":[{"@type":"WebSite","@id":"https:\/\/thegoldenbun.com\/#website","url":"https:\/\/thegoldenbun.com\/","name":"The Golden Bun","description":"Deutscher Reiseblog \/ Modeblog \/ Lifestyleblog \/ Berlin &amp; M\u00fcnchen \/ Reise &amp; Restaurant Tipps","potentialAction":[{"@type":"SearchAction","target":{"@type":"EntryPoint","urlTemplate":"https:\/\/thegoldenbun.com\/?s={search_term_string}"},"query-input":"required name=search_term_string"}],"inLanguage":"de"},{"@type":"ImageObject","inLanguage":"de","@id":"https:\/\/thegoldenbun.com\/de\/2020\/12\/gift-ideas-giving-memories-with-photos-always-a-good-idea\/#primaryimage","url":"https:\/\/thegoldenbun.com\/wp-content\/uploads\/2020\/12\/www.albelli.de-Fotokalender-Foto-Buch-The-Golden-Bun-2.jpg","contentUrl":"https:\/\/thegoldenbun.com\/wp-content\/uploads\/2020\/12\/www.albelli.de-Fotokalender-Foto-Buch-The-Golden-Bun-2.jpg","width":1000,"height":1500,"caption":"www.albelli.de Fotokalender Foto Buch The Golden Bun"},{"@type":"WebPage","@id":"https:\/\/thegoldenbun.com\/de\/2020\/12\/gift-ideas-giving-memories-with-photos-always-a-good-idea\/#webpage","url":"https:\/\/thegoldenbun.com\/de\/2020\/12\/gift-ideas-giving-memories-with-photos-always-a-good-idea\/","name":"Geschenksideen |\u00a0Erinnerungen mit Fotos schenken \u2013\u00a0immer eine gute Idee! - The Golden Bun","isPartOf":{"@id":"https:\/\/thegoldenbun.com\/#website"},"primaryImageOfPage":{"@id":"https:\/\/thegoldenbun.com\/de\/2020\/12\/gift-ideas-giving-memories-with-photos-always-a-good-idea\/#primaryimage"},"datePublished":"2020-12-07T11:07:26+00:00","dateModified":"2020-12-08T20:09:47+00:00","author":{"@id":"https:\/\/thegoldenbun.com\/#\/schema\/person\/a8ed0c60451d5a883d10e21afc630268"},"breadcrumb":{"@id":"https:\/\/thegoldenbun.com\/de\/2020\/12\/gift-ideas-giving-memories-with-photos-always-a-good-idea\/#breadcrumb"},"inLanguage":"de","potentialAction":[{"@type":"ReadAction","target":["https:\/\/thegoldenbun.com\/de\/2020\/12\/gift-ideas-giving-memories-with-photos-always-a-good-idea\/"]}]},{"@type":"BreadcrumbList","@id":"https:\/\/thegoldenbun.com\/de\/2020\/12\/gift-ideas-giving-memories-with-photos-always-a-good-idea\/#breadcrumb","itemListElement":[{"@type":"ListItem","position":1,"name":"Home","item":"https:\/\/thegoldenbun.com\/"},{"@type":"ListItem","position":2,"name":"Geschenksideen |\u00a0Erinnerungen mit Fotos schenken \u2013\u00a0immer eine gute Idee!"}]},{"@type":"Person","@id":"https:\/\/thegoldenbun.com\/#\/schema\/person\/a8ed0c60451d5a883d10e21afc630268","name":"Vicky","url":"https:\/\/thegoldenbun.com\/de\/author\/tgb\/"}]}},"jetpack_featured_media_url":"https:\/\/thegoldenbun.com\/wp-content\/uploads\/2020\/12\/www.albelli.de-Fotokalender-Foto-Buch-The-Golden-Bun-2.jpg","jetpack_publicize_connections":[],"jetpack_sharing_enabled":true,"_links":{"self":[{"href":"https:\/\/thegoldenbun.com\/de\/wp-json\/wp\/v2\/posts\/46160"}],"collection":[{"href":"https:\/\/thegoldenbun.com\/de\/wp-json\/wp\/v2\/posts"}],"about":[{"href":"https:\/\/thegoldenbun.com\/de\/wp-json\/wp\/v2\/types\/post"}],"author":[{"embeddable":true,"href":"https:\/\/thegoldenbun.com\/de\/wp-json\/wp\/v2\/users\/1"}],"replies":[{"embeddable":true,"href":"https:\/\/thegoldenbun.com\/de\/wp-json\/wp\/v2\/comments?post=46160"}],"version-history":[{"count":0,"href":"https:\/\/thegoldenbun.com\/de\/wp-json\/wp\/v2\/posts\/46160\/revisions"}],"wp:featuredmedia":[{"embeddable":true,"href":"https:\/\/thegoldenbun.com\/de\/wp-json\/wp\/v2\/media\/46162"}],"wp:attachment":[{"href":"https:\/\/thegoldenbun.com\/de\/wp-json\/wp\/v2\/media?parent=46160"}],"wp:term":[{"taxonomy":"category","embeddable":true,"href":"https:\/\/thegoldenbun.com\/de\/wp-json\/wp\/v2\/categories?post=46160"},{"taxonomy":"post_tag","embeddable":true,"href":"https:\/\/thegoldenbun.com\/de\/wp-json\/wp\/v2\/tags?post=46160"}],"curies":[{"name":"wp","href":"https:\/\/api.w.org\/{rel}","templated":true}]}}