{"id":619,"date":"2013-03-21T10:23:00","date_gmt":"2013-03-21T09:23:00","guid":{"rendered":"http:\/\/thegoldenbun.net\/place-de-la-concorde"},"modified":"2015-04-28T13:04:10","modified_gmt":"2015-04-28T11:04:10","slug":"place-de-la-concorde","status":"publish","type":"post","link":"https:\/\/thegoldenbun.com\/de\/2013\/03\/place-de-la-concorde\/","title":{"rendered":"Place de la Concorde"},"content":{"rendered":"<div dir=\"ltr\" style=\"text-align: left;\">\n<div dir=\"ltr\" style=\"text-align: left;\">\n<div dir=\"ltr\" style=\"text-align: left;\">\n<div style=\"text-align: center;\"><span style=\"font-size: x-small;\"><img src=\"http:\/\/thegoldenbun.net\/wp-content\/uploads\/2013\/03\/streifenjacke2.jpg\" style=\"height: 1px; width: 1px;\" \/> <img src=\"http:\/\/thegoldenbun.net\/wp-content\/uploads\/2013\/03\/streifenjacke1.jpg\" style=\"height: auto; width: 1080px;\" \/><img src=\"http:\/\/thegoldenbun.net\/wp-content\/uploads\/2013\/03\/streifenjacke2.jpg\" style=\"height: auto; width: 1080px;\" \/><img src=\"http:\/\/thegoldenbun.net\/wp-content\/uploads\/2013\/03\/streifenjacke3.jpg\" style=\"height: auto; width: 1080px;\" \/><img src=\"http:\/\/thegoldenbun.net\/wp-content\/uploads\/2013\/03\/streifenjacke4.jpg\" style=\"height: auto; width: 1080px;\" \/><img src=\"http:\/\/thegoldenbun.net\/wp-content\/uploads\/2013\/03\/streifenjacke6.jpg\" style=\"height: auto; width: 1080px;\" \/><img src=\"http:\/\/thegoldenbun.net\/wp-content\/uploads\/2013\/03\/streifenjacke5.jpg\" style=\"height: auto; width: 1080px;\" \/>   <\/span><\/div>\n<div style=\"text-align: center;\"><span style=\"font-size: x-small;\">jacket: <b>Margit Brandt<\/b> | shorts: <b>Zara<\/b> | overknee socks: <b>Primark<\/b> | boots: <b>Bootsshop in Paris<\/b> | jewelry: <b>Primark<\/b>&nbsp;|&nbsp;sunglasses: <b>Dior <\/b><i>Entracte 1<\/i>&nbsp;| mini bag: <b>bought in \u00c5rhus<\/b> |&nbsp;statement necklace:&nbsp;c\/o&nbsp;<u><a href=\"http:\/\/romwe.com\/\" target=\"_blank\"><b>Romwe<\/b><\/a><\/u>&nbsp; (<u><a href=\"http:\/\/www.romwe.com\/hollow-out-amber-pendant-necklace-p-37350.html\" target=\"_blank\">direct link<\/a><\/u>)<\/span><br \/><span style=\"font-size: x-small;\"><br \/><\/span><\/div>\n<div style=\"text-align: center;\"><span style=\"font-size: x-small;\"><span>Photography\/<i>Fotografie<\/i>: <u><a href=\"http:\/\/splendorofazalea.com\/\" target=\"_blank\">Marc<\/a><\/u><\/span><\/span><\/p>\n<div style=\"text-align: justify;\">\n<hr \/>\n<p>EN &#8211; <b>Stiped. <\/b>I was so happy when I found this jacket in the sales in \u00c5rhus. I&#8217;ve been wanting a boucl\u00e9 jacket + a striped jacket for such a long time. And see &#8211; I&#8217;ve found both in one, which couldn&#8217;t be better. Since spring hasn&#8217;t arrived yet I will be pairing this spring-jacket more winterly with over-the-knee-socks and biker boots&#8230; I will show you another combination soon!<br \/>More of my life in <a href=\"http:\/\/thegoldenbun.net\/search\/label\/paris\"><u><b>Paris<\/b><\/u><\/a> will be up here soon &#8211; \u00e0 bient\u00f4t!<\/p>\n<p><i>DE &#8211; <b>Striped. <\/b>Ich habe mich so gefreut, als ich diese Jacke im Ausverkauf in \u00c5rhus gefunden habe. Seit l\u00e4ngerer Zeit war ich auf der Suche nach der perfekten Boucl\u00e9-Jacke und nach einer gestreiften Jacke. Jetzt habe ich beides in einem gefunden und k\u00f6nnte nicht gl\u00fccklicher sein. Nachdem der Fr\u00fchling immer noch nicht gekommen ist, habe ich die Jacke noch etwas winterlich mit Str\u00fcmpfen und Biker-Boots kombiniert&#8230; Sobald der Fr\u00fchling endlich kommt, zeige ich euch eine weitere Kombination!<\/i><\/p>\n<div style=\"text-align: justify;\"><i style=\"text-align: left;\"><i>Mehr von meinem Leben in &nbsp;<a href=\"http:\/\/thegoldenbun.net\/search\/label\/paris\"><u><b>Paris<\/b><\/u><\/a> gibt es beim n\u00e4chsten Mal &#8211; \u00e0 bient\u00f4t!<\/i><\/i><\/div>\n<\/p><\/div>\n<\/div>\n<\/div>\n<div style=\"text-align: justify;\">IT &#8211; <b>A righe. <\/b>Questa giacchetta l&#8217;ho trovata nei saldi a \u00c5rhus e sono stata contentissima di aver trovato una in questo stile &#8211; boucl\u00e9 et a righe. Finch\u00e9 non venga la primavera la abbino un po&#8216; invernale con i shorts, stivali e calzini. Un&#8217;altra combinazione vi far\u00f2 vedere presto&#8230;<\/div>\n<div style=\"text-align: justify;\">Scoprirete presto di pi\u00f9 sulla mia vita a <a href=\"http:\/\/thegoldenbun.net\/search\/label\/paris\"><u><b>Parigi<\/b><\/u><\/a> \u2013 \u00e0 bient\u00f4t!<\/div>\n<p><\/div>\n<\/div>\n","protected":false},"excerpt":{"rendered":"<p>jacket: Margit Brandt | shorts: Zara | overknee socks: Primark | boots: Bootsshop in Paris | jewelry: Primark&nbsp;|&nbsp;sunglasses: Dior Entracte 1&nbsp;| mini bag: bought in \u00c5rhus |&nbsp;statement necklace:&nbsp;c\/o&nbsp;Romwe&nbsp; (direct link) Photography\/Fotografie: Marc EN &#8211; Stiped. I was so happy when I found this jacket in the sales in \u00c5rhus. I&#8217;ve been wanting a boucl\u00e9 jacket + a striped jacket for such a long time. And see &#8211; I&#8217;ve found both [&hellip;]<\/p>\n","protected":false},"author":1,"featured_media":6776,"comment_status":"open","ping_status":"open","sticky":false,"template":"","format":"standard","meta":{"_exactmetrics_skip_tracking":false,"_exactmetrics_sitenote_active":false,"_exactmetrics_sitenote_note":"","_exactmetrics_sitenote_category":0,"spay_email":"","jetpack_publicize_message":"","jetpack_is_tweetstorm":false,"jetpack_publicize_feature_enabled":true},"categories":[10,37],"tags":[],"acf":[],"yoast_head":"<!-- This site is optimized with the Yoast SEO plugin v18.9 - https:\/\/yoast.com\/wordpress\/plugins\/seo\/ -->\n<title>Place de la Concorde - The Golden Bun<\/title>\n<meta name=\"robots\" content=\"index, follow, max-snippet:-1, max-image-preview:large, max-video-preview:-1\" \/>\n<link rel=\"canonical\" href=\"https:\/\/thegoldenbun.com\/de\/2013\/03\/place-de-la-concorde\/\" \/>\n<meta property=\"og:locale\" content=\"de_DE\" \/>\n<meta property=\"og:type\" content=\"article\" \/>\n<meta property=\"og:title\" content=\"Place de la Concorde - The Golden Bun\" \/>\n<meta property=\"og:description\" content=\"jacket: Margit Brandt | shorts: Zara | overknee socks: Primark | boots: Bootsshop in Paris | jewelry: Primark&nbsp;|&nbsp;sunglasses: Dior Entracte 1&nbsp;| mini bag: bought in \u00c5rhus |&nbsp;statement necklace:&nbsp;c\/o&nbsp;Romwe&nbsp; (direct link) Photography\/Fotografie: Marc EN &#8211; Stiped. I was so happy when I found this jacket in the sales in \u00c5rhus. I&#8217;ve been wanting a boucl\u00e9 jacket + a striped jacket for such a long time. And see &#8211; I&#8217;ve found both [&hellip;]\" \/>\n<meta property=\"og:url\" content=\"https:\/\/thegoldenbun.com\/de\/2013\/03\/place-de-la-concorde\/\" \/>\n<meta property=\"og:site_name\" content=\"The Golden Bun\" \/>\n<meta property=\"article:publisher\" content=\"http:\/\/www.facebook.com\/thegoldenbun\" \/>\n<meta property=\"article:published_time\" content=\"2013-03-21T09:23:00+00:00\" \/>\n<meta property=\"article:modified_time\" content=\"2015-04-28T11:04:10+00:00\" \/>\n<meta property=\"og:image\" content=\"https:\/\/thegoldenbun.com\/wp-content\/uploads\/2013\/03\/streifenjacke2.jpg\" \/>\n\t<meta property=\"og:image:width\" content=\"800\" \/>\n\t<meta property=\"og:image:height\" content=\"533\" \/>\n\t<meta property=\"og:image:type\" content=\"image\/jpeg\" \/>\n<meta name=\"twitter:card\" content=\"summary\" \/>\n<meta name=\"twitter:creator\" content=\"@thegoldenbun\" \/>\n<meta name=\"twitter:site\" content=\"@thegoldenbun\" \/>\n<meta name=\"twitter:label1\" content=\"Verfasst von\" \/>\n\t<meta name=\"twitter:data1\" content=\"Vicky\" \/>\n\t<meta name=\"twitter:label2\" content=\"Gesch\u00e4tzte Lesezeit\" \/>\n\t<meta name=\"twitter:data2\" content=\"1\u00a0Minute\" \/>\n<script type=\"application\/ld+json\" class=\"yoast-schema-graph\">{\"@context\":\"https:\/\/schema.org\",\"@graph\":[{\"@type\":\"WebSite\",\"@id\":\"https:\/\/thegoldenbun.com\/#website\",\"url\":\"https:\/\/thegoldenbun.com\/\",\"name\":\"The Golden Bun\",\"description\":\"Deutscher Reiseblog \/ Modeblog \/ Lifestyleblog \/ Berlin &amp; M\u00fcnchen \/ Reise &amp; Restaurant Tipps\",\"potentialAction\":[{\"@type\":\"SearchAction\",\"target\":{\"@type\":\"EntryPoint\",\"urlTemplate\":\"https:\/\/thegoldenbun.com\/?s={search_term_string}\"},\"query-input\":\"required name=search_term_string\"}],\"inLanguage\":\"de\"},{\"@type\":\"ImageObject\",\"inLanguage\":\"de\",\"@id\":\"https:\/\/thegoldenbun.com\/de\/2013\/03\/place-de-la-concorde\/#primaryimage\",\"url\":\"https:\/\/thegoldenbun.com\/wp-content\/uploads\/2013\/03\/streifenjacke2.jpg\",\"contentUrl\":\"https:\/\/thegoldenbun.com\/wp-content\/uploads\/2013\/03\/streifenjacke2.jpg\",\"width\":800,\"height\":533},{\"@type\":\"WebPage\",\"@id\":\"https:\/\/thegoldenbun.com\/de\/2013\/03\/place-de-la-concorde\/#webpage\",\"url\":\"https:\/\/thegoldenbun.com\/de\/2013\/03\/place-de-la-concorde\/\",\"name\":\"Place de la Concorde - The Golden Bun\",\"isPartOf\":{\"@id\":\"https:\/\/thegoldenbun.com\/#website\"},\"primaryImageOfPage\":{\"@id\":\"https:\/\/thegoldenbun.com\/de\/2013\/03\/place-de-la-concorde\/#primaryimage\"},\"datePublished\":\"2013-03-21T09:23:00+00:00\",\"dateModified\":\"2015-04-28T11:04:10+00:00\",\"author\":{\"@id\":\"https:\/\/thegoldenbun.com\/#\/schema\/person\/a8ed0c60451d5a883d10e21afc630268\"},\"breadcrumb\":{\"@id\":\"https:\/\/thegoldenbun.com\/de\/2013\/03\/place-de-la-concorde\/#breadcrumb\"},\"inLanguage\":\"de\",\"potentialAction\":[{\"@type\":\"ReadAction\",\"target\":[\"https:\/\/thegoldenbun.com\/de\/2013\/03\/place-de-la-concorde\/\"]}]},{\"@type\":\"BreadcrumbList\",\"@id\":\"https:\/\/thegoldenbun.com\/de\/2013\/03\/place-de-la-concorde\/#breadcrumb\",\"itemListElement\":[{\"@type\":\"ListItem\",\"position\":1,\"name\":\"Home\",\"item\":\"https:\/\/thegoldenbun.com\/\"},{\"@type\":\"ListItem\",\"position\":2,\"name\":\"Place de la Concorde\"}]},{\"@type\":\"Person\",\"@id\":\"https:\/\/thegoldenbun.com\/#\/schema\/person\/a8ed0c60451d5a883d10e21afc630268\",\"name\":\"Vicky\",\"url\":\"https:\/\/thegoldenbun.com\/de\/author\/tgb\/\"}]}<\/script>\n<!-- \/ Yoast SEO plugin. -->","yoast_head_json":{"title":"Place de la Concorde - The Golden Bun","robots":{"index":"index","follow":"follow","max-snippet":"max-snippet:-1","max-image-preview":"max-image-preview:large","max-video-preview":"max-video-preview:-1"},"canonical":"https:\/\/thegoldenbun.com\/de\/2013\/03\/place-de-la-concorde\/","og_locale":"de_DE","og_type":"article","og_title":"Place de la Concorde - The Golden Bun","og_description":"jacket: Margit Brandt | shorts: Zara | overknee socks: Primark | boots: Bootsshop in Paris | jewelry: Primark&nbsp;|&nbsp;sunglasses: Dior Entracte 1&nbsp;| mini bag: bought in \u00c5rhus |&nbsp;statement necklace:&nbsp;c\/o&nbsp;Romwe&nbsp; (direct link) Photography\/Fotografie: Marc EN &#8211; Stiped. I was so happy when I found this jacket in the sales in \u00c5rhus. I&#8217;ve been wanting a boucl\u00e9 jacket + a striped jacket for such a long time. And see &#8211; I&#8217;ve found both [&hellip;]","og_url":"https:\/\/thegoldenbun.com\/de\/2013\/03\/place-de-la-concorde\/","og_site_name":"The Golden Bun","article_publisher":"http:\/\/www.facebook.com\/thegoldenbun","article_published_time":"2013-03-21T09:23:00+00:00","article_modified_time":"2015-04-28T11:04:10+00:00","og_image":[{"width":800,"height":533,"url":"https:\/\/thegoldenbun.com\/wp-content\/uploads\/2013\/03\/streifenjacke2.jpg","type":"image\/jpeg"}],"twitter_card":"summary","twitter_creator":"@thegoldenbun","twitter_site":"@thegoldenbun","twitter_misc":{"Verfasst von":"Vicky","Gesch\u00e4tzte Lesezeit":"1\u00a0Minute"},"schema":{"@context":"https:\/\/schema.org","@graph":[{"@type":"WebSite","@id":"https:\/\/thegoldenbun.com\/#website","url":"https:\/\/thegoldenbun.com\/","name":"The Golden Bun","description":"Deutscher Reiseblog \/ Modeblog \/ Lifestyleblog \/ Berlin &amp; M\u00fcnchen \/ Reise &amp; Restaurant Tipps","potentialAction":[{"@type":"SearchAction","target":{"@type":"EntryPoint","urlTemplate":"https:\/\/thegoldenbun.com\/?s={search_term_string}"},"query-input":"required name=search_term_string"}],"inLanguage":"de"},{"@type":"ImageObject","inLanguage":"de","@id":"https:\/\/thegoldenbun.com\/de\/2013\/03\/place-de-la-concorde\/#primaryimage","url":"https:\/\/thegoldenbun.com\/wp-content\/uploads\/2013\/03\/streifenjacke2.jpg","contentUrl":"https:\/\/thegoldenbun.com\/wp-content\/uploads\/2013\/03\/streifenjacke2.jpg","width":800,"height":533},{"@type":"WebPage","@id":"https:\/\/thegoldenbun.com\/de\/2013\/03\/place-de-la-concorde\/#webpage","url":"https:\/\/thegoldenbun.com\/de\/2013\/03\/place-de-la-concorde\/","name":"Place de la Concorde - The Golden Bun","isPartOf":{"@id":"https:\/\/thegoldenbun.com\/#website"},"primaryImageOfPage":{"@id":"https:\/\/thegoldenbun.com\/de\/2013\/03\/place-de-la-concorde\/#primaryimage"},"datePublished":"2013-03-21T09:23:00+00:00","dateModified":"2015-04-28T11:04:10+00:00","author":{"@id":"https:\/\/thegoldenbun.com\/#\/schema\/person\/a8ed0c60451d5a883d10e21afc630268"},"breadcrumb":{"@id":"https:\/\/thegoldenbun.com\/de\/2013\/03\/place-de-la-concorde\/#breadcrumb"},"inLanguage":"de","potentialAction":[{"@type":"ReadAction","target":["https:\/\/thegoldenbun.com\/de\/2013\/03\/place-de-la-concorde\/"]}]},{"@type":"BreadcrumbList","@id":"https:\/\/thegoldenbun.com\/de\/2013\/03\/place-de-la-concorde\/#breadcrumb","itemListElement":[{"@type":"ListItem","position":1,"name":"Home","item":"https:\/\/thegoldenbun.com\/"},{"@type":"ListItem","position":2,"name":"Place de la Concorde"}]},{"@type":"Person","@id":"https:\/\/thegoldenbun.com\/#\/schema\/person\/a8ed0c60451d5a883d10e21afc630268","name":"Vicky","url":"https:\/\/thegoldenbun.com\/de\/author\/tgb\/"}]}},"jetpack_featured_media_url":"https:\/\/thegoldenbun.com\/wp-content\/uploads\/2013\/03\/streifenjacke2.jpg","jetpack_publicize_connections":[],"jetpack_sharing_enabled":true,"_links":{"self":[{"href":"https:\/\/thegoldenbun.com\/de\/wp-json\/wp\/v2\/posts\/619"}],"collection":[{"href":"https:\/\/thegoldenbun.com\/de\/wp-json\/wp\/v2\/posts"}],"about":[{"href":"https:\/\/thegoldenbun.com\/de\/wp-json\/wp\/v2\/types\/post"}],"author":[{"embeddable":true,"href":"https:\/\/thegoldenbun.com\/de\/wp-json\/wp\/v2\/users\/1"}],"replies":[{"embeddable":true,"href":"https:\/\/thegoldenbun.com\/de\/wp-json\/wp\/v2\/comments?post=619"}],"version-history":[{"count":0,"href":"https:\/\/thegoldenbun.com\/de\/wp-json\/wp\/v2\/posts\/619\/revisions"}],"wp:featuredmedia":[{"embeddable":true,"href":"https:\/\/thegoldenbun.com\/de\/wp-json\/wp\/v2\/media\/6776"}],"wp:attachment":[{"href":"https:\/\/thegoldenbun.com\/de\/wp-json\/wp\/v2\/media?parent=619"}],"wp:term":[{"taxonomy":"category","embeddable":true,"href":"https:\/\/thegoldenbun.com\/de\/wp-json\/wp\/v2\/categories?post=619"},{"taxonomy":"post_tag","embeddable":true,"href":"https:\/\/thegoldenbun.com\/de\/wp-json\/wp\/v2\/tags?post=619"}],"curies":[{"name":"wp","href":"https:\/\/api.w.org\/{rel}","templated":true}]}}