{"id":643,"date":"2013-02-27T10:40:00","date_gmt":"2013-02-27T09:40:00","guid":{"rendered":"http:\/\/thegoldenbun.net\/snowy-milan-during-fashion-week"},"modified":"2015-04-26T13:24:36","modified_gmt":"2015-04-26T11:24:36","slug":"snowy-milan-during-fashion-week","status":"publish","type":"post","link":"https:\/\/thegoldenbun.com\/de\/2013\/02\/snowy-milan-during-fashion-week\/","title":{"rendered":"Snowy Milan during Fashion Week"},"content":{"rendered":"<div dir=\"ltr\" style=\"text-align: left;\">\n<div dir=\"ltr\" style=\"text-align: left;\">\n<div style=\"text-align: center;\"><span style=\"font-size: x-small;\"><img src=\"http:\/\/thegoldenbun.net\/wp-content\/uploads\/2013\/02\/snowmilan1.jpg\" style=\"height: 1px; width: 1px;\" \/> <img src=\"http:\/\/thegoldenbun.net\/wp-content\/uploads\/2013\/02\/snowmilan1.jpg\" style=\"height: auto; width: 1080px;\" \/><img src=\"http:\/\/thegoldenbun.net\/wp-content\/uploads\/2013\/02\/snowmilan2.jpg\" style=\"height: auto; width: 1080px;\" \/><img src=\"http:\/\/thegoldenbun.net\/wp-content\/uploads\/2013\/02\/snowmilan3.jpg\" style=\"height: auto; width: 1080px;\" \/><img src=\"http:\/\/thegoldenbun.net\/wp-content\/uploads\/2013\/02\/snowmilan4.jpg\" style=\"height: auto; width: 1080px;\" \/> <\/span><\/div>\n<div style=\"text-align: center;\"><span style=\"font-size: x-small;\">blazer: <b>Asos Black<\/b> (<u><a href=\"http:\/\/bit.ly\/V5GT7e\" target=\"_blank\">direct link<\/a><\/u>) | skirt worn as top: <b>Mango<\/b> Outlet (<u><a href=\"http:\/\/bit.ly\/Yy6yBr\" target=\"_blank\">similar here<\/a><\/u>) | pants: <b>Mango<\/b> Outlet | boots: <b>Asos<\/b> (<u><a href=\"http:\/\/bit.ly\/V5GYb2\" target=\"_blank\">direct link<\/a><\/u>) | mini bag: <b>Furla<\/b> (similar <a href=\"http:\/\/bit.ly\/V5I4DR\" style=\"text-decoration: underline;\" target=\"_blank\">here<\/a>&nbsp;&amp; <u><a href=\"http:\/\/bit.ly\/Yy6O3f\" target=\"_blank\">here<\/a><\/u>)<\/span><\/p>\n<div style=\"background: white; height: 120px; margin: 0px auto; width: 710px;\"><iframe loading=\"lazy\" frameborder=\"0\" height=\"120px\" scrolling=\"no\" src=\"http:\/\/currentlyobsessed.me\/api\/v1\/get_widget?wid=29&amp;blog=The%2BGolden%2BBun&amp;product_ids=2617c5795a05868d43bb8979db5d2087,fe87fcb2b32b30dcfced127b7382ea92,1ad393aeb4bff9d780bb0f0d842ea950,n_444549,532da5951a8151d211e7dbe98ff6a78f&amp;rows=1&amp;cols=6&amp;brand=0&amp;price=0&amp;hover=0\" width=\"710px\"><\/iframe><\/div>\n<p><\/div>\n<div style=\"text-align: center;\"><span style=\"font-size: x-small;\"><span>Photography\/<i>Fotografie<\/i>:&nbsp;<a href=\"https:\/\/www.facebook.com\/pages\/Bastian-Ramoser-Photography\/258089314255201\"><u>Bastian Ramoser<\/u><\/a><\/span><\/span><\/p>\n<div style=\"text-align: justify;\">\n<hr \/>\n<p>EN &#8211; <b>Snowy.&nbsp;<\/b>I arrived in Milan on Saturday and wasn&#8217;t prepared for any snow having enjoyed perfect weather back home. To be honest, it wasn&#8217;t too bad and I love the street style shots in the snow. They will be up in one of the next posts. Here is a quick outfit shoot outside the Dolce &amp; Gabbana show wearing my golden boots from Asos &#8211; of course I was wearing a coat, but then you wouldn&#8217;t see the wonderful sleeves of the blazer. Do you like it?<\/p>\n<p><i>DE &#8211; <b>Verschneit.&nbsp;<\/b><\/i><i style=\"text-align: left;\">Als ich Samstag in Mailand angekommen war, war ich \u00fcberhaupt nicht auf Schnee eingestellt. Ich finde die Streetstyles vor den Shows besonders sch\u00f6n \u2013 nur, wenn es nicht so kalt gewesen w\u00e4re\u2026 Die gibt es beim n\u00e4chsten Mal! Hier sind ein paar Outfitbilder vor der Dolce &amp; Gabbana Show &#8211; den Mantel habe ich nat\u00fcrlich ausgezogen, damit man diese sch\u00f6nen bestickten \u00c4rmel des Blazers sieht, dazu kombiniert noch meine goldenen Stiefel von Asos. Gef\u00e4llts euch?<\/i> <\/div>\n<\/div>\n<\/div>\n<div style=\"text-align: justify;\">IT &#8211; <b>Neve.&nbsp;<\/b>Neve a Milano \u2013 non succede spesso mi hanno detto. Da casa sono abituata alla neve, ma non me l\u2019aspettavo a Milano. Secondo me le foto del streetstyle sono venuti molto bene con la neve, se non fosse stato tanto freddo.. Quindi oggi vi faccio vedere il mio look senza cappotto che si vedono bene le maniche a paillette e il tutto con i miei stivali d&#8217;orati. Vi piace?<\/div>\n<div style=\"text-align: justify;\"><\/div>\n<\/div>\n","protected":false},"excerpt":{"rendered":"<p>blazer: Asos Black (direct link) | skirt worn as top: Mango Outlet (similar here) | pants: Mango Outlet | boots: Asos (direct link) | mini bag: Furla (similar here&nbsp;&amp; here) Photography\/Fotografie:&nbsp;Bastian Ramoser EN &#8211; Snowy.&nbsp;I arrived in Milan on Saturday and wasn&#8217;t prepared for any snow having enjoyed perfect weather back home. To be honest, it wasn&#8217;t too bad and I love the street style shots in the snow. They [&hellip;]<\/p>\n","protected":false},"author":1,"featured_media":6983,"comment_status":"open","ping_status":"open","sticky":false,"template":"","format":"standard","meta":{"_exactmetrics_skip_tracking":false,"_exactmetrics_sitenote_active":false,"_exactmetrics_sitenote_note":"","_exactmetrics_sitenote_category":0,"spay_email":"","jetpack_publicize_message":"","jetpack_is_tweetstorm":false,"jetpack_publicize_feature_enabled":true},"categories":[323,10],"tags":[],"acf":[],"yoast_head":"<!-- This site is optimized with the Yoast SEO plugin v18.9 - https:\/\/yoast.com\/wordpress\/plugins\/seo\/ -->\n<title>Snowy Milan during Fashion Week - The Golden Bun<\/title>\n<meta name=\"robots\" content=\"index, follow, max-snippet:-1, max-image-preview:large, max-video-preview:-1\" \/>\n<link rel=\"canonical\" href=\"https:\/\/thegoldenbun.com\/de\/2013\/02\/snowy-milan-during-fashion-week\/\" \/>\n<meta property=\"og:locale\" content=\"de_DE\" \/>\n<meta property=\"og:type\" content=\"article\" \/>\n<meta property=\"og:title\" content=\"Snowy Milan during Fashion Week - The Golden Bun\" \/>\n<meta property=\"og:description\" content=\"blazer: Asos Black (direct link) | skirt worn as top: Mango Outlet (similar here) | pants: Mango Outlet | boots: Asos (direct link) | mini bag: Furla (similar here&nbsp;&amp; here) Photography\/Fotografie:&nbsp;Bastian Ramoser EN &#8211; Snowy.&nbsp;I arrived in Milan on Saturday and wasn&#8217;t prepared for any snow having enjoyed perfect weather back home. To be honest, it wasn&#8217;t too bad and I love the street style shots in the snow. They [&hellip;]\" \/>\n<meta property=\"og:url\" content=\"https:\/\/thegoldenbun.com\/de\/2013\/02\/snowy-milan-during-fashion-week\/\" \/>\n<meta property=\"og:site_name\" content=\"The Golden Bun\" \/>\n<meta property=\"article:publisher\" content=\"http:\/\/www.facebook.com\/thegoldenbun\" \/>\n<meta property=\"article:published_time\" content=\"2013-02-27T09:40:00+00:00\" \/>\n<meta property=\"article:modified_time\" content=\"2015-04-26T11:24:36+00:00\" \/>\n<meta property=\"og:image\" content=\"https:\/\/thegoldenbun.com\/wp-content\/uploads\/2013\/02\/snowmilan1.jpg\" \/>\n\t<meta property=\"og:image:width\" content=\"683\" \/>\n\t<meta property=\"og:image:height\" content=\"1024\" \/>\n\t<meta property=\"og:image:type\" content=\"image\/jpeg\" \/>\n<meta name=\"twitter:card\" content=\"summary\" \/>\n<meta name=\"twitter:creator\" content=\"@thegoldenbun\" \/>\n<meta name=\"twitter:site\" content=\"@thegoldenbun\" \/>\n<meta name=\"twitter:label1\" content=\"Verfasst von\" \/>\n\t<meta name=\"twitter:data1\" content=\"Vicky\" \/>\n\t<meta name=\"twitter:label2\" content=\"Gesch\u00e4tzte Lesezeit\" \/>\n\t<meta name=\"twitter:data2\" content=\"1\u00a0Minute\" \/>\n<script type=\"application\/ld+json\" class=\"yoast-schema-graph\">{\"@context\":\"https:\/\/schema.org\",\"@graph\":[{\"@type\":\"WebSite\",\"@id\":\"https:\/\/thegoldenbun.com\/#website\",\"url\":\"https:\/\/thegoldenbun.com\/\",\"name\":\"The Golden Bun\",\"description\":\"Deutscher Reiseblog \/ Modeblog \/ Lifestyleblog \/ Berlin &amp; M\u00fcnchen \/ Reise &amp; Restaurant Tipps\",\"potentialAction\":[{\"@type\":\"SearchAction\",\"target\":{\"@type\":\"EntryPoint\",\"urlTemplate\":\"https:\/\/thegoldenbun.com\/?s={search_term_string}\"},\"query-input\":\"required name=search_term_string\"}],\"inLanguage\":\"de\"},{\"@type\":\"ImageObject\",\"inLanguage\":\"de\",\"@id\":\"https:\/\/thegoldenbun.com\/de\/2013\/02\/snowy-milan-during-fashion-week\/#primaryimage\",\"url\":\"https:\/\/thegoldenbun.com\/wp-content\/uploads\/2013\/02\/snowmilan1.jpg\",\"contentUrl\":\"https:\/\/thegoldenbun.com\/wp-content\/uploads\/2013\/02\/snowmilan1.jpg\",\"width\":683,\"height\":1024},{\"@type\":\"WebPage\",\"@id\":\"https:\/\/thegoldenbun.com\/de\/2013\/02\/snowy-milan-during-fashion-week\/#webpage\",\"url\":\"https:\/\/thegoldenbun.com\/de\/2013\/02\/snowy-milan-during-fashion-week\/\",\"name\":\"Snowy Milan during Fashion Week - The Golden Bun\",\"isPartOf\":{\"@id\":\"https:\/\/thegoldenbun.com\/#website\"},\"primaryImageOfPage\":{\"@id\":\"https:\/\/thegoldenbun.com\/de\/2013\/02\/snowy-milan-during-fashion-week\/#primaryimage\"},\"datePublished\":\"2013-02-27T09:40:00+00:00\",\"dateModified\":\"2015-04-26T11:24:36+00:00\",\"author\":{\"@id\":\"https:\/\/thegoldenbun.com\/#\/schema\/person\/a8ed0c60451d5a883d10e21afc630268\"},\"breadcrumb\":{\"@id\":\"https:\/\/thegoldenbun.com\/de\/2013\/02\/snowy-milan-during-fashion-week\/#breadcrumb\"},\"inLanguage\":\"de\",\"potentialAction\":[{\"@type\":\"ReadAction\",\"target\":[\"https:\/\/thegoldenbun.com\/de\/2013\/02\/snowy-milan-during-fashion-week\/\"]}]},{\"@type\":\"BreadcrumbList\",\"@id\":\"https:\/\/thegoldenbun.com\/de\/2013\/02\/snowy-milan-during-fashion-week\/#breadcrumb\",\"itemListElement\":[{\"@type\":\"ListItem\",\"position\":1,\"name\":\"Home\",\"item\":\"https:\/\/thegoldenbun.com\/\"},{\"@type\":\"ListItem\",\"position\":2,\"name\":\"Snowy Milan during Fashion Week\"}]},{\"@type\":\"Person\",\"@id\":\"https:\/\/thegoldenbun.com\/#\/schema\/person\/a8ed0c60451d5a883d10e21afc630268\",\"name\":\"Vicky\",\"url\":\"https:\/\/thegoldenbun.com\/de\/author\/tgb\/\"}]}<\/script>\n<!-- \/ Yoast SEO plugin. -->","yoast_head_json":{"title":"Snowy Milan during Fashion Week - The Golden Bun","robots":{"index":"index","follow":"follow","max-snippet":"max-snippet:-1","max-image-preview":"max-image-preview:large","max-video-preview":"max-video-preview:-1"},"canonical":"https:\/\/thegoldenbun.com\/de\/2013\/02\/snowy-milan-during-fashion-week\/","og_locale":"de_DE","og_type":"article","og_title":"Snowy Milan during Fashion Week - The Golden Bun","og_description":"blazer: Asos Black (direct link) | skirt worn as top: Mango Outlet (similar here) | pants: Mango Outlet | boots: Asos (direct link) | mini bag: Furla (similar here&nbsp;&amp; here) Photography\/Fotografie:&nbsp;Bastian Ramoser EN &#8211; Snowy.&nbsp;I arrived in Milan on Saturday and wasn&#8217;t prepared for any snow having enjoyed perfect weather back home. To be honest, it wasn&#8217;t too bad and I love the street style shots in the snow. They [&hellip;]","og_url":"https:\/\/thegoldenbun.com\/de\/2013\/02\/snowy-milan-during-fashion-week\/","og_site_name":"The Golden Bun","article_publisher":"http:\/\/www.facebook.com\/thegoldenbun","article_published_time":"2013-02-27T09:40:00+00:00","article_modified_time":"2015-04-26T11:24:36+00:00","og_image":[{"width":683,"height":1024,"url":"https:\/\/thegoldenbun.com\/wp-content\/uploads\/2013\/02\/snowmilan1.jpg","type":"image\/jpeg"}],"twitter_card":"summary","twitter_creator":"@thegoldenbun","twitter_site":"@thegoldenbun","twitter_misc":{"Verfasst von":"Vicky","Gesch\u00e4tzte Lesezeit":"1\u00a0Minute"},"schema":{"@context":"https:\/\/schema.org","@graph":[{"@type":"WebSite","@id":"https:\/\/thegoldenbun.com\/#website","url":"https:\/\/thegoldenbun.com\/","name":"The Golden Bun","description":"Deutscher Reiseblog \/ Modeblog \/ Lifestyleblog \/ Berlin &amp; M\u00fcnchen \/ Reise &amp; Restaurant Tipps","potentialAction":[{"@type":"SearchAction","target":{"@type":"EntryPoint","urlTemplate":"https:\/\/thegoldenbun.com\/?s={search_term_string}"},"query-input":"required name=search_term_string"}],"inLanguage":"de"},{"@type":"ImageObject","inLanguage":"de","@id":"https:\/\/thegoldenbun.com\/de\/2013\/02\/snowy-milan-during-fashion-week\/#primaryimage","url":"https:\/\/thegoldenbun.com\/wp-content\/uploads\/2013\/02\/snowmilan1.jpg","contentUrl":"https:\/\/thegoldenbun.com\/wp-content\/uploads\/2013\/02\/snowmilan1.jpg","width":683,"height":1024},{"@type":"WebPage","@id":"https:\/\/thegoldenbun.com\/de\/2013\/02\/snowy-milan-during-fashion-week\/#webpage","url":"https:\/\/thegoldenbun.com\/de\/2013\/02\/snowy-milan-during-fashion-week\/","name":"Snowy Milan during Fashion Week - The Golden Bun","isPartOf":{"@id":"https:\/\/thegoldenbun.com\/#website"},"primaryImageOfPage":{"@id":"https:\/\/thegoldenbun.com\/de\/2013\/02\/snowy-milan-during-fashion-week\/#primaryimage"},"datePublished":"2013-02-27T09:40:00+00:00","dateModified":"2015-04-26T11:24:36+00:00","author":{"@id":"https:\/\/thegoldenbun.com\/#\/schema\/person\/a8ed0c60451d5a883d10e21afc630268"},"breadcrumb":{"@id":"https:\/\/thegoldenbun.com\/de\/2013\/02\/snowy-milan-during-fashion-week\/#breadcrumb"},"inLanguage":"de","potentialAction":[{"@type":"ReadAction","target":["https:\/\/thegoldenbun.com\/de\/2013\/02\/snowy-milan-during-fashion-week\/"]}]},{"@type":"BreadcrumbList","@id":"https:\/\/thegoldenbun.com\/de\/2013\/02\/snowy-milan-during-fashion-week\/#breadcrumb","itemListElement":[{"@type":"ListItem","position":1,"name":"Home","item":"https:\/\/thegoldenbun.com\/"},{"@type":"ListItem","position":2,"name":"Snowy Milan during Fashion Week"}]},{"@type":"Person","@id":"https:\/\/thegoldenbun.com\/#\/schema\/person\/a8ed0c60451d5a883d10e21afc630268","name":"Vicky","url":"https:\/\/thegoldenbun.com\/de\/author\/tgb\/"}]}},"jetpack_featured_media_url":"https:\/\/thegoldenbun.com\/wp-content\/uploads\/2013\/02\/snowmilan1.jpg","jetpack_publicize_connections":[],"jetpack_sharing_enabled":true,"_links":{"self":[{"href":"https:\/\/thegoldenbun.com\/de\/wp-json\/wp\/v2\/posts\/643"}],"collection":[{"href":"https:\/\/thegoldenbun.com\/de\/wp-json\/wp\/v2\/posts"}],"about":[{"href":"https:\/\/thegoldenbun.com\/de\/wp-json\/wp\/v2\/types\/post"}],"author":[{"embeddable":true,"href":"https:\/\/thegoldenbun.com\/de\/wp-json\/wp\/v2\/users\/1"}],"replies":[{"embeddable":true,"href":"https:\/\/thegoldenbun.com\/de\/wp-json\/wp\/v2\/comments?post=643"}],"version-history":[{"count":0,"href":"https:\/\/thegoldenbun.com\/de\/wp-json\/wp\/v2\/posts\/643\/revisions"}],"wp:featuredmedia":[{"embeddable":true,"href":"https:\/\/thegoldenbun.com\/de\/wp-json\/wp\/v2\/media\/6983"}],"wp:attachment":[{"href":"https:\/\/thegoldenbun.com\/de\/wp-json\/wp\/v2\/media?parent=643"}],"wp:term":[{"taxonomy":"category","embeddable":true,"href":"https:\/\/thegoldenbun.com\/de\/wp-json\/wp\/v2\/categories?post=643"},{"taxonomy":"post_tag","embeddable":true,"href":"https:\/\/thegoldenbun.com\/de\/wp-json\/wp\/v2\/tags?post=643"}],"curies":[{"name":"wp","href":"https:\/\/api.w.org\/{rel}","templated":true}]}}