{"id":718,"date":"2012-11-18T10:05:00","date_gmt":"2012-11-18T09:05:00","guid":{"rendered":"http:\/\/thegoldenbun.net\/fluffy-grey-in-versailles"},"modified":"2015-04-28T13:04:25","modified_gmt":"2015-04-28T11:04:25","slug":"fluffy-grey-in-versailles","status":"publish","type":"post","link":"https:\/\/thegoldenbun.com\/de\/2012\/11\/fluffy-grey-in-versailles\/","title":{"rendered":"Fluffy grey in Versailles"},"content":{"rendered":"<div dir=\"ltr\" style=\"text-align: left;\">\n<div style=\"text-align: center;\"><span style=\"font-size: x-small;\"><img src=\"http:\/\/thegoldenbun.net\/wp-content\/uploads\/2012\/11\/versaillesgrau8.jpg\" style=\"height: 1px; width: 1px;\" \/> <img src=\"http:\/\/thegoldenbun.net\/wp-content\/uploads\/2012\/11\/versaillesgrau8-1.jpg\" style=\"height: auto; width: 1080px;\" \/><img src=\"http:\/\/thegoldenbun.net\/wp-content\/uploads\/2012\/11\/versaillesgrau2.jpg\" style=\"height: auto; width: 1080px;\" \/><img src=\"http:\/\/thegoldenbun.net\/wp-content\/uploads\/2012\/11\/versaillesgrau1.jpg\" style=\"height: auto; width: 1080px;\" \/><img src=\"http:\/\/thegoldenbun.net\/wp-content\/uploads\/2012\/11\/versaillesgrau6.jpg\" style=\"height: auto; width: 525px;\" \/><img src=\"http:\/\/thegoldenbun.net\/wp-content\/uploads\/2012\/11\/versaillesgrau7.jpg\" style=\"height: auto; width: 525px;\" \/> <img src=\"http:\/\/thegoldenbun.net\/wp-content\/uploads\/2012\/11\/versaillesgrau5.jpg\" style=\"height: auto; width: 1080px;\" \/><img src=\"http:\/\/thegoldenbun.net\/wp-content\/uploads\/2012\/11\/versaillesgrau3.jpg\" style=\"height: auto; width: 525px;\" \/><img src=\"http:\/\/thegoldenbun.net\/wp-content\/uploads\/2012\/11\/versaillesgrau4.jpg\" style=\"height: auto; width: 525px;\" \/> <\/span><\/div>\n<div style=\"text-align: center;\"><span style=\"font-size: x-small;\"><a href=\"http:\/\/rstyle.me\/igwxbqm3cw\" target=\"_blank\">ASOS<\/a>&nbsp;Faux Fur Collar Oversized Coat (<u><a href=\"http:\/\/bit.ly\/RKo31r\" target=\"_blank\">direct link<\/a><\/u>) |&nbsp;<a href=\"http:\/\/rstyle.me\/igwxbqm3cw\" target=\"_blank\">ASOS<\/a>&nbsp;Skirt with Wiggle Hem&nbsp;(<u><a href=\"http:\/\/bit.ly\/T8lac5\" target=\"_blank\">direct link<\/a><\/u> &#8211; currently on sale) |&nbsp;earrings:&nbsp;<a href=\"http:\/\/rstyle.me\/igwxbqm3cw\" target=\"_blank\">ASOS<\/a>&nbsp;(available in more colors &#8211; already seen&nbsp;<u><a href=\"http:\/\/thegoldenbun.net\/2012\/06\/give-me-some-flowers-and-ill-make-a-jumper-for-you\/\" target=\"_blank\">here in summer<\/a><\/u>)&nbsp;|&nbsp;bag: c\/o&nbsp;<a href=\"http:\/\/www.vj-style.com\/\" target=\"_blank\">VJ-Style<\/a>&nbsp;(<u><a href=\"http:\/\/www.vjstyle.com\/shop-womens-bags\/handbags-and-clutches\/designer-bat-satchel-1\" target=\"_blank\">direct link<\/a><\/u><b>) | <\/b>ASOS Pearl Bow Hair Barrette (<u><a href=\"http:\/\/bit.ly\/T8kljv\" target=\"_blank\">direct link<\/a><\/u>) | glitter pointed flats from Tamaris<\/span><br \/><span style=\"font-size: x-small;\"><br \/><\/span><\/div>\n<div style=\"text-align: center;\"><span style=\"font-size: x-small;\"><span>Photography\/<i>Fotografie<\/i>:&nbsp;<u><a href=\"https:\/\/www.facebook.com\/pages\/Bastian-Ramoser-Photography\/258089314255201\">Bastian Ramoser<\/a><\/u><\/span><\/span><\/p>\n<div style=\"text-align: justify;\"> <b>Versailles. <\/b>It has&nbsp;already been the second time that I was in Versailles this month and I am still so impressed by the park. Especially these days the atmosphere is so great and some of you have already seen some snapshots on Instagram. I loved the foggy woods and avenues so much. Still, it is very autumnal only does it get colder day by day. Unfortunately, we took too long to shoot outside that we couldn&#8217;t get into the castle anymore which closes&nbsp;already&nbsp;at 5pm . I can&#8217;t wait to come back when there will be snow&#8230;&nbsp;<b>&nbsp;<\/b><br \/>Wish you a wonderful Sunday! More of my life in <a href=\"http:\/\/thegoldenbun.net\/search\/label\/paris\"><u><b>Paris<\/b><\/u><\/a> will be up here soon &#8211; \u00e0 bient\u00f4t!<\/p>\n<p><i><b>Versailles. <\/b>Es war schon das zweite Mal, dass ich in Versailles diesen Monat war und bin immer noch beeindruckt von der Parkanlage. Das letzte Mal hatten wir nicht zu viel Zeit dort spazieren zu gehen, was wir dieses Mal aber nachgeholt haben. Besonders toll war die Atmosph\u00e4re, die einige von euch schon auf Instagram bewundern konnten. Dennoch finde ich es immer noch sehr herbstlich dort, nur, dass es tagt\u00e4glich k\u00e4lter wird. Leider haben wir uns dann doch zu lange im Park aufgehalten, sodass wir nicht mehr ins Schloss durften, das bereits um 17:00 Uhr schlie\u00dft. Ich freue mich schon im Winter hinzufahren und im Schnee durch den Garten zu stapfen&#8230;<\/i><br \/><i>W\u00fcnsche euch einen sch\u00f6nen Sonntag! Mehr von meinem Leben in &nbsp;<a href=\"http:\/\/thegoldenbun.net\/search\/label\/paris\"><u><b>Paris<\/b><\/u><\/a> gibt es beim n\u00e4chsten Mal &#8211; \u00e0 bient\u00f4t!<\/i> <\/div>\n<\/div>\n<\/div>\n","protected":false},"excerpt":{"rendered":"<p>ASOS&nbsp;Faux Fur Collar Oversized Coat (direct link) |&nbsp;ASOS&nbsp;Skirt with Wiggle Hem&nbsp;(direct link &#8211; currently on sale) |&nbsp;earrings:&nbsp;ASOS&nbsp;(available in more colors &#8211; already seen&nbsp;here in summer)&nbsp;|&nbsp;bag: c\/o&nbsp;VJ-Style&nbsp;(direct link) | ASOS Pearl Bow Hair Barrette (direct link) | glitter pointed flats from Tamaris Photography\/Fotografie:&nbsp;Bastian Ramoser Versailles. It has&nbsp;already been the second time that I was in Versailles this month and I am still so impressed by the park. Especially these days the [&hellip;]<\/p>\n","protected":false},"author":1,"featured_media":7904,"comment_status":"open","ping_status":"open","sticky":false,"template":"","format":"standard","meta":{"_exactmetrics_skip_tracking":false,"_exactmetrics_sitenote_active":false,"_exactmetrics_sitenote_note":"","_exactmetrics_sitenote_category":0,"spay_email":"","jetpack_publicize_message":"","jetpack_is_tweetstorm":false,"jetpack_publicize_feature_enabled":true},"categories":[10,37],"tags":[],"acf":[],"yoast_head":"<!-- This site is optimized with the Yoast SEO plugin v18.9 - https:\/\/yoast.com\/wordpress\/plugins\/seo\/ -->\n<title>Fluffy grey in Versailles - The Golden Bun<\/title>\n<meta name=\"robots\" content=\"index, follow, max-snippet:-1, max-image-preview:large, max-video-preview:-1\" \/>\n<link rel=\"canonical\" href=\"https:\/\/thegoldenbun.com\/de\/2012\/11\/fluffy-grey-in-versailles\/\" \/>\n<meta property=\"og:locale\" content=\"de_DE\" \/>\n<meta property=\"og:type\" content=\"article\" \/>\n<meta property=\"og:title\" content=\"Fluffy grey in Versailles - The Golden Bun\" \/>\n<meta property=\"og:description\" content=\"ASOS&nbsp;Faux Fur Collar Oversized Coat (direct link) |&nbsp;ASOS&nbsp;Skirt with Wiggle Hem&nbsp;(direct link &#8211; currently on sale) |&nbsp;earrings:&nbsp;ASOS&nbsp;(available in more colors &#8211; already seen&nbsp;here in summer)&nbsp;|&nbsp;bag: c\/o&nbsp;VJ-Style&nbsp;(direct link) | ASOS Pearl Bow Hair Barrette (direct link) | glitter pointed flats from Tamaris Photography\/Fotografie:&nbsp;Bastian Ramoser Versailles. It has&nbsp;already been the second time that I was in Versailles this month and I am still so impressed by the park. Especially these days the [&hellip;]\" \/>\n<meta property=\"og:url\" content=\"https:\/\/thegoldenbun.com\/de\/2012\/11\/fluffy-grey-in-versailles\/\" \/>\n<meta property=\"og:site_name\" content=\"The Golden Bun\" \/>\n<meta property=\"article:publisher\" content=\"http:\/\/www.facebook.com\/thegoldenbun\" \/>\n<meta property=\"article:published_time\" content=\"2012-11-18T09:05:00+00:00\" \/>\n<meta property=\"article:modified_time\" content=\"2015-04-28T11:04:25+00:00\" \/>\n<meta property=\"og:image\" content=\"https:\/\/thegoldenbun.com\/wp-content\/uploads\/2012\/11\/versaillesgrau8.jpg\" \/>\n\t<meta property=\"og:image:width\" content=\"792\" \/>\n\t<meta property=\"og:image:height\" content=\"528\" \/>\n\t<meta property=\"og:image:type\" content=\"image\/jpeg\" \/>\n<meta name=\"twitter:card\" content=\"summary\" \/>\n<meta name=\"twitter:creator\" content=\"@thegoldenbun\" \/>\n<meta name=\"twitter:site\" content=\"@thegoldenbun\" \/>\n<meta name=\"twitter:label1\" content=\"Verfasst von\" \/>\n\t<meta name=\"twitter:data1\" content=\"Vicky\" \/>\n\t<meta name=\"twitter:label2\" content=\"Gesch\u00e4tzte Lesezeit\" \/>\n\t<meta name=\"twitter:data2\" content=\"2\u00a0Minuten\" \/>\n<script type=\"application\/ld+json\" class=\"yoast-schema-graph\">{\"@context\":\"https:\/\/schema.org\",\"@graph\":[{\"@type\":\"WebSite\",\"@id\":\"https:\/\/thegoldenbun.com\/#website\",\"url\":\"https:\/\/thegoldenbun.com\/\",\"name\":\"The Golden Bun\",\"description\":\"Deutscher Reiseblog \/ Modeblog \/ Lifestyleblog \/ Berlin &amp; M\u00fcnchen \/ Reise &amp; Restaurant Tipps\",\"potentialAction\":[{\"@type\":\"SearchAction\",\"target\":{\"@type\":\"EntryPoint\",\"urlTemplate\":\"https:\/\/thegoldenbun.com\/?s={search_term_string}\"},\"query-input\":\"required name=search_term_string\"}],\"inLanguage\":\"de\"},{\"@type\":\"ImageObject\",\"inLanguage\":\"de\",\"@id\":\"https:\/\/thegoldenbun.com\/de\/2012\/11\/fluffy-grey-in-versailles\/#primaryimage\",\"url\":\"https:\/\/thegoldenbun.com\/wp-content\/uploads\/2012\/11\/versaillesgrau8.jpg\",\"contentUrl\":\"https:\/\/thegoldenbun.com\/wp-content\/uploads\/2012\/11\/versaillesgrau8.jpg\",\"width\":792,\"height\":528},{\"@type\":\"WebPage\",\"@id\":\"https:\/\/thegoldenbun.com\/de\/2012\/11\/fluffy-grey-in-versailles\/#webpage\",\"url\":\"https:\/\/thegoldenbun.com\/de\/2012\/11\/fluffy-grey-in-versailles\/\",\"name\":\"Fluffy grey in Versailles - The Golden Bun\",\"isPartOf\":{\"@id\":\"https:\/\/thegoldenbun.com\/#website\"},\"primaryImageOfPage\":{\"@id\":\"https:\/\/thegoldenbun.com\/de\/2012\/11\/fluffy-grey-in-versailles\/#primaryimage\"},\"datePublished\":\"2012-11-18T09:05:00+00:00\",\"dateModified\":\"2015-04-28T11:04:25+00:00\",\"author\":{\"@id\":\"https:\/\/thegoldenbun.com\/#\/schema\/person\/a8ed0c60451d5a883d10e21afc630268\"},\"breadcrumb\":{\"@id\":\"https:\/\/thegoldenbun.com\/de\/2012\/11\/fluffy-grey-in-versailles\/#breadcrumb\"},\"inLanguage\":\"de\",\"potentialAction\":[{\"@type\":\"ReadAction\",\"target\":[\"https:\/\/thegoldenbun.com\/de\/2012\/11\/fluffy-grey-in-versailles\/\"]}]},{\"@type\":\"BreadcrumbList\",\"@id\":\"https:\/\/thegoldenbun.com\/de\/2012\/11\/fluffy-grey-in-versailles\/#breadcrumb\",\"itemListElement\":[{\"@type\":\"ListItem\",\"position\":1,\"name\":\"Home\",\"item\":\"https:\/\/thegoldenbun.com\/\"},{\"@type\":\"ListItem\",\"position\":2,\"name\":\"Fluffy grey in Versailles\"}]},{\"@type\":\"Person\",\"@id\":\"https:\/\/thegoldenbun.com\/#\/schema\/person\/a8ed0c60451d5a883d10e21afc630268\",\"name\":\"Vicky\",\"url\":\"https:\/\/thegoldenbun.com\/de\/author\/tgb\/\"}]}<\/script>\n<!-- \/ Yoast SEO plugin. -->","yoast_head_json":{"title":"Fluffy grey in Versailles - The Golden Bun","robots":{"index":"index","follow":"follow","max-snippet":"max-snippet:-1","max-image-preview":"max-image-preview:large","max-video-preview":"max-video-preview:-1"},"canonical":"https:\/\/thegoldenbun.com\/de\/2012\/11\/fluffy-grey-in-versailles\/","og_locale":"de_DE","og_type":"article","og_title":"Fluffy grey in Versailles - The Golden Bun","og_description":"ASOS&nbsp;Faux Fur Collar Oversized Coat (direct link) |&nbsp;ASOS&nbsp;Skirt with Wiggle Hem&nbsp;(direct link &#8211; currently on sale) |&nbsp;earrings:&nbsp;ASOS&nbsp;(available in more colors &#8211; already seen&nbsp;here in summer)&nbsp;|&nbsp;bag: c\/o&nbsp;VJ-Style&nbsp;(direct link) | ASOS Pearl Bow Hair Barrette (direct link) | glitter pointed flats from Tamaris Photography\/Fotografie:&nbsp;Bastian Ramoser Versailles. It has&nbsp;already been the second time that I was in Versailles this month and I am still so impressed by the park. Especially these days the [&hellip;]","og_url":"https:\/\/thegoldenbun.com\/de\/2012\/11\/fluffy-grey-in-versailles\/","og_site_name":"The Golden Bun","article_publisher":"http:\/\/www.facebook.com\/thegoldenbun","article_published_time":"2012-11-18T09:05:00+00:00","article_modified_time":"2015-04-28T11:04:25+00:00","og_image":[{"width":792,"height":528,"url":"https:\/\/thegoldenbun.com\/wp-content\/uploads\/2012\/11\/versaillesgrau8.jpg","type":"image\/jpeg"}],"twitter_card":"summary","twitter_creator":"@thegoldenbun","twitter_site":"@thegoldenbun","twitter_misc":{"Verfasst von":"Vicky","Gesch\u00e4tzte Lesezeit":"2\u00a0Minuten"},"schema":{"@context":"https:\/\/schema.org","@graph":[{"@type":"WebSite","@id":"https:\/\/thegoldenbun.com\/#website","url":"https:\/\/thegoldenbun.com\/","name":"The Golden Bun","description":"Deutscher Reiseblog \/ Modeblog \/ Lifestyleblog \/ Berlin &amp; M\u00fcnchen \/ Reise &amp; Restaurant Tipps","potentialAction":[{"@type":"SearchAction","target":{"@type":"EntryPoint","urlTemplate":"https:\/\/thegoldenbun.com\/?s={search_term_string}"},"query-input":"required name=search_term_string"}],"inLanguage":"de"},{"@type":"ImageObject","inLanguage":"de","@id":"https:\/\/thegoldenbun.com\/de\/2012\/11\/fluffy-grey-in-versailles\/#primaryimage","url":"https:\/\/thegoldenbun.com\/wp-content\/uploads\/2012\/11\/versaillesgrau8.jpg","contentUrl":"https:\/\/thegoldenbun.com\/wp-content\/uploads\/2012\/11\/versaillesgrau8.jpg","width":792,"height":528},{"@type":"WebPage","@id":"https:\/\/thegoldenbun.com\/de\/2012\/11\/fluffy-grey-in-versailles\/#webpage","url":"https:\/\/thegoldenbun.com\/de\/2012\/11\/fluffy-grey-in-versailles\/","name":"Fluffy grey in Versailles - The Golden Bun","isPartOf":{"@id":"https:\/\/thegoldenbun.com\/#website"},"primaryImageOfPage":{"@id":"https:\/\/thegoldenbun.com\/de\/2012\/11\/fluffy-grey-in-versailles\/#primaryimage"},"datePublished":"2012-11-18T09:05:00+00:00","dateModified":"2015-04-28T11:04:25+00:00","author":{"@id":"https:\/\/thegoldenbun.com\/#\/schema\/person\/a8ed0c60451d5a883d10e21afc630268"},"breadcrumb":{"@id":"https:\/\/thegoldenbun.com\/de\/2012\/11\/fluffy-grey-in-versailles\/#breadcrumb"},"inLanguage":"de","potentialAction":[{"@type":"ReadAction","target":["https:\/\/thegoldenbun.com\/de\/2012\/11\/fluffy-grey-in-versailles\/"]}]},{"@type":"BreadcrumbList","@id":"https:\/\/thegoldenbun.com\/de\/2012\/11\/fluffy-grey-in-versailles\/#breadcrumb","itemListElement":[{"@type":"ListItem","position":1,"name":"Home","item":"https:\/\/thegoldenbun.com\/"},{"@type":"ListItem","position":2,"name":"Fluffy grey in Versailles"}]},{"@type":"Person","@id":"https:\/\/thegoldenbun.com\/#\/schema\/person\/a8ed0c60451d5a883d10e21afc630268","name":"Vicky","url":"https:\/\/thegoldenbun.com\/de\/author\/tgb\/"}]}},"jetpack_featured_media_url":"https:\/\/thegoldenbun.com\/wp-content\/uploads\/2012\/11\/versaillesgrau8.jpg","jetpack_publicize_connections":[],"jetpack_sharing_enabled":true,"_links":{"self":[{"href":"https:\/\/thegoldenbun.com\/de\/wp-json\/wp\/v2\/posts\/718"}],"collection":[{"href":"https:\/\/thegoldenbun.com\/de\/wp-json\/wp\/v2\/posts"}],"about":[{"href":"https:\/\/thegoldenbun.com\/de\/wp-json\/wp\/v2\/types\/post"}],"author":[{"embeddable":true,"href":"https:\/\/thegoldenbun.com\/de\/wp-json\/wp\/v2\/users\/1"}],"replies":[{"embeddable":true,"href":"https:\/\/thegoldenbun.com\/de\/wp-json\/wp\/v2\/comments?post=718"}],"version-history":[{"count":0,"href":"https:\/\/thegoldenbun.com\/de\/wp-json\/wp\/v2\/posts\/718\/revisions"}],"wp:featuredmedia":[{"embeddable":true,"href":"https:\/\/thegoldenbun.com\/de\/wp-json\/wp\/v2\/media\/7904"}],"wp:attachment":[{"href":"https:\/\/thegoldenbun.com\/de\/wp-json\/wp\/v2\/media?parent=718"}],"wp:term":[{"taxonomy":"category","embeddable":true,"href":"https:\/\/thegoldenbun.com\/de\/wp-json\/wp\/v2\/categories?post=718"},{"taxonomy":"post_tag","embeddable":true,"href":"https:\/\/thegoldenbun.com\/de\/wp-json\/wp\/v2\/tags?post=718"}],"curies":[{"name":"wp","href":"https:\/\/api.w.org\/{rel}","templated":true}]}}