{"id":721,"date":"2012-11-15T10:05:00","date_gmt":"2012-11-15T09:05:00","guid":{"rendered":"http:\/\/thegoldenbun.net\/the-golden-bun-in-der-die-sudtirolerin"},"modified":"2015-04-28T13:04:26","modified_gmt":"2015-04-28T11:04:26","slug":"the-golden-bun-in-der-die-sudtirolerin","status":"publish","type":"post","link":"https:\/\/thegoldenbun.com\/de\/2012\/11\/the-golden-bun-in-der-die-sudtirolerin\/","title":{"rendered":"The Golden Bun in der Die S\u00fcdtirolerin"},"content":{"rendered":"<div dir=\"ltr\" style=\"text-align: left;\">\n<div style=\"text-align: center;\"><span style=\"font-size: x-small;\"><img src=\"http:\/\/thegoldenbun.net\/wp-content\/uploads\/2012\/11\/blogfeature1.jpg\" style=\"height: 1px; width: 1px;\" \/> <a href=\"http:\/\/thegoldenbun.net\/wp-content\/uploads\/2012\/11\/blogfeature1.jpg\"><img src=\"http:\/\/thegoldenbun.net\/wp-content\/uploads\/2012\/11\/blogfeature1.jpg\" style=\"height: auto; width: 1080px;\" \/><br \/><b><\/b><\/a><b>click on the picture to enlarge<\/b><\/span><\/div>\n<a href=\"http:\/\/thegoldenbun.net\/wp-content\/uploads\/2012\/11\/blogfeature2.jpg\"><img src=\"http:\/\/thegoldenbun.net\/wp-content\/uploads\/2012\/11\/blogfeature2.jpg\" style=\"height: auto; width: 1080px;\" \/><\/a>\n<div style=\"text-align: center;\"><span style=\"font-size: x-small;\"><span><a href=\"https:\/\/www.facebook.com\/pages\/Bastian-Ramoser-Photography\/258089314255201\"><u><\/u><\/a><\/span><\/span><br \/><i>zum Vergr\u00f6\u00dfern einfach aufs Bild klicken&#8230;<\/i><br \/><i>Die S\u00fcdtirolerin &#8211; September Ausgabe 2012<\/i><\/p>\n<div style=\"text-align: justify;\"> <b>DieS\u00fcdtirolerin.<\/b>&nbsp;Im Sommer hatte ich ein kleines Interview mit der <i>S\u00fcdtirolerin<\/i>, eines der f\u00fchrenden Lifestyle-Magazine, wie der Namen ja schon sagt, in S\u00fcdtirol. Auch dieser Artikel ist super geworden und besonders sch\u00f6n, finde ich die Bildwahl. Eigentlich ist es schade, dass meine Lieblingsposts schon so weit nach hinten ger\u00fcckt sind, deshalb habe ich euch nochmal ein paar meiner Lieblingsposts herausgesucht: <\/p>\n<div style=\"text-align: center;\"><u><a href=\"http:\/\/thegoldenbun.net\/2010\/11\/the-colours-of-autumn\/\" target=\"_blank\">Colours of autumn<\/a><\/u><\/div>\n<div style=\"text-align: center;\"><u><a href=\"http:\/\/thegoldenbun.net\/2011\/04\/easterrabbit-come-along\/\" target=\"_blank\">Easter rabbit comes along<\/a><\/u><\/div>\n<div style=\"text-align: center;\"><u><a href=\"http:\/\/thegoldenbun.net\/2011\/05\/you-can-leave-your-hat-on\/\" target=\"_blank\">You can leave your hat on<\/a><\/u><\/div>\n<div style=\"text-align: center;\"><u><a href=\"http:\/\/thegoldenbun.net\/2011\/06\/one-of-those-rainy-days\/\" target=\"_blank\">One of those rainy days<\/a><\/u><\/div>\n<div style=\"text-align: center;\"><u><a href=\"http:\/\/thegoldenbun.net\/2011\/06\/hippiedress.html\" target=\"_blank\">Hippie dress<\/a><\/u><\/div>\n<div style=\"text-align: center;\"><u><a href=\"http:\/\/thegoldenbun.net\/2011\/06\/latest-obsession-easy-up-do\/\" target=\"_blank\">Easy updo<\/a><\/u><\/div>\n<div style=\"text-align: center;\"><u><a href=\"http:\/\/thegoldenbun.net\/2011\/06\/quick-news\/\" target=\"_blank\">Hat&amp;lace<\/a><\/u><\/div>\n<div style=\"text-align: center;\"><u><a href=\"http:\/\/thegoldenbun.net\/2011\/07\/keep-on-shining\/\" target=\"_blank\">Keep on shining<\/a><\/u><\/div>\n<div style=\"text-align: center;\"><u><a href=\"http:\/\/thegoldenbun.net\/2011\/08\/sunset-of-love\/\" target=\"_blank\">Sunset of love<\/a><\/u><\/div>\n<div style=\"text-align: center;\"><u><a href=\"http:\/\/thegoldenbun.net\/2011\/08\/back-to-black\/\" target=\"_blank\">Back to black<\/a><\/u><\/div>\n<div style=\"text-align: center;\"><u><a href=\"http:\/\/thegoldenbun.net\/2011\/08\/show-your-tummy\/\" target=\"_blank\">Show your tummie<\/a><\/u><\/div>\n<div style=\"text-align: center;\"><u><a href=\"http:\/\/thegoldenbun.net\/2011\/09\/we-all-love-missoni-dont-we\/\" target=\"_blank\">We all love Missoni don&#8217;t we?<\/a><\/u><\/div>\n<div style=\"text-align: center;\"><u><a href=\"http:\/\/thegoldenbun.net\/2011\/09\/mykonos-sunset-nr1\/\" target=\"_blank\">Mykonos Sunset Nr.1<\/a><\/u><\/div>\n<div style=\"text-align: center;\"><u><a href=\"http:\/\/thegoldenbun.net\/2011\/09\/mykonos-sunset-nr2\/\" target=\"_blank\">Mykonos Sunset Nr.2<\/a><\/u><\/div>\n<div style=\"text-align: center;\"><u><a href=\"http:\/\/thegoldenbun.net\/2011\/11\/venice-once-a-year\/\" target=\"_blank\">Venice once a year<\/a><\/u><\/div>\n<div style=\"text-align: center;\"><u><a href=\"http:\/\/thegoldenbun.net\/2011\/12\/jeans-feather\/\" target=\"_blank\">Jeans feathers<\/a><\/u><\/div>\n<div style=\"text-align: center;\"><u><a href=\"http:\/\/thegoldenbun.net\/2011\/12\/cape-and-go\/\" target=\"_blank\">Cape and go<\/a><\/u><\/div>\n<div style=\"text-align: center;\"><\/div>\n<div style=\"text-align: center;\">und da gibt es noch ganz viele mehr&#8230;<\/div>\n<div style=\"text-align: center;\"><\/div>\n<\/div>\n<\/div>\n<\/div>\n","protected":false},"excerpt":{"rendered":"<p>click on the picture to enlarge zum Vergr\u00f6\u00dfern einfach aufs Bild klicken&#8230;Die S\u00fcdtirolerin &#8211; September Ausgabe 2012 DieS\u00fcdtirolerin.&nbsp;Im Sommer hatte ich ein kleines Interview mit der S\u00fcdtirolerin, eines der f\u00fchrenden Lifestyle-Magazine, wie der Namen ja schon sagt, in S\u00fcdtirol. Auch dieser Artikel ist super geworden und besonders sch\u00f6n, finde ich die Bildwahl. Eigentlich ist es schade, dass meine Lieblingsposts schon so weit nach hinten ger\u00fcckt sind, deshalb habe ich euch [&hellip;]<\/p>\n","protected":false},"author":1,"featured_media":7932,"comment_status":"open","ping_status":"open","sticky":false,"template":"","format":"standard","meta":{"_exactmetrics_skip_tracking":false,"_exactmetrics_sitenote_active":false,"_exactmetrics_sitenote_note":"","_exactmetrics_sitenote_category":0,"spay_email":"","jetpack_publicize_message":"","jetpack_is_tweetstorm":false,"jetpack_publicize_feature_enabled":true},"categories":[57],"tags":[],"acf":[],"yoast_head":"<!-- This site is optimized with the Yoast SEO plugin v18.9 - https:\/\/yoast.com\/wordpress\/plugins\/seo\/ -->\n<title>The Golden Bun in der Die S\u00fcdtirolerin - The Golden Bun<\/title>\n<meta name=\"robots\" content=\"index, follow, max-snippet:-1, max-image-preview:large, max-video-preview:-1\" \/>\n<link rel=\"canonical\" href=\"https:\/\/thegoldenbun.com\/de\/2012\/11\/the-golden-bun-in-der-die-sudtirolerin\/\" \/>\n<meta property=\"og:locale\" content=\"de_DE\" \/>\n<meta property=\"og:type\" content=\"article\" \/>\n<meta property=\"og:title\" content=\"The Golden Bun in der Die S\u00fcdtirolerin - The Golden Bun\" \/>\n<meta property=\"og:description\" content=\"click on the picture to enlarge zum Vergr\u00f6\u00dfern einfach aufs Bild klicken&#8230;Die S\u00fcdtirolerin &#8211; September Ausgabe 2012 DieS\u00fcdtirolerin.&nbsp;Im Sommer hatte ich ein kleines Interview mit der S\u00fcdtirolerin, eines der f\u00fchrenden Lifestyle-Magazine, wie der Namen ja schon sagt, in S\u00fcdtirol. Auch dieser Artikel ist super geworden und besonders sch\u00f6n, finde ich die Bildwahl. Eigentlich ist es schade, dass meine Lieblingsposts schon so weit nach hinten ger\u00fcckt sind, deshalb habe ich euch [&hellip;]\" \/>\n<meta property=\"og:url\" content=\"https:\/\/thegoldenbun.com\/de\/2012\/11\/the-golden-bun-in-der-die-sudtirolerin\/\" \/>\n<meta property=\"og:site_name\" content=\"The Golden Bun\" \/>\n<meta property=\"article:publisher\" content=\"http:\/\/www.facebook.com\/thegoldenbun\" \/>\n<meta property=\"article:published_time\" content=\"2012-11-15T09:05:00+00:00\" \/>\n<meta property=\"article:modified_time\" content=\"2015-04-28T11:04:26+00:00\" \/>\n<meta property=\"og:image\" content=\"https:\/\/thegoldenbun.com\/wp-content\/uploads\/2012\/11\/blogfeature1.jpg\" \/>\n\t<meta property=\"og:image:width\" content=\"1024\" \/>\n\t<meta property=\"og:image:height\" content=\"722\" \/>\n\t<meta property=\"og:image:type\" content=\"image\/jpeg\" \/>\n<meta name=\"twitter:card\" content=\"summary\" \/>\n<meta name=\"twitter:creator\" content=\"@thegoldenbun\" \/>\n<meta name=\"twitter:site\" content=\"@thegoldenbun\" \/>\n<meta name=\"twitter:label1\" content=\"Verfasst von\" \/>\n\t<meta name=\"twitter:data1\" content=\"Vicky\" \/>\n\t<meta name=\"twitter:label2\" content=\"Gesch\u00e4tzte Lesezeit\" \/>\n\t<meta name=\"twitter:data2\" content=\"1\u00a0Minute\" \/>\n<script type=\"application\/ld+json\" class=\"yoast-schema-graph\">{\"@context\":\"https:\/\/schema.org\",\"@graph\":[{\"@type\":\"WebSite\",\"@id\":\"https:\/\/thegoldenbun.com\/#website\",\"url\":\"https:\/\/thegoldenbun.com\/\",\"name\":\"The Golden Bun\",\"description\":\"Deutscher Reiseblog \/ Modeblog \/ Lifestyleblog \/ Berlin &amp; M\u00fcnchen \/ Reise &amp; Restaurant Tipps\",\"potentialAction\":[{\"@type\":\"SearchAction\",\"target\":{\"@type\":\"EntryPoint\",\"urlTemplate\":\"https:\/\/thegoldenbun.com\/?s={search_term_string}\"},\"query-input\":\"required name=search_term_string\"}],\"inLanguage\":\"de\"},{\"@type\":\"ImageObject\",\"inLanguage\":\"de\",\"@id\":\"https:\/\/thegoldenbun.com\/de\/2012\/11\/the-golden-bun-in-der-die-sudtirolerin\/#primaryimage\",\"url\":\"https:\/\/thegoldenbun.com\/wp-content\/uploads\/2012\/11\/blogfeature1.jpg\",\"contentUrl\":\"https:\/\/thegoldenbun.com\/wp-content\/uploads\/2012\/11\/blogfeature1.jpg\",\"width\":1024,\"height\":722},{\"@type\":\"WebPage\",\"@id\":\"https:\/\/thegoldenbun.com\/de\/2012\/11\/the-golden-bun-in-der-die-sudtirolerin\/#webpage\",\"url\":\"https:\/\/thegoldenbun.com\/de\/2012\/11\/the-golden-bun-in-der-die-sudtirolerin\/\",\"name\":\"The Golden Bun in der Die S\u00fcdtirolerin - The Golden Bun\",\"isPartOf\":{\"@id\":\"https:\/\/thegoldenbun.com\/#website\"},\"primaryImageOfPage\":{\"@id\":\"https:\/\/thegoldenbun.com\/de\/2012\/11\/the-golden-bun-in-der-die-sudtirolerin\/#primaryimage\"},\"datePublished\":\"2012-11-15T09:05:00+00:00\",\"dateModified\":\"2015-04-28T11:04:26+00:00\",\"author\":{\"@id\":\"https:\/\/thegoldenbun.com\/#\/schema\/person\/a8ed0c60451d5a883d10e21afc630268\"},\"breadcrumb\":{\"@id\":\"https:\/\/thegoldenbun.com\/de\/2012\/11\/the-golden-bun-in-der-die-sudtirolerin\/#breadcrumb\"},\"inLanguage\":\"de\",\"potentialAction\":[{\"@type\":\"ReadAction\",\"target\":[\"https:\/\/thegoldenbun.com\/de\/2012\/11\/the-golden-bun-in-der-die-sudtirolerin\/\"]}]},{\"@type\":\"BreadcrumbList\",\"@id\":\"https:\/\/thegoldenbun.com\/de\/2012\/11\/the-golden-bun-in-der-die-sudtirolerin\/#breadcrumb\",\"itemListElement\":[{\"@type\":\"ListItem\",\"position\":1,\"name\":\"Home\",\"item\":\"https:\/\/thegoldenbun.com\/\"},{\"@type\":\"ListItem\",\"position\":2,\"name\":\"The Golden Bun in der Die S\u00fcdtirolerin\"}]},{\"@type\":\"Person\",\"@id\":\"https:\/\/thegoldenbun.com\/#\/schema\/person\/a8ed0c60451d5a883d10e21afc630268\",\"name\":\"Vicky\",\"url\":\"https:\/\/thegoldenbun.com\/de\/author\/tgb\/\"}]}<\/script>\n<!-- \/ Yoast SEO plugin. -->","yoast_head_json":{"title":"The Golden Bun in der Die S\u00fcdtirolerin - The Golden Bun","robots":{"index":"index","follow":"follow","max-snippet":"max-snippet:-1","max-image-preview":"max-image-preview:large","max-video-preview":"max-video-preview:-1"},"canonical":"https:\/\/thegoldenbun.com\/de\/2012\/11\/the-golden-bun-in-der-die-sudtirolerin\/","og_locale":"de_DE","og_type":"article","og_title":"The Golden Bun in der Die S\u00fcdtirolerin - The Golden Bun","og_description":"click on the picture to enlarge zum Vergr\u00f6\u00dfern einfach aufs Bild klicken&#8230;Die S\u00fcdtirolerin &#8211; September Ausgabe 2012 DieS\u00fcdtirolerin.&nbsp;Im Sommer hatte ich ein kleines Interview mit der S\u00fcdtirolerin, eines der f\u00fchrenden Lifestyle-Magazine, wie der Namen ja schon sagt, in S\u00fcdtirol. Auch dieser Artikel ist super geworden und besonders sch\u00f6n, finde ich die Bildwahl. Eigentlich ist es schade, dass meine Lieblingsposts schon so weit nach hinten ger\u00fcckt sind, deshalb habe ich euch [&hellip;]","og_url":"https:\/\/thegoldenbun.com\/de\/2012\/11\/the-golden-bun-in-der-die-sudtirolerin\/","og_site_name":"The Golden Bun","article_publisher":"http:\/\/www.facebook.com\/thegoldenbun","article_published_time":"2012-11-15T09:05:00+00:00","article_modified_time":"2015-04-28T11:04:26+00:00","og_image":[{"width":1024,"height":722,"url":"https:\/\/thegoldenbun.com\/wp-content\/uploads\/2012\/11\/blogfeature1.jpg","type":"image\/jpeg"}],"twitter_card":"summary","twitter_creator":"@thegoldenbun","twitter_site":"@thegoldenbun","twitter_misc":{"Verfasst von":"Vicky","Gesch\u00e4tzte Lesezeit":"1\u00a0Minute"},"schema":{"@context":"https:\/\/schema.org","@graph":[{"@type":"WebSite","@id":"https:\/\/thegoldenbun.com\/#website","url":"https:\/\/thegoldenbun.com\/","name":"The Golden Bun","description":"Deutscher Reiseblog \/ Modeblog \/ Lifestyleblog \/ Berlin &amp; M\u00fcnchen \/ Reise &amp; Restaurant Tipps","potentialAction":[{"@type":"SearchAction","target":{"@type":"EntryPoint","urlTemplate":"https:\/\/thegoldenbun.com\/?s={search_term_string}"},"query-input":"required name=search_term_string"}],"inLanguage":"de"},{"@type":"ImageObject","inLanguage":"de","@id":"https:\/\/thegoldenbun.com\/de\/2012\/11\/the-golden-bun-in-der-die-sudtirolerin\/#primaryimage","url":"https:\/\/thegoldenbun.com\/wp-content\/uploads\/2012\/11\/blogfeature1.jpg","contentUrl":"https:\/\/thegoldenbun.com\/wp-content\/uploads\/2012\/11\/blogfeature1.jpg","width":1024,"height":722},{"@type":"WebPage","@id":"https:\/\/thegoldenbun.com\/de\/2012\/11\/the-golden-bun-in-der-die-sudtirolerin\/#webpage","url":"https:\/\/thegoldenbun.com\/de\/2012\/11\/the-golden-bun-in-der-die-sudtirolerin\/","name":"The Golden Bun in der Die S\u00fcdtirolerin - The Golden Bun","isPartOf":{"@id":"https:\/\/thegoldenbun.com\/#website"},"primaryImageOfPage":{"@id":"https:\/\/thegoldenbun.com\/de\/2012\/11\/the-golden-bun-in-der-die-sudtirolerin\/#primaryimage"},"datePublished":"2012-11-15T09:05:00+00:00","dateModified":"2015-04-28T11:04:26+00:00","author":{"@id":"https:\/\/thegoldenbun.com\/#\/schema\/person\/a8ed0c60451d5a883d10e21afc630268"},"breadcrumb":{"@id":"https:\/\/thegoldenbun.com\/de\/2012\/11\/the-golden-bun-in-der-die-sudtirolerin\/#breadcrumb"},"inLanguage":"de","potentialAction":[{"@type":"ReadAction","target":["https:\/\/thegoldenbun.com\/de\/2012\/11\/the-golden-bun-in-der-die-sudtirolerin\/"]}]},{"@type":"BreadcrumbList","@id":"https:\/\/thegoldenbun.com\/de\/2012\/11\/the-golden-bun-in-der-die-sudtirolerin\/#breadcrumb","itemListElement":[{"@type":"ListItem","position":1,"name":"Home","item":"https:\/\/thegoldenbun.com\/"},{"@type":"ListItem","position":2,"name":"The Golden Bun in der Die S\u00fcdtirolerin"}]},{"@type":"Person","@id":"https:\/\/thegoldenbun.com\/#\/schema\/person\/a8ed0c60451d5a883d10e21afc630268","name":"Vicky","url":"https:\/\/thegoldenbun.com\/de\/author\/tgb\/"}]}},"jetpack_featured_media_url":"https:\/\/thegoldenbun.com\/wp-content\/uploads\/2012\/11\/blogfeature1.jpg","jetpack_publicize_connections":[],"jetpack_sharing_enabled":true,"_links":{"self":[{"href":"https:\/\/thegoldenbun.com\/de\/wp-json\/wp\/v2\/posts\/721"}],"collection":[{"href":"https:\/\/thegoldenbun.com\/de\/wp-json\/wp\/v2\/posts"}],"about":[{"href":"https:\/\/thegoldenbun.com\/de\/wp-json\/wp\/v2\/types\/post"}],"author":[{"embeddable":true,"href":"https:\/\/thegoldenbun.com\/de\/wp-json\/wp\/v2\/users\/1"}],"replies":[{"embeddable":true,"href":"https:\/\/thegoldenbun.com\/de\/wp-json\/wp\/v2\/comments?post=721"}],"version-history":[{"count":0,"href":"https:\/\/thegoldenbun.com\/de\/wp-json\/wp\/v2\/posts\/721\/revisions"}],"wp:featuredmedia":[{"embeddable":true,"href":"https:\/\/thegoldenbun.com\/de\/wp-json\/wp\/v2\/media\/7932"}],"wp:attachment":[{"href":"https:\/\/thegoldenbun.com\/de\/wp-json\/wp\/v2\/media?parent=721"}],"wp:term":[{"taxonomy":"category","embeddable":true,"href":"https:\/\/thegoldenbun.com\/de\/wp-json\/wp\/v2\/categories?post=721"},{"taxonomy":"post_tag","embeddable":true,"href":"https:\/\/thegoldenbun.com\/de\/wp-json\/wp\/v2\/tags?post=721"}],"curies":[{"name":"wp","href":"https:\/\/api.w.org\/{rel}","templated":true}]}}