{"id":731,"date":"2012-11-04T12:52:00","date_gmt":"2012-11-04T11:52:00","guid":{"rendered":"http:\/\/thegoldenbun.net\/the-golden-bun-in-der-insudtirol"},"modified":"2015-04-26T18:25:14","modified_gmt":"2015-04-26T16:25:14","slug":"the-golden-bun-in-der-insudtirol","status":"publish","type":"post","link":"https:\/\/thegoldenbun.com\/de\/2012\/11\/the-golden-bun-in-der-insudtirol\/","title":{"rendered":"The Golden Bun in der InS\u00fcdtirol"},"content":{"rendered":"<div dir=\"ltr\" style=\"text-align: left;\">\n<div style=\"text-align: center;\"><span style=\"font-size: x-small;\"><img src=\"http:\/\/thegoldenbun.net\/wp-content\/uploads\/2012\/11\/insudtirol1.jpg\" style=\"height: 1px; width: 1px;\" \/> <img alt=\"InS\u00fcdtirol - The Golden Bun | www.thegoldenbun.com\" src=\"http:\/\/thegoldenbun.net\/wp-content\/uploads\/2012\/11\/insudtirol1.jpg\" style=\"height: auto; width: 1080px;\" \/><img alt=\"InS\u00fcdtirol - The Golden Bun | www.thegoldenbun.com\" src=\"http:\/\/thegoldenbun.net\/wp-content\/uploads\/2012\/11\/insudtirol2.jpg\" style=\"height: auto; width: 1080px;\" \/><img alt=\"InS\u00fcdtirol - The Golden Bun | www.thegoldenbun.com\" src=\"http:\/\/thegoldenbun.net\/wp-content\/uploads\/2012\/11\/insudtirol3.jpg\" style=\"height: auto; width: 1080px;\" \/> <\/span><\/div>\n<div style=\"text-align: center;\"><span style=\"font-size: x-small;\"><br \/><\/span><\/div>\n<div style=\"text-align: center;\"><span style=\"font-size: x-small;\">InS\u00fcdtirol Nr.36<\/span><\/p>\n<div style=\"text-align: justify;\"> <b>Feature. <\/b>I completely forgot about this feature in one of the lifestyle magazines back home. I felt so honored about it being feature with cover, imprint and a three pages story&#8230; Wish you a nice Sunday!<\/p>\n<p><i><b>Feature. <\/b>Ich habe v\u00f6llig vergessen, euch dieses Feature in einem der Lifestyle Magazine zuhause in S\u00fcdtirol zu zeigen. Ich hab mich so \u00fcber einen Beitrag mit Coverfoto, Impressum und einer dreiseitigen Story gefreut&#8230; Habt einen sch\u00f6nen Sonntag!<\/i> <\/p>\n<div style=\"text-align: center;\"><span style=\"color: #666666;\">lest den Artikel nach dem Break&#8230;<\/span><\/div>\n<p><a name='more'><\/a>  <\/p>\n<div style=\"text-align: center;\"><b>Mode wie sie mir gef\u00e4llt\u2026<\/b><\/div>\n<p> F\u00fcr die junge Boznerin Vicky Klieber ist Mode weit mehr als Geschmack, Trend und Stil. Sie betreibt erfolgreich einen Modeblog. Wie es dazu kam und welche Zukunftsperspektiven es f\u00fcr Blogger gibt, hat sie IN erz\u00e4hlt.<br \/><i>Von Eva Maria Wieser<\/i>&nbsp;      <i><\/i>\u201eIch m\u00f6chte etwas zur Verteidigung von Anna Wintour schreiben\u201c, erkl\u00e4rte Bloggerin Christine auf dem eben erst eingerichteten \u201eDaily Fashion Report\u201c auf der Webseite lookonline.com. Die amerikanische Vogue-Chefin sei nicht jener unbamherzige Eisblock, als der sie immer in der Presse dargestellt wird. Die Bloggerin habe sich schon mehrmals mit ihr unterhalten und sie wirke euphorisch \u2013 eben gar nicht kalt. Auch so k\u00f6nnen Revolutionen beginnen. An jenem kalten Februartag im Jahr 2002 wurde der erste Eintrag in einem der ersten Modeblogs verfasst. Heute, zehn Jahre sp\u00e4ter geht die Zahl solcher Blogs in die Tausende \u2013 Blogger haben die gesamte Modebranche revolutioniert. Die neuen Medien haben in der Branche eine Demokratisierung bewirkt. Wo fr\u00fcher das Gutd\u00fcnken der Modesch\u00f6pfer und Fachmagazinn wie Vogue herrschte, kann heute jeder seinen Beitrag zur Fashionindustrie leisten. Vorausgesetzt, man wird in der Fachwelt als Autorit\u00e4t respektiert, hat eine starke Leserschaft im R\u00fccken, welche das eigene Verst\u00e4ndnis unterst\u00fctzt. Modebloggerin zu sein ist f\u00fcr junge Frauen heute \u00e4hnlich begehrenswert, wie es in den neunziger Jahren ein Traum war, MTV-Moderatorin zu werden. Der Unterschied macht\u2019s: Man braucht keinen Sender, die Blogger k\u00f6nnen sofort durchstarten. In Internet-Tageb\u00fcchern werden eigene Eindr\u00fccke, Stra\u00dfenbeobachtungen und Berichte von Modeereignissen in Text und Bild zusammengefasst. Doch Blogger sind nicht einfach nur mehr Schreiberlinge, die ihren Senf zum aktuellen Modespektakel dazugeben. Nein, die Besten der Zunft nehmen neben Top-Journalisten, hochkar\u00e4tigen Sch\u00f6nheiten und bestbezahlten Schauspielern in der \u201efirst row\u201c der Fashionshows Platz. Was ihnen gef\u00e4llt, gef\u00e4llt der Leserschaft. Auch sie entscheiden \u00fcber Top oder Flop der n\u00e4chsten Saison. Der Input der sogenannten Influencer ist f\u00fcr die Modemacher wichtig. So k\u00f6nnen sie Trends beobachten und sich daran f\u00fcr die eigenen Kollektionen orientieren. Aber auch f\u00fcr Unternehmen, die online Mode verkaufen, kann die Meinung der Modeblogger von Bedeutung sein.&nbsp;      <u>Der goldene Dutt<\/u><br \/>Eine dieser neuen Modebloggerinnen ist Vicky Klieber. Die junge Boznerin studiert zwar noch nebenbei Architektur in M\u00fcnchen, aber \u201eArchitektur und Mode kann man sowieso wunderbar verbinden\u201c. Gesagt getan, und so betreibt sie seit gut zwei Jahr ihren Blog \u201ethe Golden Bun\u201c, was so viel bedeutet wie \u201eder goldene Dutt\u201c, abgeleitet von ihrer langen, golden schimmernden Haarpracht, die sie die meiste Zeit schnell zu einem bequemen Haarknoten hochsteckt. Mode war f\u00fcr die 20-J\u00e4hrige immer schon ein bedeutender Teil ihres Lebens. \u201eMeine Mutter hat Kindermode entworfen, w\u00e4hrend der Oberschule stie\u00df ich dann auf Fashion-Blogs und entdeckte, dass das genau meinen Interessen entspricht\u201c, berichtet die moderne Frau \u00fcber ihre Anf\u00e4nge. Fotos habe sie schon immer gerne geknipst, zuerst f\u00fcr sich, schlie\u00dflich, um sie online zu stellen und ein Feedback zu erhalten, eben um sich weiterzuentwickeln. Als sie dann in ihren Fotografien Mode zur Schau stellte, hat es tats\u00e4chlich \u201eKlick\u201c gemacht und pl\u00f6tzlich besuchten 2.000 bis 3.000 Fashioninteressierte ihren Blog. Inzwischen wurden auch Agenturen auf die junge Boznerin aufmerksam. So darf sie heute zu Presseterminen von Jimmy Choo, George Gina Lucy, Marccain, Hallhuber, Gina Tricot, Marcel Ostertag, Samsonite, Bruno Premi, L\u2019Oreal, Nelly.com, und Bomboogie, wo die Kollektionen der n\u00e4chsten Saison gezeigt werden oder geht schon mal zum Brunch mit Lola Paltinger. Auch auf diversen Shop-Er\u00f6ffnungen ist sie vertreten. \u201eSobald man in den Nachrichtenverteilern von Mode- und Presseagenturen aufgenommen wird, ist es einfach, eine Einladung zu bekommen. Manchmal wird man auch ausgew\u00e4hlt, wenn der Blogstyle zu dem der Firma passt\u201c, wei\u00df die Stilkritikerin mit dem Sommersprossengesicht. Auch bei der Berliner Fashionweek war sie schon dabei. \u201eEntweder die Designer schreiben dir oder du kannst dich selbst akkreditieren und sagen, du w\u00fcrdest gerne \u00fcber ihre Mode schreiben.\u201c Vicky st\u00f6ckelte in Berlin auf Shows der deutschen Designer, manchmal erh\u00e4lt sie auch eine Goodie Bag \u2013 ein kleines Willkommensgeschenk. Teilweise bekommt sie auch finanzielle Unterst\u00fctzung durch Sponsoring, Werbeschaltungen auf ihrem Blog oder eben kleine Geschenke.&nbsp;      <u>Outfits mit pers\u00f6nlicher Alltagsnote<\/u><br \/>Vicky ist zwar Gast bei gro\u00dfen Modedesignern, Designerkleidung von Kopf bis Fu\u00df kann sie sich dennoch nicht leisten. \u201eViele Blogger kaufen bei gro\u00dfen Ketten ein, diese St\u00fccke kann man sich noch leisten. Bei einflussreichen Bloggern sieht man manchmal tolle Teile, sogenannte It-Pieces, und die muss man dann halt haben\u201c, grinst sie verwegen. Auch sie zeigt gerne ihre Kleidung, ihre Leserinnen k\u00f6nnen sich so neue Trendkombinationen abschauen. Die pauschalen Verurteilungen der Blogs kennt sie: \u201eViele stehen Blogs im Allgemeinen sehr skeptisch gegen\u00fcber, diese Internetseiten werden schon mal als eingebildete Selbstdarstellung heruntergestuft\u201c, wei\u00df die Studentin \u201eaber mir ist das egal, ich liebe es zu fotografieren und meine Kleider zu zeigen.\u201c Das Thema w\u00e4hlt sie ja nach Trend und Outfit aus, aufgefrischt mit einer pers\u00f6nlichen Alltagsnote. \u201eIn den Zeitschriften werden manchmal Kleidungsst\u00fccke pr\u00e4sentiert, die man im Alltag nicht anziehen kann. Es ist ein Vorteil f\u00fcr Leserinnen, wenn die Mode am gew\u00f6hnlichen Menschen gezeigt wird\u201c, begr\u00fcndet die Modeexpertin. Sie w\u00fcrde auch ohne jeglichen Verdienst an ihrem Blog festhalten. Denn f\u00fcr sie ist ihr Blog nicht nur Einnahmequelle, sondern auch ein wesentlicher Teil ihres Seins. Sie verbringt \u00f6fters Stunden damit, Fotos eines Shootings auszusuchen und dazu den Text in Deutsch und in Englisch zu verfassen. Durch die vielen englischsprachigen Kommentare wei\u00df sie, dass sie auch internationale Leserinnen anspricht. W\u00fcnschen w\u00fcrde sie sich, dass ihr Blog noch bekannter wird. Und sie so auch weiterhin neben den Topjournalisten bei den gro\u00dfen Fashionshows, in der ersten Reihe sitzen darf.   <\/p>\n<div><\/div>\n<p><!--EndFragment--><\/div>\n<\/div>\n<\/div>\n","protected":false},"excerpt":{"rendered":"<p>InS\u00fcdtirol Nr.36 Feature. I completely forgot about this feature in one of the lifestyle magazines back home. I felt so honored about it being feature with cover, imprint and a three pages story&#8230; Wish you a nice Sunday! Feature. Ich habe v\u00f6llig vergessen, euch dieses Feature in einem der Lifestyle Magazine zuhause in S\u00fcdtirol zu zeigen. Ich hab mich so \u00fcber einen Beitrag mit Coverfoto, Impressum und einer dreiseitigen Story [&hellip;]<\/p>\n","protected":false},"author":1,"featured_media":8238,"comment_status":"open","ping_status":"open","sticky":false,"template":"","format":"standard","meta":{"_exactmetrics_skip_tracking":false,"_exactmetrics_sitenote_active":false,"_exactmetrics_sitenote_note":"","_exactmetrics_sitenote_category":0,"spay_email":"","jetpack_publicize_message":"","jetpack_is_tweetstorm":false,"jetpack_publicize_feature_enabled":true},"categories":[57],"tags":[],"acf":[],"yoast_head":"<!-- This site is optimized with the Yoast SEO plugin v18.9 - https:\/\/yoast.com\/wordpress\/plugins\/seo\/ -->\n<title>The Golden Bun in der InS\u00fcdtirol - The Golden Bun<\/title>\n<meta name=\"robots\" content=\"index, follow, max-snippet:-1, max-image-preview:large, max-video-preview:-1\" \/>\n<link rel=\"canonical\" href=\"https:\/\/thegoldenbun.com\/de\/2012\/11\/the-golden-bun-in-der-insudtirol\/\" \/>\n<meta property=\"og:locale\" content=\"de_DE\" \/>\n<meta property=\"og:type\" content=\"article\" \/>\n<meta property=\"og:title\" content=\"The Golden Bun in der InS\u00fcdtirol - The Golden Bun\" \/>\n<meta property=\"og:description\" content=\"InS\u00fcdtirol Nr.36 Feature. I completely forgot about this feature in one of the lifestyle magazines back home. I felt so honored about it being feature with cover, imprint and a three pages story&#8230; Wish you a nice Sunday! Feature. Ich habe v\u00f6llig vergessen, euch dieses Feature in einem der Lifestyle Magazine zuhause in S\u00fcdtirol zu zeigen. Ich hab mich so \u00fcber einen Beitrag mit Coverfoto, Impressum und einer dreiseitigen Story [&hellip;]\" \/>\n<meta property=\"og:url\" content=\"https:\/\/thegoldenbun.com\/de\/2012\/11\/the-golden-bun-in-der-insudtirol\/\" \/>\n<meta property=\"og:site_name\" content=\"The Golden Bun\" \/>\n<meta property=\"article:publisher\" content=\"http:\/\/www.facebook.com\/thegoldenbun\" \/>\n<meta property=\"article:published_time\" content=\"2012-11-04T11:52:00+00:00\" \/>\n<meta property=\"article:modified_time\" content=\"2015-04-26T16:25:14+00:00\" \/>\n<meta property=\"og:image\" content=\"https:\/\/thegoldenbun.com\/wp-content\/uploads\/2012\/11\/insudtirol1.jpg\" \/>\n\t<meta property=\"og:image:width\" content=\"1024\" \/>\n\t<meta property=\"og:image:height\" content=\"683\" \/>\n\t<meta property=\"og:image:type\" content=\"image\/jpeg\" \/>\n<meta name=\"twitter:card\" content=\"summary\" \/>\n<meta name=\"twitter:creator\" content=\"@thegoldenbun\" \/>\n<meta name=\"twitter:site\" content=\"@thegoldenbun\" \/>\n<meta name=\"twitter:label1\" content=\"Verfasst von\" \/>\n\t<meta name=\"twitter:data1\" content=\"Vicky\" \/>\n\t<meta name=\"twitter:label2\" content=\"Gesch\u00e4tzte Lesezeit\" \/>\n\t<meta name=\"twitter:data2\" content=\"5\u00a0Minuten\" \/>\n<script type=\"application\/ld+json\" class=\"yoast-schema-graph\">{\"@context\":\"https:\/\/schema.org\",\"@graph\":[{\"@type\":\"WebSite\",\"@id\":\"https:\/\/thegoldenbun.com\/#website\",\"url\":\"https:\/\/thegoldenbun.com\/\",\"name\":\"The Golden Bun\",\"description\":\"Deutscher Reiseblog \/ Modeblog \/ Lifestyleblog \/ Berlin &amp; M\u00fcnchen \/ Reise &amp; Restaurant Tipps\",\"potentialAction\":[{\"@type\":\"SearchAction\",\"target\":{\"@type\":\"EntryPoint\",\"urlTemplate\":\"https:\/\/thegoldenbun.com\/?s={search_term_string}\"},\"query-input\":\"required name=search_term_string\"}],\"inLanguage\":\"de\"},{\"@type\":\"ImageObject\",\"inLanguage\":\"de\",\"@id\":\"https:\/\/thegoldenbun.com\/de\/2012\/11\/the-golden-bun-in-der-insudtirol\/#primaryimage\",\"url\":\"https:\/\/thegoldenbun.com\/wp-content\/uploads\/2012\/11\/insudtirol1.jpg\",\"contentUrl\":\"https:\/\/thegoldenbun.com\/wp-content\/uploads\/2012\/11\/insudtirol1.jpg\",\"width\":1024,\"height\":683},{\"@type\":\"WebPage\",\"@id\":\"https:\/\/thegoldenbun.com\/de\/2012\/11\/the-golden-bun-in-der-insudtirol\/#webpage\",\"url\":\"https:\/\/thegoldenbun.com\/de\/2012\/11\/the-golden-bun-in-der-insudtirol\/\",\"name\":\"The Golden Bun in der InS\u00fcdtirol - The Golden Bun\",\"isPartOf\":{\"@id\":\"https:\/\/thegoldenbun.com\/#website\"},\"primaryImageOfPage\":{\"@id\":\"https:\/\/thegoldenbun.com\/de\/2012\/11\/the-golden-bun-in-der-insudtirol\/#primaryimage\"},\"datePublished\":\"2012-11-04T11:52:00+00:00\",\"dateModified\":\"2015-04-26T16:25:14+00:00\",\"author\":{\"@id\":\"https:\/\/thegoldenbun.com\/#\/schema\/person\/a8ed0c60451d5a883d10e21afc630268\"},\"breadcrumb\":{\"@id\":\"https:\/\/thegoldenbun.com\/de\/2012\/11\/the-golden-bun-in-der-insudtirol\/#breadcrumb\"},\"inLanguage\":\"de\",\"potentialAction\":[{\"@type\":\"ReadAction\",\"target\":[\"https:\/\/thegoldenbun.com\/de\/2012\/11\/the-golden-bun-in-der-insudtirol\/\"]}]},{\"@type\":\"BreadcrumbList\",\"@id\":\"https:\/\/thegoldenbun.com\/de\/2012\/11\/the-golden-bun-in-der-insudtirol\/#breadcrumb\",\"itemListElement\":[{\"@type\":\"ListItem\",\"position\":1,\"name\":\"Home\",\"item\":\"https:\/\/thegoldenbun.com\/\"},{\"@type\":\"ListItem\",\"position\":2,\"name\":\"The Golden Bun in der InS\u00fcdtirol\"}]},{\"@type\":\"Person\",\"@id\":\"https:\/\/thegoldenbun.com\/#\/schema\/person\/a8ed0c60451d5a883d10e21afc630268\",\"name\":\"Vicky\",\"url\":\"https:\/\/thegoldenbun.com\/de\/author\/tgb\/\"}]}<\/script>\n<!-- \/ Yoast SEO plugin. -->","yoast_head_json":{"title":"The Golden Bun in der InS\u00fcdtirol - The Golden Bun","robots":{"index":"index","follow":"follow","max-snippet":"max-snippet:-1","max-image-preview":"max-image-preview:large","max-video-preview":"max-video-preview:-1"},"canonical":"https:\/\/thegoldenbun.com\/de\/2012\/11\/the-golden-bun-in-der-insudtirol\/","og_locale":"de_DE","og_type":"article","og_title":"The Golden Bun in der InS\u00fcdtirol - The Golden Bun","og_description":"InS\u00fcdtirol Nr.36 Feature. I completely forgot about this feature in one of the lifestyle magazines back home. I felt so honored about it being feature with cover, imprint and a three pages story&#8230; Wish you a nice Sunday! Feature. Ich habe v\u00f6llig vergessen, euch dieses Feature in einem der Lifestyle Magazine zuhause in S\u00fcdtirol zu zeigen. Ich hab mich so \u00fcber einen Beitrag mit Coverfoto, Impressum und einer dreiseitigen Story [&hellip;]","og_url":"https:\/\/thegoldenbun.com\/de\/2012\/11\/the-golden-bun-in-der-insudtirol\/","og_site_name":"The Golden Bun","article_publisher":"http:\/\/www.facebook.com\/thegoldenbun","article_published_time":"2012-11-04T11:52:00+00:00","article_modified_time":"2015-04-26T16:25:14+00:00","og_image":[{"width":1024,"height":683,"url":"https:\/\/thegoldenbun.com\/wp-content\/uploads\/2012\/11\/insudtirol1.jpg","type":"image\/jpeg"}],"twitter_card":"summary","twitter_creator":"@thegoldenbun","twitter_site":"@thegoldenbun","twitter_misc":{"Verfasst von":"Vicky","Gesch\u00e4tzte Lesezeit":"5\u00a0Minuten"},"schema":{"@context":"https:\/\/schema.org","@graph":[{"@type":"WebSite","@id":"https:\/\/thegoldenbun.com\/#website","url":"https:\/\/thegoldenbun.com\/","name":"The Golden Bun","description":"Deutscher Reiseblog \/ Modeblog \/ Lifestyleblog \/ Berlin &amp; M\u00fcnchen \/ Reise &amp; Restaurant Tipps","potentialAction":[{"@type":"SearchAction","target":{"@type":"EntryPoint","urlTemplate":"https:\/\/thegoldenbun.com\/?s={search_term_string}"},"query-input":"required name=search_term_string"}],"inLanguage":"de"},{"@type":"ImageObject","inLanguage":"de","@id":"https:\/\/thegoldenbun.com\/de\/2012\/11\/the-golden-bun-in-der-insudtirol\/#primaryimage","url":"https:\/\/thegoldenbun.com\/wp-content\/uploads\/2012\/11\/insudtirol1.jpg","contentUrl":"https:\/\/thegoldenbun.com\/wp-content\/uploads\/2012\/11\/insudtirol1.jpg","width":1024,"height":683},{"@type":"WebPage","@id":"https:\/\/thegoldenbun.com\/de\/2012\/11\/the-golden-bun-in-der-insudtirol\/#webpage","url":"https:\/\/thegoldenbun.com\/de\/2012\/11\/the-golden-bun-in-der-insudtirol\/","name":"The Golden Bun in der InS\u00fcdtirol - The Golden Bun","isPartOf":{"@id":"https:\/\/thegoldenbun.com\/#website"},"primaryImageOfPage":{"@id":"https:\/\/thegoldenbun.com\/de\/2012\/11\/the-golden-bun-in-der-insudtirol\/#primaryimage"},"datePublished":"2012-11-04T11:52:00+00:00","dateModified":"2015-04-26T16:25:14+00:00","author":{"@id":"https:\/\/thegoldenbun.com\/#\/schema\/person\/a8ed0c60451d5a883d10e21afc630268"},"breadcrumb":{"@id":"https:\/\/thegoldenbun.com\/de\/2012\/11\/the-golden-bun-in-der-insudtirol\/#breadcrumb"},"inLanguage":"de","potentialAction":[{"@type":"ReadAction","target":["https:\/\/thegoldenbun.com\/de\/2012\/11\/the-golden-bun-in-der-insudtirol\/"]}]},{"@type":"BreadcrumbList","@id":"https:\/\/thegoldenbun.com\/de\/2012\/11\/the-golden-bun-in-der-insudtirol\/#breadcrumb","itemListElement":[{"@type":"ListItem","position":1,"name":"Home","item":"https:\/\/thegoldenbun.com\/"},{"@type":"ListItem","position":2,"name":"The Golden Bun in der InS\u00fcdtirol"}]},{"@type":"Person","@id":"https:\/\/thegoldenbun.com\/#\/schema\/person\/a8ed0c60451d5a883d10e21afc630268","name":"Vicky","url":"https:\/\/thegoldenbun.com\/de\/author\/tgb\/"}]}},"jetpack_featured_media_url":"https:\/\/thegoldenbun.com\/wp-content\/uploads\/2012\/11\/insudtirol1.jpg","jetpack_publicize_connections":[],"jetpack_sharing_enabled":true,"_links":{"self":[{"href":"https:\/\/thegoldenbun.com\/de\/wp-json\/wp\/v2\/posts\/731"}],"collection":[{"href":"https:\/\/thegoldenbun.com\/de\/wp-json\/wp\/v2\/posts"}],"about":[{"href":"https:\/\/thegoldenbun.com\/de\/wp-json\/wp\/v2\/types\/post"}],"author":[{"embeddable":true,"href":"https:\/\/thegoldenbun.com\/de\/wp-json\/wp\/v2\/users\/1"}],"replies":[{"embeddable":true,"href":"https:\/\/thegoldenbun.com\/de\/wp-json\/wp\/v2\/comments?post=731"}],"version-history":[{"count":0,"href":"https:\/\/thegoldenbun.com\/de\/wp-json\/wp\/v2\/posts\/731\/revisions"}],"wp:featuredmedia":[{"embeddable":true,"href":"https:\/\/thegoldenbun.com\/de\/wp-json\/wp\/v2\/media\/8238"}],"wp:attachment":[{"href":"https:\/\/thegoldenbun.com\/de\/wp-json\/wp\/v2\/media?parent=731"}],"wp:term":[{"taxonomy":"category","embeddable":true,"href":"https:\/\/thegoldenbun.com\/de\/wp-json\/wp\/v2\/categories?post=731"},{"taxonomy":"post_tag","embeddable":true,"href":"https:\/\/thegoldenbun.com\/de\/wp-json\/wp\/v2\/tags?post=731"}],"curies":[{"name":"wp","href":"https:\/\/api.w.org\/{rel}","templated":true}]}}